{"id":148785,"date":"2025-06-03T11:33:09","date_gmt":"2025-06-03T11:33:09","guid":{"rendered":"https:\/\/www.europesays.com\/fr\/148785\/"},"modified":"2025-06-03T11:33:09","modified_gmt":"2025-06-03T11:33:09","slug":"ca-chauffe-entre-eelv-et-lfi-apres-la-suspension-des-zfe","status":"publish","type":"post","link":"https:\/\/www.europesays.com\/fr\/148785\/","title":{"rendered":"\u00e7a chauffe entre EELV et LFI apr\u00e8s la suspension des ZFE"},"content":{"rendered":"<p>Qualifi\u00e9s de \u00abgroupe populiste\u00bb par Gr\u00e9gory Doucet apr\u00e8s avoir vot\u00e9 pour la suppression des zones \u00e0 faibles \u00e9missions, les \u00e9lus de la France insoumise lyonnais reprochent au maire \u00abdes amalgames inacceptables\u00bb.<\/p>\n<p class=\"fig-paragraph\">La suppression par\u00a0<a href=\"http:\/\/www.lefigaro.fr\/actualite-france\/le-gueux-retrouve-sa-dignite-apres-la-suppression-des-zfe-les-opposants-crient-victoire-20250529\" data-fig-type=\"Article\" data-gtm-custom-categorie=\"navigation\" data-gtm-custom-action=\"crossclick\" data-gtm-custom-label=\"Contextuel\" data-gtm-event=\"customEventSPE\" data-fig-domain=\"LEFIGARO\" rel=\"nofollow noopener\" target=\"_blank\">l\u2019Assembl\u00e9e nationale du dispositif des zones \u00e0 faibles \u00e9missions (ZFE)<\/a>\u00a0le 28 mai dernier a raviv\u00e9 les tensions \u00e0 Lyon entre EELV et LFI. Les deux partis, pourtant alli\u00e9s \u00e0 la ville comme \u00e0 la m\u00e9tropole, se sont affront\u00e9s sur les r\u00e9seaux sociaux au sujet de la fin des ZFE. Gr\u00e9gory Doucet, a rapidement d\u00e9nonc\u00e9 dans un communiqu\u00e9 \u00abun vote contre la sant\u00e9\u00bb port\u00e9 par des \u00abgroupes populistes de tout bord\u00bb, renvoyant dos \u00e0 dos LFI et RN. Bruno Bernard, pr\u00e9sident de la m\u00e9tropole, a lui point\u00e9 du doigt \u00abune vague populiste\u00bb et des \u00e9lus qui \u00abont vot\u00e9 leur propre irresponsabilit\u00e9\u00bb.<\/p>\n<p class=\"fig-body-link\">\n            \u00c0 lire aussi<br \/>\n        <a class=\"fig-body-link__link\" href=\"http:\/\/www.lefigaro.fr\/lyon\/c-est-une-honte-a-lyon-ces-conducteurs-de-crit-air-3-n-ont-pas-l-intention-de-changer-de-vehicule-20250103\" data-fig-type=\"NewsFlash\" data-gtm-custom-categorie=\"navigation\" data-gtm-custom-action=\"crossclick\" data-gtm-custom-label=\"Contextuel\" data-gtm-event=\"customEventSPE\" data-fig-domain=\"LEFIGARO\" rel=\"nofollow noopener\" target=\"_blank\">\u00abC\u2019est une honte\u00bb\u00a0: \u00e0 Lyon, ces conducteurs de \u00abCrit\u2019Air 3\u00bb n\u2019ont pas l\u2019intention de changer de v\u00e9hicule<br \/>\n    <\/a>\n<\/p>\n<p>\u00abDes amalgames inacceptables\u00bb<\/p>\n<p class=\"fig-paragraph\">C\u00f4t\u00e9 Insoumis,\u00a0<a href=\"http:\/\/www.lefigaro.fr\/lyon\/a-lyon-la-gauche-ecologiste-au-defi-de-la-desunion-20250324\" data-fig-type=\"NewsFlash\" data-gtm-custom-categorie=\"navigation\" data-gtm-custom-action=\"crossclick\" data-gtm-custom-label=\"Contextuel\" data-gtm-event=\"customEventSPE\" data-fig-domain=\"LEFIGARO\" rel=\"nofollow noopener\" target=\"_blank\">dont l\u2019envie de faire bande \u00e0 part \u00e0 gauche pour les \u00e9lections municipales de 2026<\/a>\u00a0semble se renforcer chaque jour, ces critiques ont \u00e9t\u00e9 re\u00e7ues plut\u00f4t froidement. \u00abNon, M. Doucet. Non, M. Bernard. Nous refusons d\u2019\u00eatre assimil\u00e9s au Rassemblement national quand nous d\u00e9fendons la justice sociale et l\u2019\u00e9cologie populaire. Nous mettre sur le m\u00eame plan est ridicule et dangereux\u00bb, a r\u00e9pondu sur X la d\u00e9put\u00e9e lyonnaise Ana\u00efs Belouassa-Cherifi, dont le nom est par ailleurs \u00e9voqu\u00e9 dans le cadre d\u2019une possible candidature \u00e0 Lyon en 2026. Puis de d\u00e9noncer \u00abdes amalgames inacceptables\u00bb entre son parti et \u00abl\u2019extr\u00eame droite, une force identitaire, lib\u00e9rale, qui attaque les droits humains et sociaux\u00bb.<\/p>\n<p class=\"fig-body-link\">\n            \u00c0 lire aussi<br \/>\n        <a class=\"fig-body-link__link\" href=\"http:\/\/www.lefigaro.fr\/lyon\/la-tendance-est-a-ce-que-l-on-affirme-nos-positions-a-lyon-lfi-tentee-de-faire-cavalier-seul-a-gauche-20250522\" data-fig-type=\"NewsFlash\" data-gtm-custom-categorie=\"navigation\" data-gtm-custom-action=\"crossclick\" data-gtm-custom-label=\"Contextuel\" data-gtm-event=\"customEventSPE\" data-fig-domain=\"LEFIGARO\" rel=\"nofollow noopener\" target=\"_blank\">\u00abLa tendance est \u00e0 ce que l\u2019on affirme nos positions\u00bb\u00a0: \u00e0 Lyon, LFI tent\u00e9e de faire cavalier seul \u00e0 gauche<br \/>\n    <\/a>\n<\/p>\n<p class=\"fig-paragraph\">Des \u00abattaques politiciennes\u00bb, d\u00e9plore l\u2019\u00e9lue LFI et des \u00abraccourcis dangereux dans lesquels vous (Gr\u00e9gory Doucet et Bruno Bernard, NDLR) d\u00e9r\u00e9glez votre pens\u00e9e et boussole politique\u00a0\u00bb. Ambiance, \u00e0 moins d\u2019un an des municipales.<\/p>\n","protected":false},"excerpt":{"rendered":"Qualifi\u00e9s de \u00abgroupe populiste\u00bb par Gr\u00e9gory Doucet apr\u00e8s avoir vot\u00e9 pour la suppression des zones \u00e0 faibles \u00e9missions,&hellip;\n","protected":false},"author":2,"featured_media":148786,"comment_status":"","ping_status":"","sticky":false,"template":"","format":"standard","meta":{"footnotes":""},"categories":[2821],"tags":[1111,11,5273,2430,5299,5272,829,5312,5296,5285,2286,1777,674,5293,1011,27,5303,5311,5301,5279,5275,5313,5276,5300,5302,5280,5298,5281,5306,5305,5308,5309,5284,5294,5297,5269,5271,5268,5270,5267,780,2428,5295,5307,5277,5304,5283,12,978,5274,584,25,2431,5314,5288,5292,5289,5291,5290,5315,5282,5286,5310,5287,5278,3748],"class_list":{"0":"post-148785","1":"post","2":"type-post","3":"status-publish","4":"format-standard","5":"has-post-thumbnail","7":"category-rennes","8":"tag-actu","9":"tag-actualites","10":"tag-ainay","11":"tag-auvergne-rhone-alpes","12":"tag-bellecombe","13":"tag-bellecour","14":"tag-bretagne","15":"tag-champvert-nord","16":"tag-champvert-sud","17":"tag-clos-jouve","18":"tag-eelv","19":"tag-eu","20":"tag-europe","21":"tag-fourviere","22":"tag-fr","23":"tag-france","24":"tag-gerland","25":"tag-gorge-de-loup","26":"tag-jean-mace","27":"tag-la-buire","28":"tag-la-confluence","29":"tag-la-duchere","30":"tag-la-guillotiere-nord-prefecture","31":"tag-la-guillotiere-sud","32":"tag-la-mouche","33":"tag-la-part-dieu","34":"tag-la-tete-dor","35":"tag-la-villette","36":"tag-laennec","37":"tag-le-bachut","38":"tag-le-grand-trou","39":"tag-le-moulin-a-vent","40":"tag-le-plateau-de-la-croix-rousse","41":"tag-le-point-du-jour","42":"tag-les-brotteaux","43":"tag-les-chartreux","44":"tag-les-cordeliers","45":"tag-les-pentes-de-la-croix-rousse","46":"tag-les-terreaux","47":"tag-les-traboules","48":"tag-lfi","49":"tag-lyon","50":"tag-menival","51":"tag-mermoz","52":"tag-moncey","53":"tag-monplaisir","54":"tag-montchat","55":"tag-news","56":"tag-olympique-lyonnais","57":"tag-perrache","58":"tag-rennes","59":"tag-republique-francaise","60":"tag-rhone-alpes","61":"tag-rochecardon-industrie","62":"tag-saint-georges","63":"tag-saint-irenee","64":"tag-saint-jean","65":"tag-saint-just","66":"tag-saint-paul","67":"tag-saint-rambert-lile-barbe","68":"tag-sans-souci-dauphine","69":"tag-serin-saint-charles","70":"tag-vaise","71":"tag-vieux-lyon","72":"tag-voltaire","73":"tag-zfe-m-zones-a-faibles-emissions-mobilite"},"share_on_mastodon":{"url":"","error":"Validation failed: Text character limit of 500 exceeded"},"_links":{"self":[{"href":"https:\/\/www.europesays.com\/fr\/wp-json\/wp\/v2\/posts\/148785","targetHints":{"allow":["GET"]}}],"collection":[{"href":"https:\/\/www.europesays.com\/fr\/wp-json\/wp\/v2\/posts"}],"about":[{"href":"https:\/\/www.europesays.com\/fr\/wp-json\/wp\/v2\/types\/post"}],"author":[{"embeddable":true,"href":"https:\/\/www.europesays.com\/fr\/wp-json\/wp\/v2\/users\/2"}],"replies":[{"embeddable":true,"href":"https:\/\/www.europesays.com\/fr\/wp-json\/wp\/v2\/comments?post=148785"}],"version-history":[{"count":0,"href":"https:\/\/www.europesays.com\/fr\/wp-json\/wp\/v2\/posts\/148785\/revisions"}],"wp:featuredmedia":[{"embeddable":true,"href":"https:\/\/www.europesays.com\/fr\/wp-json\/wp\/v2\/media\/148786"}],"wp:attachment":[{"href":"https:\/\/www.europesays.com\/fr\/wp-json\/wp\/v2\/media?parent=148785"}],"wp:term":[{"taxonomy":"category","embeddable":true,"href":"https:\/\/www.europesays.com\/fr\/wp-json\/wp\/v2\/categories?post=148785"},{"taxonomy":"post_tag","embeddable":true,"href":"https:\/\/www.europesays.com\/fr\/wp-json\/wp\/v2\/tags?post=148785"}],"curies":[{"name":"wp","href":"https:\/\/api.w.org\/{rel}","templated":true}]}}