{"id":148789,"date":"2025-06-03T11:35:11","date_gmt":"2025-06-03T11:35:11","guid":{"rendered":"https:\/\/www.europesays.com\/fr\/148789\/"},"modified":"2025-06-03T11:35:11","modified_gmt":"2025-06-03T11:35:11","slug":"bischheim-concerts-theatre-cinema-lete-sera-festif-avec-la-riche-programmation-des-beaux-jours","status":"publish","type":"post","link":"https:\/\/www.europesays.com\/fr\/148789\/","title":{"rendered":"Bischheim. Concerts, th\u00e9\u00e2tre, cin\u00e9ma&#8230; L\u2019\u00e9t\u00e9 sera festif avec la riche programmation des Beaux Jours"},"content":{"rendered":"<p>Les Beaux Jours <a href=\"https:\/\/www.dna.fr\/culture-loisirs\/2024\/06\/04\/retour-des-beaux-jours-a-partir-du-5-juin\" target=\"_blank\" rel=\"noopener\">reviennent<\/a> \u00e0 Bischheim pour \u00e9gayer votre \u00e9t\u00e9\u00a0! Du mercredi 4\u00a0juin au dimanche 7\u00a0septembre, la Ville propose une s\u00e9rie d\u2019animations gratuites et \u00e9clectiques, principalement au parc Wodli mais aussi dans d\u2019autres lieux de la ville\u00a0: <a href=\"https:\/\/www.dna.fr\/culture-loisirs\/2025\/02\/17\/avec-10-000-visites-lors-de-sa-premiere-annee-le-sapin-vert-ne-rougit-pas-de-son-succes\" target=\"_blank\" rel=\"noopener\">le Sapin vert<\/a> , le Guirbaden, la Salle du Cercle\u2026 Ces rendez-vous en fin de journ\u00e9e sont l\u2019occasion de partager des moments conviviaux en famille ou entre amis, avec la pr\u00e9sence de food trucks pour se restaurer.<\/p>\n<p>Pr\u00e9parez-vous \u00e0 une programmation musicale vari\u00e9e, allant du folk, avec 20 Seconds of Joy en d\u00e9but d\u2019\u00e9t\u00e9, \u00e0 des reprises blues rock endiabl\u00e9es avec Market Station le 10\u00a0juillet. Le Jazz band de Haguenau apportera des rythmes latins, bossa nova et salsa le 21\u00a0ao\u00fbt. Les amateurs de danse appr\u00e9cieront \u00a0! Samedi 7\u00a0juin, un th\u00e9 dansant sera anim\u00e9 par le groupe Dany show au parc Wodli, avec la possibilit\u00e9 de danser le madison. Les professeurs de danse de l\u2019\u00e9cole de musique et de danse seront \u00e9galement pr\u00e9sents pour valoriser leurs \u00e9l\u00e8ves lors de soir\u00e9es comme celle du 12\u00a0juin avec le Big band.<\/p>\n<p>  Projections en plein air et spectacles familiaux<\/p>\n<p><a href=\"https:\/\/www.dna.fr\/culture-loisirs\/2021\/03\/27\/culture-en-attendant-des-eaux-jours-hors-les-murs\" target=\"_blank\" rel=\"noopener\">Alexandre Michta, directeur des affaires culturelles<\/a> de la ville de Bischheim, annonce des ambiances tr\u00e8s joyeuses avec Outed, le 26\u00a0juin, la Fanfare balkanique et le quatuor Tournesol le 3\u00a0juillet. D\u2019autres lieux de Bischheim accueilleront les Beaux Jours. Ce sera le cas <a href=\"https:\/\/www.dna.fr\/education\/2025\/06\/02\/apres-trois-ans-de-travaux-le-college-du-ried-devient-officiellement-le-college-alice-daul\" target=\"_blank\" rel=\"noopener\">du coll\u00e8ge Alice-Daul<\/a> (ancien coll\u00e8ge Le Ried) qui verra se produire les \u00e9l\u00e8ves des classes de percussions de l\u2019\u00e9cole de musique et la chorale du coll\u00e8ge le 13\u00a0juin. <\/p>\n<p>Ce contenu est bloqu\u00e9 car vous n&rsquo;avez pas accept\u00e9 les cookies et autres traceurs.<\/p>\n<p>En cliquant sur \u00ab J\u2019accepte \u00bb, les cookies et autres traceurs seront d\u00e9pos\u00e9s et vous pourrez visualiser les contenus  (<a href=\"\" class=\"consentModule_policy\" target=\"_blank\" title=\"Consulter la politique de protection des donn\u00e9es du fournisseur\">plus d&rsquo;informations<\/a>).<\/p>\n<p>En cliquant sur \u00ab J\u2019accepte tous les cookies \u00bb, vous autorisez des d\u00e9p\u00f4ts de cookies et autres traceurs pour le stockage de vos donn\u00e9es sur nos sites et applications \u00e0 des fins de personnalisation et de ciblage publicitaire.<\/p>\n<p class=\"consentModule_secondaryText\">Vous gardez la possibilit\u00e9 de retirer votre consentement \u00e0 tout moment en consultant notre <a href=\"https:\/\/www.dna.fr\/protection-des-donnees\" target=\"_blank\" title=\"Consulter notre politique de protection des donn\u00e9es\" rel=\"noopener\">politique de protection des donn\u00e9es<\/a>. <br \/>&#13;<br \/>\n            <a href=\"https:\/\/www.dna.fr\/culture-loisirs\/2025\/06\/03\/javascript:Didomi.notice.show()\" class=\"consentModule_cmp\" target=\"_blank\" rel=\"noopener\">G\u00e9rer mes choix<\/a>&#13;\n        <\/p>\n<p>&#13;<br \/>\n                        J&rsquo;accepte&#13;<br \/>\n            J&rsquo;accepte tous les cookies&#13;\n        <\/p>\n<p>Le <a href=\"https:\/\/www.dna.fr\/culture-loisirs\/2025\/05\/29\/11-ans-apres-le-technicentre-sncf-ouvre-a-nouveau-ses-portes-au-public\" target=\"_blank\" rel=\"noopener\">Technicentre de Bischheim<\/a> proposera un concert de saxophones et de percussions africaines le 14\u00a0juin, sur inscription. La plaine de jeux du Guirbaden accueillera deux spectacles familiaux \u00a0: \u00ab\u00a0Quand je serai un grand\u00a0\u00bb, un spectacle de cirque le 18\u00a0juin, et \u00ab\u00a0Le Cabaret d\u2019Azar\u00a0\u00bb de la compagnie des Zanimos le 5\u00a0ao\u00fbt (un atelier autour des marionnettes sera propos\u00e9 avant la repr\u00e9sentation). Nouveaut\u00e9 cette ann\u00e9e\u00a0: le cin\u00e9ma de plein air s\u2019installe dans le jardin du Sapin Vert le 5\u00a0septembre avec le film familial  Chicken Run. Des animations pr\u00e9c\u00e9deront la projection.<\/p>\n<p>Le 7\u00a0septembre marquera la rentr\u00e9e culturelle et co\u00efncidera avec le vide-grenier de la ville, rue Nationale. L\u2019\u00e9cole de musique et de danse ouvrira ses portes l\u2019apr\u00e8s-midi. Parmi les animations, le concert de cl\u00f4ture des Beaux Jours par le Duo Private Covers et des reprises de standards de vari\u00e9t\u00e9.<\/p>\n<p class=\"note\">Au total, 24 dates \u00e0 retrouver dans le programme complet des Beaux Jours, disponible en mairie, au Sapin vert et sur le site de la Ville de Bischheim. Infos : https\u00a0:\/\/www.bischheim.alsace\/mes-loisirs\/festivites\/les-beaux-jours<\/p>\n","protected":false},"excerpt":{"rendered":"Les Beaux Jours reviennent \u00e0 Bischheim pour \u00e9gayer votre \u00e9t\u00e9\u00a0! Du mercredi 4\u00a0juin au dimanche 7\u00a0septembre, la Ville&hellip;\n","protected":false},"author":2,"featured_media":148790,"comment_status":"","ping_status":"","sticky":false,"template":"","format":"standard","meta":{"footnotes":""},"categories":[2820],"tags":[1111,11,13205,1687,2880,27337,1777,674,107,1011,27,775,12,4043,25,953,3140,640,3265],"class_list":{"0":"post-148789","1":"post","2":"type-post","3":"status-publish","4":"format-standard","5":"has-post-thumbnail","7":"category-strasbourg","8":"tag-actu","9":"tag-actualites","10":"tag-bischheim","11":"tag-culture-loisirs","12":"tag-edition-strasbourg","13":"tag-estivales","14":"tag-eu","15":"tag-europe","16":"tag-fil-info","17":"tag-fr","18":"tag-france","19":"tag-grand-est","20":"tag-news","21":"tag-repas-et-the-dansant","22":"tag-republique-francaise","23":"tag-soiree","24":"tag-spectacle","25":"tag-strasbourg","26":"tag-strasbourg-nord"},"share_on_mastodon":{"url":"https:\/\/pubeurope.com\/@fr\/114619228180882501","error":""},"_links":{"self":[{"href":"https:\/\/www.europesays.com\/fr\/wp-json\/wp\/v2\/posts\/148789","targetHints":{"allow":["GET"]}}],"collection":[{"href":"https:\/\/www.europesays.com\/fr\/wp-json\/wp\/v2\/posts"}],"about":[{"href":"https:\/\/www.europesays.com\/fr\/wp-json\/wp\/v2\/types\/post"}],"author":[{"embeddable":true,"href":"https:\/\/www.europesays.com\/fr\/wp-json\/wp\/v2\/users\/2"}],"replies":[{"embeddable":true,"href":"https:\/\/www.europesays.com\/fr\/wp-json\/wp\/v2\/comments?post=148789"}],"version-history":[{"count":0,"href":"https:\/\/www.europesays.com\/fr\/wp-json\/wp\/v2\/posts\/148789\/revisions"}],"wp:featuredmedia":[{"embeddable":true,"href":"https:\/\/www.europesays.com\/fr\/wp-json\/wp\/v2\/media\/148790"}],"wp:attachment":[{"href":"https:\/\/www.europesays.com\/fr\/wp-json\/wp\/v2\/media?parent=148789"}],"wp:term":[{"taxonomy":"category","embeddable":true,"href":"https:\/\/www.europesays.com\/fr\/wp-json\/wp\/v2\/categories?post=148789"},{"taxonomy":"post_tag","embeddable":true,"href":"https:\/\/www.europesays.com\/fr\/wp-json\/wp\/v2\/tags?post=148789"}],"curies":[{"name":"wp","href":"https:\/\/api.w.org\/{rel}","templated":true}]}}