{"id":148795,"date":"2025-06-03T11:38:10","date_gmt":"2025-06-03T11:38:10","guid":{"rendered":"https:\/\/www.europesays.com\/fr\/148795\/"},"modified":"2025-06-03T11:38:10","modified_gmt":"2025-06-03T11:38:10","slug":"le-one-ocean-science-congress-de-nice-un-congres-scientifique-pour-sauver-locean","status":"publish","type":"post","link":"https:\/\/www.europesays.com\/fr\/148795\/","title":{"rendered":"Le \u00ab\u00a0One ocean science congress\u00a0\u00bb de Nice, un congr\u00e8s scientifique pour sauver l\u2019oc\u00e9an"},"content":{"rendered":"<p>\u00ab\u00a0Nous sommes l\u2019oc\u00e9an\u00a0\u00bb. Sans lui, pas de vie sur terre\u00a0: le message est clair, annonc\u00e9 d\u00e8s la pr\u00e9sentation du \u00ab\u00a0One ocean science congress\u00a0\u00bb qui a d\u00e9but\u00e9 ce mardi 3\u00a0juin \u00e0 Nice (Alpes-Maritimes). Ce congr\u00e8s coorganis\u00e9 par le CNRS et l\u2019Ifremer, qui rassemble plus de 2000 scientifiques venus du monde entier, donnera lieu \u00e0 des recommandations \u00e0 destination des d\u00e9cideurs, en amont de la troisi\u00e8me Conf\u00e9rence des Nations unies sur l\u2019oc\u00e9an qui d\u00e9butera le 9\u00a0juin.<\/p>\n<p>Microplastiques, <a href=\"https:\/\/www.humanite.fr\/environnement\/climat\/climat-les-oceans-se-rechauffent-deux-fois-plus-vite-quil-y-a-vingt-ans-selon-copernicus\" target=\"_blank\" rel=\"noopener\">changement climatique<\/a>, transport maritime, biodiversit\u00e9, p\u00eache\u2026 Les th\u00e9matiques de ce congr\u00e8s qui affiche l\u2019objectif d\u2019une \u00ab\u00a0science pour l\u2019action\u00a0\u00bb, sont \u00e0 l\u2019image de l\u2019oc\u00e9an, multiples et complexes. Avec l\u2019ambition de croiser les disciplines, a rappel\u00e9 Vidar Helgesen lors de la c\u00e9r\u00e9monie d\u2019ouverture, secr\u00e9taire ex\u00e9cutif de la commission oc\u00e9anographique intergouvernementale de l\u2019UNESCO\u00a0: \u00ab\u00a0L\u2019oc\u00e9an exige que nous nous rassemblions\u00a0\u00bb.<\/p>\n<p>\u00ab\u00a0Des attaques contre la science\u00a0\u00bb<\/p>\n<p>Un appel \u00e0 l\u2019unit\u00e9 et \u00e0 l\u2019action pour sauver les mers, qui couvrent 70\u00a0% de la plan\u00e8te et jouent un r\u00f4le clef dans l\u2019absorption des \u00e9missions de dioxyde de carbone. \u00ab\u00a0L\u2019oc\u00e9an est le c\u0153ur qui palpite du syst\u00e8me climatique global (\u2026) C\u2019est le plus grand r\u00e9servoir de biodiversit\u00e9 de notre plan\u00e8te\u00a0\u00bb, a ainsi affirm\u00e9 Alejandra Villalobos Madrigal, ambassadrice du congr\u00e8s et directrice ex\u00e9cutive de Amigos Isla de Coco (Faico), une ONG install\u00e9e au Costa Rica.<\/p>\n<p>L\u2019occasion \u00e9galement de rappeler l\u2019importance des sciences\u00a0: \u00ab\u00a0Ici nous d\u00e9montrons que la science n\u2019est pas facultative. Elle est essentielle, vitale\u00a0\u00bb, a martel\u00e9 Alejandra Villalobos Madrigal. Car le sommet onusien adviendra dans un contexte international tendu, o\u00f9 les sciences se voient r\u00e9guli\u00e8rement attaqu\u00e9es \u2013 particuli\u00e8rement en mati\u00e8re d\u2019environnement.<\/p>\n<p>\u00ab\u00a0Nous ne faisons pas face uniquement aux dilemmes des besoins de notre oc\u00e9an, mais aussi aux attaques contre la science\u00a0\u00bb, a d\u00e9plor\u00e9 John Bell, directeur de la recherche et de l\u2019innovation au sein de la Commission europ\u00e9enne. \u00ab\u00a0L\u2019Europe choisit la science\u00a0\u00bb, a-t-il insist\u00e9 \u2013 contrairement aux \u00c9tats-Unis, plus ou moins directement point\u00e9 \u2013, avant d\u2019adresser un message aux scientifiques\u00a0: \u00ab\u00a0Nous prot\u00e9gerons votre science\u00a0\u00bb. Jean-Pierre Gattuso directeur de recherche au CNRS et copr\u00e9sident du congr\u00e8s, a quant \u00e0 lui exprim\u00e9 sa \u00ab\u00a0solidarit\u00e9\u00a0avec les scientifiques am\u00e9ricains\u00a0\u00bb.<\/p>\n<p>Des institutions \u00e9branl\u00e9es<\/p>\n<p>Une d\u00e9nonciation de <a href=\"https:\/\/www.humanite.fr\/environnement\/exploration-miniere\/environnement-trump-veut-lancer-le-forage-au-fond-des-oceans-meme-dans-les-eaux-internationales\" target=\"_blank\" rel=\"noopener\">l\u2019actuelle politique \u00e9tasunienne <\/a>en la mati\u00e8re partag\u00e9e par Philippe Baptiste, le ministre de l\u2019Enseignement sup\u00e9rieur et de la recherche, qui a rappel\u00e9 que les institutions scientifiques \u00ab\u00a0sont aujourd\u2019hui \u00e9branl\u00e9es dans leur fonctionnement.\u00a0\u00bb Mais si le ministre a insist\u00e9 sur <a href=\"https:\/\/www.humanite.fr\/environnement\/oceans\/climat-malgre-la-haute-ambition-affichee-par-emmanuel-macron-le-sommet-sos-ocean-sacheve-en-naufrage\" target=\"_blank\" rel=\"noopener\">\u00ab\u00a0l\u2019engagement\u00a0\u00bb de la France\u00a0<\/a>pour la science, \u00ab\u00a0mise en cause \u00e0 travers le monde\u00a0\u00bb, celui-ci reste relatif\u00a0: son portefeuille s\u2019est vu amput\u00e9 d\u2019un milliard d\u2019euros au budget 2025.<\/p>\n<p>\u00c0 quelques jours du sommet onusien, Peter Thomson, l\u2019envoy\u00e9 sp\u00e9cial du secr\u00e9taire g\u00e9n\u00e9ral des Nations unies pour l\u2019oc\u00e9an a de son c\u00f4t\u00e9 soulign\u00e9 l\u2019importance du multilat\u00e9ralisme en mati\u00e8re d\u2019environnement, avant de rappeler qu\u2019\u00ab\u00a0il ne peut y avoir de plan\u00e8te en bonne sant\u00e9 sans oc\u00e9an en bonne sant\u00e9.\u00a0\u00bb Reste \u00e0 esp\u00e9rer que le message ne sera pas noy\u00e9 dans le jeu diplomatique et les imp\u00e9ratifs financiers.<\/p>\n<p>La Terre de nos batailles<\/p>\n<p><strong>La justice climatique,<\/strong> c\u2019est notre bataille. Celle qui relie luttes environnementales et sociales pour contrer un syst\u00e8me capitaliste faisant ventre de tout. Du vivant, de la plan\u00e8te, de notre humanit\u00e9.<\/p>\n<p><strong>Il n\u2019y a pas de fatalit\u00e9. <\/strong><\/p>\n<ul class=\"wp-block-list\">\n<li>Nous d\u00e9masquons les manipulations des lobbies. <\/li>\n<li>Nous battons en br\u00e8che les d\u00e9nis climatiques mortif\u00e8res. <\/li>\n<li>Nous mettons en valeur les initiatives visant \u00e0 r\u00e9duire les in\u00e9galit\u00e9s environnementales et les fractures sociales.<\/li>\n<\/ul>\n<p><strong>Soutenez-nous.<\/strong><br \/><a href=\"https:\/\/www.humanite.fr\/lhumanite-cest-vous\" data-type=\"link\" data-id=\"https:\/\/www.humanite.fr\/lhumanite-cest-vous\" target=\"_blank\" rel=\"noopener\">Je veux en savoir plus<\/a><\/p>\n","protected":false},"excerpt":{"rendered":"\u00ab\u00a0Nous sommes l\u2019oc\u00e9an\u00a0\u00bb. Sans lui, pas de vie sur terre\u00a0: le message est clair, annonc\u00e9 d\u00e8s la pr\u00e9sentation&hellip;\n","protected":false},"author":2,"featured_media":148796,"comment_status":"","ping_status":"","sticky":false,"template":"","format":"standard","meta":{"footnotes":""},"categories":[2819],"tags":[1111,11,27813,1777,674,1011,27,17662,12,2401,882,25,41],"class_list":{"0":"post-148795","1":"post","2":"type-post","3":"status-publish","4":"format-standard","5":"has-post-thumbnail","7":"category-nice","8":"tag-actu","9":"tag-actualites","10":"tag-confu00e9rence-des-nations-unies-sur-locu00e9an-unoc","11":"tag-eu","12":"tag-europe","13":"tag-fr","14":"tag-france","15":"tag-mers-et-ocu00e9ans","16":"tag-news","17":"tag-nice","18":"tag-provence-alpes-cote-dazur","19":"tag-republique-francaise","20":"tag-sciences"},"share_on_mastodon":{"url":"https:\/\/pubeurope.com\/@fr\/114619240048155190","error":""},"_links":{"self":[{"href":"https:\/\/www.europesays.com\/fr\/wp-json\/wp\/v2\/posts\/148795","targetHints":{"allow":["GET"]}}],"collection":[{"href":"https:\/\/www.europesays.com\/fr\/wp-json\/wp\/v2\/posts"}],"about":[{"href":"https:\/\/www.europesays.com\/fr\/wp-json\/wp\/v2\/types\/post"}],"author":[{"embeddable":true,"href":"https:\/\/www.europesays.com\/fr\/wp-json\/wp\/v2\/users\/2"}],"replies":[{"embeddable":true,"href":"https:\/\/www.europesays.com\/fr\/wp-json\/wp\/v2\/comments?post=148795"}],"version-history":[{"count":0,"href":"https:\/\/www.europesays.com\/fr\/wp-json\/wp\/v2\/posts\/148795\/revisions"}],"wp:featuredmedia":[{"embeddable":true,"href":"https:\/\/www.europesays.com\/fr\/wp-json\/wp\/v2\/media\/148796"}],"wp:attachment":[{"href":"https:\/\/www.europesays.com\/fr\/wp-json\/wp\/v2\/media?parent=148795"}],"wp:term":[{"taxonomy":"category","embeddable":true,"href":"https:\/\/www.europesays.com\/fr\/wp-json\/wp\/v2\/categories?post=148795"},{"taxonomy":"post_tag","embeddable":true,"href":"https:\/\/www.europesays.com\/fr\/wp-json\/wp\/v2\/tags?post=148795"}],"curies":[{"name":"wp","href":"https:\/\/api.w.org\/{rel}","templated":true}]}}