{"id":148799,"date":"2025-06-03T11:40:43","date_gmt":"2025-06-03T11:40:43","guid":{"rendered":"https:\/\/www.europesays.com\/fr\/148799\/"},"modified":"2025-06-03T11:40:43","modified_gmt":"2025-06-03T11:40:43","slug":"une-personne-heurtee-par-un-train-le-trafic-fortement-perturbe-entre-nantes-et-angers","status":"publish","type":"post","link":"https:\/\/www.europesays.com\/fr\/148799\/","title":{"rendered":"Une personne heurt\u00e9e par un train, le trafic fortement perturb\u00e9 entre Nantes et Angers"},"content":{"rendered":"<p>            Par<br \/>\n        <strong><br \/>\n            <a href=\"https:\/\/actu.fr\/auteur\/thomas-bernard\" title=\"Consulter tous les articles de Thomas Bernard\" rel=\"nofollow noopener\" target=\"_blank\">Thomas Bernard<\/a><br \/>\n        <\/strong><\/p>\n<p>        Publi\u00e9 le<\/p>\n<p>            3 juin 2025 \u00e0 10h14<br \/>\n        ; mis \u00e0 jour le 3 juin 2025 \u00e0 11h45    <\/p>\n<p>[Mise \u00e0 jour le mardi 3 juin 2025 \u00e0 11h43 : \u00ab\u00a0Les circulations reprennent progressivement entre Nantes, Ancenis et Angers\u00a0\u00bb, a annonc\u00e9 le compte X SNCF TER Pays de la Loire. Les diff\u00e9rentes \u00e9quipes mobilis\u00e9es ont termin\u00e9 leur intervention.]<\/p>\n<p class=\" wall-content\">Le trafic ferroviaire est perturb\u00e9 ce <strong>mardi 3\u00a0juin 2025 entre Nantes et Angers<\/strong>. Comme le rapporte le compte X TER Pays de la Loire,<strong> une personne a \u00e9t\u00e9 heurt\u00e9e par un train<\/strong> entre <a href=\"https:\/\/actu.fr\/pays-de-la-loire\/le-cellier_44028\" rel=\"nofollow noopener\" target=\"_blank\">Le Cellier<\/a> et <a href=\"https:\/\/actu.fr\/pays-de-la-loire\/mauves-sur-loire_44094\" rel=\"nofollow noopener\" target=\"_blank\">Mauves-sur-Loire<\/a> (Loire-Atlantique).<\/p>\n<p class=\" wall-content\">https:\/\/twitter.com\/TERPays2LaLoire\/status\/1929810829139919099<\/p>\n<p>Trafic interrompu<\/p>\n<p class=\" wall-content\">\u00ab\u2009Le trafic est <strong>interrompu dans les deux sens de circulation<\/strong>, sur les lignes Nantes \u2013 Ancenis, Nantes \u2013 Angers St Laud \u2013 Le\u00a0Mans\u2009\u00bb, pr\u00e9cise TER SNCF Pays de la Loire sur<a href=\"https:\/\/www.ter.sncf.com\/pays-de-la-loire\" rel=\"nofollow noopener\" target=\"_blank\"> son fil info trafic<\/a>.<\/p>\n<p class=\" wall-content\">Les pompiers et les gendarmes vont \u00eatre mobilis\u00e9s sur place.<\/p>\n<p>Vid\u00e9os : en ce moment sur Actu<\/p>\n<p class=\" wall-content\">Selon la SNCF, la <strong>reprise<\/strong> de la circulation entre Nantes et Angers est estim\u00e9e pour 12h.<\/p>\n<p class=\" wall-content\">Suivez toute l\u2019actualit\u00e9 de vos villes et m\u00e9dias favoris en vous inscrivant \u00e0 <a href=\"https:\/\/moncompte.actu.fr\" title=\"D\u00e9couvez Mon Actu\" rel=\"nofollow noopener\" data-trk=\"{&quot;cta&quot;:{&quot;action&quot;:&quot;https:\\\/\\\/moncompte.actu.fr&quot;,&quot;category&quot;:&quot;mon compte&quot;,&quot;from&quot;:&quot;article footer&quot;,&quot;name&quot;:&quot;Mon actu&quot;,&quot;type&quot;:&quot;cta&quot;}}\" target=\"_blank\">Mon Actu<\/a>.<\/p>\n<p>                    <script async src=\"https:\/\/platform.twitter.com\/widgets.js\" charset=\"utf-8\"><\/script><\/p>\n","protected":false},"excerpt":{"rendered":"Par Thomas Bernard Publi\u00e9 le 3 juin 2025 \u00e0 10h14 ; mis \u00e0 jour le 3 juin 2025&hellip;\n","protected":false},"author":2,"featured_media":148800,"comment_status":"","ping_status":"","sticky":false,"template":"","format":"standard","meta":{"footnotes":""},"categories":[2818],"tags":[1111,11,3542,1777,674,1011,27,766,12,2636,25,2215,104],"class_list":{"0":"post-148799","1":"post","2":"type-post","3":"status-publish","4":"format-standard","5":"has-post-thumbnail","7":"category-nantes","8":"tag-actu","9":"tag-actualites","10":"tag-circulation","11":"tag-eu","12":"tag-europe","13":"tag-fr","14":"tag-france","15":"tag-nantes","16":"tag-news","17":"tag-pays-de-la-loire","18":"tag-republique-francaise","19":"tag-sncf","20":"tag-societe"},"share_on_mastodon":{"url":"https:\/\/pubeurope.com\/@fr\/114619247863886834","error":""},"_links":{"self":[{"href":"https:\/\/www.europesays.com\/fr\/wp-json\/wp\/v2\/posts\/148799","targetHints":{"allow":["GET"]}}],"collection":[{"href":"https:\/\/www.europesays.com\/fr\/wp-json\/wp\/v2\/posts"}],"about":[{"href":"https:\/\/www.europesays.com\/fr\/wp-json\/wp\/v2\/types\/post"}],"author":[{"embeddable":true,"href":"https:\/\/www.europesays.com\/fr\/wp-json\/wp\/v2\/users\/2"}],"replies":[{"embeddable":true,"href":"https:\/\/www.europesays.com\/fr\/wp-json\/wp\/v2\/comments?post=148799"}],"version-history":[{"count":0,"href":"https:\/\/www.europesays.com\/fr\/wp-json\/wp\/v2\/posts\/148799\/revisions"}],"wp:featuredmedia":[{"embeddable":true,"href":"https:\/\/www.europesays.com\/fr\/wp-json\/wp\/v2\/media\/148800"}],"wp:attachment":[{"href":"https:\/\/www.europesays.com\/fr\/wp-json\/wp\/v2\/media?parent=148799"}],"wp:term":[{"taxonomy":"category","embeddable":true,"href":"https:\/\/www.europesays.com\/fr\/wp-json\/wp\/v2\/categories?post=148799"},{"taxonomy":"post_tag","embeddable":true,"href":"https:\/\/www.europesays.com\/fr\/wp-json\/wp\/v2\/tags?post=148799"}],"curies":[{"name":"wp","href":"https:\/\/api.w.org\/{rel}","templated":true}]}}