{"id":148806,"date":"2025-06-03T11:43:09","date_gmt":"2025-06-03T11:43:09","guid":{"rendered":"https:\/\/www.europesays.com\/fr\/148806\/"},"modified":"2025-06-03T11:43:09","modified_gmt":"2025-06-03T11:43:09","slug":"toulouse-une-fresque-monumentale-parmi-les-plus-grandes-de-la-ville-realisee-sur-ce-chateau-deau","status":"publish","type":"post","link":"https:\/\/www.europesays.com\/fr\/148806\/","title":{"rendered":"Toulouse. Une fresque monumentale, parmi les plus grandes de la ville, r\u00e9alis\u00e9e sur ce ch\u00e2teau d&rsquo;eau"},"content":{"rendered":"<p>            Par<br \/>\n        <strong><br \/>\n            <a href=\"https:\/\/actu.fr\/auteur\/ancelin-emeryhenriot\" title=\"Consulter tous les articles de Ancelin Emery-Henriot\" target=\"_blank\" rel=\"noopener\">Ancelin Emery-Henriot<\/a><br \/>\n        <\/strong><\/p>\n<p>        Publi\u00e9 le<\/p>\n<p>            3 juin 2025 \u00e0 12h54        <\/p>\n<p>Le patrimoine <strong>d\u2019art urbain<\/strong> de <a href=\"https:\/\/actu.fr\/toulouse\/\" target=\"_blank\" rel=\"noopener\">Toulouse<\/a> \u00e9tait d\u00e9j\u00e0 bien riche, voil\u00e0 qu\u2019il s\u2019\u00e9toffe encore un peu plus. Une nouvelle <strong>fresque murale<\/strong> a \u00e9t\u00e9 peinte sur la fa\u00e7ade du ch\u00e2teau d\u2019eau de Pech-David, au sommet de la c\u00f4te. Ce projet, cl\u00f4tur\u00e9 ce mardi 27 mai 2025, est le fruit de l\u2019imagination des artistes<strong> Woizo et Op\u00e9ra<\/strong>. Ces derniers ont remport\u00e9 les faveurs du public face \u00e0 deux autres propositions dans le cadre d\u2019un appel \u00e0 projet.<\/p>\n<p>Colossale\u00a0<\/p>\n<p class=\" wall-content\">En r\u00e9sulte une r\u00e9alisation <strong>monumentale.<\/strong> \u00ab\u00a0De la nature au cosmos, une \u0153uvre entre deux mondes\u00a0\u00bb s\u2019\u00e9tend sur une surface de plus de 53 m\u00e8tres de large pour 7 m\u00e8tres de haut.<\/p>\n<p class=\" wall-content\">L\u2019occasion d\u2019y glisser <strong>des r\u00e9f\u00e9rences \u00e0 la mythologie<\/strong> c\u00e9leste ainsi qu\u2019au <strong>patrimoine floral<\/strong> du sud de la France et de Pech-David. \u201cElle invite \u00e0 red\u00e9couvrir le ciel comme un miroir de la nature et \u00e0 explorer<strong> l\u2019harmonie<\/strong> entre constellations, v\u00e9g\u00e9tation et patrimoine urbain\u201d, annonce la mairie.<\/p>\n<p>    <img   decoding=\"async\" loading=\"lazy\" src=\"https:\/\/www.europesays.com\/fr\/wp-content\/uploads\/2025\/06\/fresque-pechdavid-deroule-960x183.jpg\" alt=\"Le d\u00e9roul\u00e9 complet de la fresque.\" width=\"960\" height=\"183\"\/><br \/>\n    Un \u00e9chantillon du d\u00e9roul\u00e9 de la fresque. (\u00a9Toulouse M\u00e9tropole)<\/p>\n<p class=\" wall-content\">Cette fresque vient s\u2019ajouter aux travaux de <strong>r\u00e9am\u00e9nagement<\/strong> du site de l\u2019Observatoire de Pech-David. En effet, de nouveaux \u00e9quipements sportifs et de d\u00e9tente y ont d\u00e9j\u00e0 \u00e9t\u00e9 ajout\u00e9s. <strong>L\u2019accessibilit\u00e9<\/strong> de \u201cce lieu pris\u00e9 des Toulousains\u201d a \u00e9galement \u00e9t\u00e9 repens\u00e9e.<\/p>\n<p>Vid\u00e9os : en ce moment sur Actu\u00c0 moins de 50 jours du Tour<\/p>\n<p class=\" wall-content\">Un endroit qui s\u2019est donc mis sur son 31 \u00e0 moins de deux mois du passage du<strong> Tour de France.<\/strong> Pour rappel, <a href=\"https:\/\/actu.fr\/occitanie\/toulouse_31555\/ou-voir-le-tour-de-france-a-toulouse-voici-le-trace-de-la-boucle-qui-part-et-arrive-dans-la-ville-rose_62435697.html\" target=\"_blank\" rel=\"noopener\">la 11\u1d49 \u00e9tape<\/a> de la plus iconique des courses de v\u00e9lo partira du Stadium de Toulouse le <strong>mercredi 16 juillet 2025.<\/strong> Elle passera par Pech-David \u00e0 8 km de l\u2019arriv\u00e9e.<\/p>\n<p class=\" wall-content\">Suivez toute l\u2019actualit\u00e9 de vos villes et m\u00e9dias favoris en vous inscrivant \u00e0 <a href=\"https:\/\/moncompte.actu.fr\" title=\"D\u00e9couvez Mon Actu\" rel=\"nofollow noopener\" data-trk=\"{&quot;cta&quot;:{&quot;action&quot;:&quot;https:\\\/\\\/moncompte.actu.fr&quot;,&quot;category&quot;:&quot;mon compte&quot;,&quot;from&quot;:&quot;article footer&quot;,&quot;name&quot;:&quot;Mon actu&quot;,&quot;type&quot;:&quot;cta&quot;}}\" target=\"_blank\">Mon Actu<\/a>.<\/p>\n","protected":false},"excerpt":{"rendered":"Par Ancelin Emery-Henriot Publi\u00e9 le 3 juin 2025 \u00e0 12h54 Le patrimoine d\u2019art urbain de Toulouse \u00e9tait d\u00e9j\u00e0&hellip;\n","protected":false},"author":2,"featured_media":148807,"comment_status":"","ping_status":"","sticky":false,"template":"","format":"standard","meta":{"footnotes":""},"categories":[2816],"tags":[1111,11,1777,674,1011,27,1652,12,2680,25,7189,2312,1090,2116],"class_list":{"0":"post-148806","1":"post","2":"type-post","3":"status-publish","4":"format-standard","5":"has-post-thumbnail","7":"category-toulouse","8":"tag-actu","9":"tag-actualites","10":"tag-eu","11":"tag-europe","12":"tag-fr","13":"tag-france","14":"tag-loisirs-culture","15":"tag-news","16":"tag-occitanie","17":"tag-republique-francaise","18":"tag-street-art","19":"tag-toulouse","20":"tag-toulouse-metropole","21":"tag-tour-de-france-2025"},"share_on_mastodon":{"url":"https:\/\/pubeurope.com\/@fr\/114619259769684850","error":""},"_links":{"self":[{"href":"https:\/\/www.europesays.com\/fr\/wp-json\/wp\/v2\/posts\/148806","targetHints":{"allow":["GET"]}}],"collection":[{"href":"https:\/\/www.europesays.com\/fr\/wp-json\/wp\/v2\/posts"}],"about":[{"href":"https:\/\/www.europesays.com\/fr\/wp-json\/wp\/v2\/types\/post"}],"author":[{"embeddable":true,"href":"https:\/\/www.europesays.com\/fr\/wp-json\/wp\/v2\/users\/2"}],"replies":[{"embeddable":true,"href":"https:\/\/www.europesays.com\/fr\/wp-json\/wp\/v2\/comments?post=148806"}],"version-history":[{"count":0,"href":"https:\/\/www.europesays.com\/fr\/wp-json\/wp\/v2\/posts\/148806\/revisions"}],"wp:featuredmedia":[{"embeddable":true,"href":"https:\/\/www.europesays.com\/fr\/wp-json\/wp\/v2\/media\/148807"}],"wp:attachment":[{"href":"https:\/\/www.europesays.com\/fr\/wp-json\/wp\/v2\/media?parent=148806"}],"wp:term":[{"taxonomy":"category","embeddable":true,"href":"https:\/\/www.europesays.com\/fr\/wp-json\/wp\/v2\/categories?post=148806"},{"taxonomy":"post_tag","embeddable":true,"href":"https:\/\/www.europesays.com\/fr\/wp-json\/wp\/v2\/tags?post=148806"}],"curies":[{"name":"wp","href":"https:\/\/api.w.org\/{rel}","templated":true}]}}