{"id":148810,"date":"2025-06-03T11:45:08","date_gmt":"2025-06-03T11:45:08","guid":{"rendered":"https:\/\/www.europesays.com\/fr\/148810\/"},"modified":"2025-06-03T11:45:08","modified_gmt":"2025-06-03T11:45:08","slug":"a-lugc-de-lille-une-seance-du-dernier-mission-impossible-avec-un-representant-des-forces-speciales","status":"publish","type":"post","link":"https:\/\/www.europesays.com\/fr\/148810\/","title":{"rendered":"\u00c0 l&rsquo;UGC de Lille, une s\u00e9ance du dernier \u00ab\u00a0Mission Impossible\u00a0\u00bb avec un repr\u00e9sentant des forces sp\u00e9ciales"},"content":{"rendered":"<p>            Par<br \/>\n        <strong><br \/>\n            <a href=\"https:\/\/actu.fr\/auteur\/margot-nicodeme\" title=\"Consulter tous les articles de Margot Nicod\u00e8me\" target=\"_blank\" rel=\"noopener\">Margot Nicod\u00e8me<\/a><br \/>\n        <\/strong><\/p>\n<p>        Publi\u00e9 le<\/p>\n<p>            3 juin 2025 \u00e0 13h40        <\/p>\n<p>C\u2019est un \u00e9v\u00e9nement sur-mesure pour <b>les amateurs de l\u2019univers de l\u2019espionnage<\/b>. Le mercredi 4 juin, \u00e0 <a href=\"https:\/\/actu.fr\/hauts-de-france\/lille_59350\" target=\"_blank\" rel=\"noopener\">Lille<\/a> (Nord), une s\u00e9ance de cin\u00e9ma est propos\u00e9e par l\u2019UGC Cin\u00e9 Cit\u00e9 de la <a href=\"https:\/\/actu.fr\/hauts-de-france\/lille_59350\/lille-cette-boutique-outlet-de-grandes-marques-debarque-en-plein-centre-ville_62267993.html\" target=\"_blank\" rel=\"noopener\">rue de B\u00e9thune<\/a> pour non seulement visionner le dernier \u00ab\u00a0Mission Impossible\u00a0\u00bb, mais aussi rencontrer un homme au parcours hors du commun.\u00a0<\/p>\n<p>Une s\u00e9ance de \u00ab\u00a0Mission Impossible\u00a0\u00bb avec un repr\u00e9sentant des forces sp\u00e9ciales \u00e0 l\u2019UGC de Lille<\/p>\n<p class=\" wall-content\">La projection de \u00ab\u00a0<a href=\"https:\/\/actu.fr\/cinema\/mission-impossible-the-final-reckoning-clot-en-beaute-les-aventures-du-heros-incarne-par-tom-cruise_62621954.html\" target=\"_blank\" rel=\"noopener\">Mission Impossible : The final reckoning<\/a>\u00a0\u00bb s\u2019accompagnera en effet d\u2019une rencontre avec \u00ab\u00a0\u2018<b>un repr\u00e9sentant des forces sp\u00e9ciales fran\u00e7aises<\/b>\u00ab\u00a0, annonce le cin\u00e9ma. Il sera l\u00e0 pour \u00ab\u00a0parler de son activit\u00e9 en d\u00e9but de s\u00e9ance\u00a0\u00bb, et c\u2019est \u00e0 peu pr\u00e8s tout ce que l\u2019on sait. Le reste est tu, \u00ab\u00a0<b>pour des raisons de confidentialit\u00e9<\/b>\u00ab\u00a0, nous explique l\u2019\u00e9quipe sur place.<\/p>\n<p class=\" wall-content\">Cette s\u00e9ance sp\u00e9ciale est celle de 19h15, en comptant le temps d\u2019\u00e9change, le 4 juin. Pour conna\u00eetre tous les secrets du vrai professionnel, ainsi que ceux que r\u00e9servent <a href=\"https:\/\/actu.fr\/tag\/tom-cruise\" target=\"_blank\" rel=\"noopener\">Tom Cruise<\/a>, <a href=\"https:\/\/www.ugc.fr\/film_mission_impossible_the_final_reckoning_15782.html?cinemaId=25\" target=\"_blank\" rel=\"noopener\">la r\u00e9servation en ligne<\/a> est fortement recommand\u00e9e.<\/p>\n<p class=\" wall-content\">Suivez toute l\u2019actualit\u00e9 de vos villes et m\u00e9dias favoris en vous inscrivant \u00e0 <a href=\"https:\/\/moncompte.actu.fr\" title=\"D\u00e9couvez Mon Actu\" rel=\"nofollow noopener\" data-trk=\"{&quot;cta&quot;:{&quot;action&quot;:&quot;https:\\\/\\\/moncompte.actu.fr&quot;,&quot;category&quot;:&quot;mon compte&quot;,&quot;from&quot;:&quot;article footer&quot;,&quot;name&quot;:&quot;Mon actu&quot;,&quot;type&quot;:&quot;cta&quot;}}\" target=\"_blank\">Mon Actu<\/a>.<\/p>\n","protected":false},"excerpt":{"rendered":"Par Margot Nicod\u00e8me Publi\u00e9 le 3 juin 2025 \u00e0 13h40 C\u2019est un \u00e9v\u00e9nement sur-mesure pour les amateurs de&hellip;\n","protected":false},"author":2,"featured_media":148811,"comment_status":"","ping_status":"","sticky":false,"template":"","format":"standard","meta":{"footnotes":""},"categories":[2815],"tags":[1111,11,650,1777,674,1011,27,811,1307,1652,12,25,6834],"class_list":{"0":"post-148810","1":"post","2":"type-post","3":"status-publish","4":"format-standard","5":"has-post-thumbnail","7":"category-lille","8":"tag-actu","9":"tag-actualites","10":"tag-cinema","11":"tag-eu","12":"tag-europe","13":"tag-fr","14":"tag-france","15":"tag-hauts-de-france","16":"tag-lille","17":"tag-loisirs-culture","18":"tag-news","19":"tag-republique-francaise","20":"tag-tom-cruise"},"share_on_mastodon":{"url":"https:\/\/pubeurope.com\/@fr\/114619267415083993","error":""},"_links":{"self":[{"href":"https:\/\/www.europesays.com\/fr\/wp-json\/wp\/v2\/posts\/148810","targetHints":{"allow":["GET"]}}],"collection":[{"href":"https:\/\/www.europesays.com\/fr\/wp-json\/wp\/v2\/posts"}],"about":[{"href":"https:\/\/www.europesays.com\/fr\/wp-json\/wp\/v2\/types\/post"}],"author":[{"embeddable":true,"href":"https:\/\/www.europesays.com\/fr\/wp-json\/wp\/v2\/users\/2"}],"replies":[{"embeddable":true,"href":"https:\/\/www.europesays.com\/fr\/wp-json\/wp\/v2\/comments?post=148810"}],"version-history":[{"count":0,"href":"https:\/\/www.europesays.com\/fr\/wp-json\/wp\/v2\/posts\/148810\/revisions"}],"wp:featuredmedia":[{"embeddable":true,"href":"https:\/\/www.europesays.com\/fr\/wp-json\/wp\/v2\/media\/148811"}],"wp:attachment":[{"href":"https:\/\/www.europesays.com\/fr\/wp-json\/wp\/v2\/media?parent=148810"}],"wp:term":[{"taxonomy":"category","embeddable":true,"href":"https:\/\/www.europesays.com\/fr\/wp-json\/wp\/v2\/categories?post=148810"},{"taxonomy":"post_tag","embeddable":true,"href":"https:\/\/www.europesays.com\/fr\/wp-json\/wp\/v2\/tags?post=148810"}],"curies":[{"name":"wp","href":"https:\/\/api.w.org\/{rel}","templated":true}]}}