{"id":14882,"date":"2025-04-10T11:55:09","date_gmt":"2025-04-10T11:55:09","guid":{"rendered":"https:\/\/www.europesays.com\/fr\/14882\/"},"modified":"2025-04-10T11:55:09","modified_gmt":"2025-04-10T11:55:09","slug":"bruno-retailleau-dresse-son-bilan-apres-six-mois-au-ministere-de-linterieur-actualites","status":"publish","type":"post","link":"https:\/\/www.europesays.com\/fr\/14882\/","title":{"rendered":"Bruno Retailleau dresse son bilan apr\u00e8s six mois au minist\u00e8re de l&rsquo;Int\u00e9rieur : Actualit\u00e9s"},"content":{"rendered":"<p class=\"lead \">En pleine campagne pour la pr\u00e9sidence des R\u00e9publicains, Bruno Retailleau pr\u00e9sente jeudi matin son bilan apr\u00e8s six mois au minist\u00e8re de l&rsquo;Int\u00e9rieur, marqu\u00e9s par son omnipr\u00e9sence sur l&rsquo;immigration, sans r\u00e9sultats tr\u00e8s concrets, comme sur la s\u00e9curit\u00e9.<\/p>\n<p class=\"lead \">Central dans le gouvernement, le ministre a pr\u00e9vu 1h30 de conf\u00e9rence de presse pour dresser le bilan de son action depuis son arriv\u00e9e \u00e0 la mi-septembre place Beauvau, o\u00f9 il a acquis une visibilit\u00e9 in\u00e9gal\u00e9e. <\/p>\n<p class=\"lead \">La lutte contre l&rsquo;immigration, dont il a fait un marqueur politique, devrait de nouveau \u00eatre au centre de cet exercice m\u00e9diatique, pour s&rsquo;imposer encore davantage dans le paysage politique.<\/p>\n<p class=\"lead \">Attendue notamment, sa r\u00e9action \u00e0 la proposition pol\u00e9mique de son concurrent pour la t\u00eate de LR, Laurent Wauquiez, d&rsquo;enfermer les \u00ab\u00a0\u00e9trangers dangereux\u00a0\u00bb sous obligation de quitter le territoire (OQTF) \u00e0 Saint-Pierre-et-Miquelon.<\/p>\n<p class=\"lead \">Le ministre aux d\u00e9clarations martiales esp\u00e8re reprendre la main apr\u00e8s sa mise \u00e0 l&rsquo;\u00e9cart lors de la reprise des discussions avec l&rsquo;Alg\u00e9rie avec laquelle il souhaitait engager un bras de fer, allant jusqu&rsquo;\u00e0 brandir sa d\u00e9mission si Alger ne reprenait pas ses ressortissants expuls\u00e9s.<\/p>\n<p class=\"lead \">Accus\u00e9 de marcher sur les plates-bandes de l&rsquo;extr\u00eame droite, Bruno Retailleau n&rsquo;a \u00e9galement pas obtenu gain de cause sur l&rsquo;instauration d&rsquo;une nouvelle loi immigration.<\/p>\n<p class=\"lead \">Le ministre peut n\u00e9anmoins mettre \u00e0 son cr\u00e9dit la diffusion aupr\u00e8s des pr\u00e9fets d&rsquo;une circulaire portant son nom allongeant \u00e0 sept ans contre cinq auparavant la dur\u00e9e de pr\u00e9sence en France recommand\u00e9e pour pr\u00e9tendre \u00e0 une r\u00e9gularisation exceptionnelle, tout en se gardant de fixer un objectif chiffr\u00e9.<\/p>\n<p class=\"lead \">Favorable \u00e0 l&rsquo;abolition du droit du sol \u00e0 Mayotte &#8211; impossible en l&rsquo;\u00e9tat actuel de la Constitution &#8211; Bruno Retailleau a \u00e9galement dit son souhait de prolonger jusqu&rsquo;\u00e0 18 mois, contre trois actuellement, la dur\u00e9e maximale dans les centres de r\u00e9tention administrative des migrants en situation irr\u00e9guli\u00e8re. <\/p>\n<p class=\"lead \">Mais il doit pour l&rsquo;instant se contenter d&rsquo;un texte pr\u00e9sent\u00e9 par la droite s\u00e9natoriale et soutenu par le gouvernement qui pr\u00e9voit l&rsquo;allongement de cette dur\u00e9e \u00e0 180 jours, voire 210 jours dans certains cas.<\/p>\n<p class=\"lead \">C\u00f4t\u00e9 s\u00e9curit\u00e9, il ne pourra pas non plus se pr\u00e9valoir de r\u00e9sultats tangibles en si peu de temps, m\u00eame s&rsquo;il peut s&rsquo;enorgueillir du prochain vote de la proposition de loi de lutte contre les narcotrafiquants, initi\u00e9e quand il \u00e9tait au S\u00e9nat.<\/p>\n<p class=\"lead \">Apr\u00e8s avoir clam\u00e9 que la France \u00e9tait en voie de \u00ab\u00a0mexicanisation\u00a0\u00bb, les policiers attendent de lui \u00ab\u00a0des mesures fortes pour l&rsquo;investigation\u00a0\u00bb, a pr\u00e9venu Gr\u00e9gory Joron, secr\u00e9taire g\u00e9n\u00e9ral d&rsquo;Un1t\u00e9, un des principaux syndicats de policiers.<\/p>\n<p class=\"lead \">Faute de pouvoir obtenir une rallonge budg\u00e9taire pour son minist\u00e8re, Bruno Retailleau s&rsquo;est affich\u00e9 aupr\u00e8s des policiers lors d&rsquo;un rassemblement organis\u00e9 par le syndicat Alliance d\u00e9but f\u00e9vrier devant l&rsquo;Assembl\u00e9e nationale o\u00f9 les d\u00e9put\u00e9s examinaient le budget de la s\u00e9curit\u00e9.<\/p>\n<p class=\"small font-weight-bold text-gray3 \"> publi\u00e9 le 10 avril \u00e0 06h33, AFP<\/p>\n<p>                             Partager<\/p>\n","protected":false},"excerpt":{"rendered":"En pleine campagne pour la pr\u00e9sidence des R\u00e9publicains, Bruno Retailleau pr\u00e9sente jeudi matin son bilan apr\u00e8s six mois&hellip;\n","protected":false},"author":2,"featured_media":14883,"comment_status":"","ping_status":"","sticky":false,"template":"","format":"standard","meta":{"footnotes":""},"categories":[4],"tags":[11,1011,27,418,1061,3228,12,3848,1072,25],"class_list":{"0":"post-14882","1":"post","2":"type-post","3":"status-publish","4":"format-standard","5":"has-post-thumbnail","7":"category-france","8":"tag-actualites","9":"tag-fr","10":"tag-france","11":"tag-gouvernement","12":"tag-immigration","13":"tag-lr","14":"tag-news","15":"tag-partis","16":"tag-police","17":"tag-republique-francaise"},"share_on_mastodon":{"url":"https:\/\/pubeurope.com\/@fr\/114313541849539040","error":""},"_links":{"self":[{"href":"https:\/\/www.europesays.com\/fr\/wp-json\/wp\/v2\/posts\/14882","targetHints":{"allow":["GET"]}}],"collection":[{"href":"https:\/\/www.europesays.com\/fr\/wp-json\/wp\/v2\/posts"}],"about":[{"href":"https:\/\/www.europesays.com\/fr\/wp-json\/wp\/v2\/types\/post"}],"author":[{"embeddable":true,"href":"https:\/\/www.europesays.com\/fr\/wp-json\/wp\/v2\/users\/2"}],"replies":[{"embeddable":true,"href":"https:\/\/www.europesays.com\/fr\/wp-json\/wp\/v2\/comments?post=14882"}],"version-history":[{"count":0,"href":"https:\/\/www.europesays.com\/fr\/wp-json\/wp\/v2\/posts\/14882\/revisions"}],"wp:featuredmedia":[{"embeddable":true,"href":"https:\/\/www.europesays.com\/fr\/wp-json\/wp\/v2\/media\/14883"}],"wp:attachment":[{"href":"https:\/\/www.europesays.com\/fr\/wp-json\/wp\/v2\/media?parent=14882"}],"wp:term":[{"taxonomy":"category","embeddable":true,"href":"https:\/\/www.europesays.com\/fr\/wp-json\/wp\/v2\/categories?post=14882"},{"taxonomy":"post_tag","embeddable":true,"href":"https:\/\/www.europesays.com\/fr\/wp-json\/wp\/v2\/tags?post=14882"}],"curies":[{"name":"wp","href":"https:\/\/api.w.org\/{rel}","templated":true}]}}