{"id":148823,"date":"2025-06-03T11:52:11","date_gmt":"2025-06-03T11:52:11","guid":{"rendered":"https:\/\/www.europesays.com\/fr\/148823\/"},"modified":"2025-06-03T11:52:11","modified_gmt":"2025-06-03T11:52:11","slug":"un-temps-pour-elles-fait-revivre-les-compositrices-oubliees","status":"publish","type":"post","link":"https:\/\/www.europesays.com\/fr\/148823\/","title":{"rendered":"\u00ab\u00a0Un Temps pour Elles\u00a0\u00bb fait revivre les compositrices oubli\u00e9es"},"content":{"rendered":"<p><img loading=\"lazy\" decoding=\"async\" alt=\"\u00a9 blondinHD - &quot;Un Temps pour Elles&quot; redonne vie aux compositrices oubli\u00e9es : 13 concerts, 7 lieux embl\u00e9matiques du Val d\u2019Oise, du 6 juin au 6 juillet 2025.\" data-zoom-src=\"https:\/\/www.europesays.com\/fr\/wp-content\/uploads\/2025\/06\/initial-festival-un-temps-pour-elles.jpg\" data-zoomable=\"\" height=\"702\" src=\"https:\/\/www.europesays.com\/fr\/wp-content\/uploads\/2025\/06\/initial-festival-un-temps-pour-elles.jpg\" width=\"1248\"\/>  <\/p>\n<p class=\"article-desc\">\u00a9 blondinHD &#8211; \u00ab\u00a0Un Temps pour Elles\u00a0\u00bb redonne vie aux compositrices oubli\u00e9es : 13 concerts, 7 lieux embl\u00e9matiques du Val d\u2019Oise, du 6 juin au 6 juillet 2025. <\/p>\n<p>Aujourd\u2019hui encore, moins de <strong>4 % des \u0153uvres jou\u00e9es<\/strong> en concert sont sign\u00e9es par des femmes. \u00ab\u00a0Si ce chiffre est si bas, ce n\u2019est pas parce que les musiciens refusent de jouer des compositions cr\u00e9\u00e9es par des femmes, mais plut\u00f4t parce que ces m\u00eames compositions sont introuvables ou ont disparu des r\u00e9pertoires\u00a0\u00bb, introduit <strong>H\u00e9lo\u00efse Luzzati<\/strong>, violoncelliste.\u00a0 <\/p>\n<p>Pour retourner la situation, l\u2019artiste a cr\u00e9\u00e9 il y a cinq ans le festival <strong>Un temps pour elles<\/strong> au travers de l\u2019association La<strong> Cit\u00e9 des Compositrices<\/strong>. Ce rendez-vous propose chaque ann\u00e9e, dans le <a href=\"https:\/\/mesinfos.fr\/95450-vigny\/val-d-oise-un-concert-classique-au-profit-du-tres-degrade-chateau-de-vigny-205417.html\" rel=\"noopener\" target=\"_blank\">Val d&rsquo;Oise<\/a>, une s\u00e9rie de concerts en itin\u00e9rance, mettant en avant les compositrices oubli\u00e9es, afin de les r\u00e9int\u00e9grer dans la m\u00e9moire musicale collective. L\u2019\u00e9dition 2024 avait r\u00e9uni pr\u00e8s de <strong>1 600 spectateurs<\/strong>.\u00a0 <\/p>\n<p>Une programmation \u00e9clectique pour une histoire plurielle <\/p>\n<p>\u00ab\u00a0En 2025, du 6 juin au 6 juillet, 1<strong>3 concerts <\/strong>r\u00e9uniront plus de <strong>150 artistes<\/strong> dans sept lieux patrimoniaux du Val d\u2019Oise\u00a0\u00bb, poursuit H\u00e9lo\u00efse Luzzati. De l\u2019Abbaye de Maubuisson \u00e0 la Sc\u00e8ne Adamoise, en passant par les ch\u00e2teaux de Vigny et de La Roche-Guyon, le festival investit des sites charg\u00e9s d\u2019histoire. \u00ab\u00a0Nous tenons \u00e0 inscrire chaque concert dans une narration. L\u2019histoire se raconte autant par la musique que par le lieu\u00a0\u00bb, souligne la violoncelliste. En effet, l\u2019ADN du festival reste inchang\u00e9 : une itin\u00e9rance soign\u00e9e, o\u00f9 chaque date constitue une escale unique.<\/p>\n<p>\u00c9clectique, le programme navigue entre <strong>musique baroque<\/strong> et cr\u00e9ation contemporaine. Le concert d\u2019ouverture, qui a pour th\u00e8me Colombine, mettra en lumi\u00e8re les forces sombres de l\u2019Am\u00e9ricaine <strong>Ethel Smyth<\/strong>, entre autres. Durant un autre concert, c\u2019est la Norv\u00e9gienne <strong>Agathe Backer-Gr\u00f8ndahl <\/strong>(1847-1907), qui sera \u00e0 l\u2019honneur. Le festival donnera aussi \u00e0 entendre une \u0153uvre in\u00e9dite : le quintette \u00e0 deux violoncelles de Louise H\u00e9ritte-Viardot, n\u00e9e \u00e0 Paris en 1841.\u00a0<\/p>\n<p>\u00ab\u00a0Derri\u00e8re chaque concert, il y a des mois de recherches, de fouilles d\u2019archives, de d\u00e9chiffrage de manuscrits. On pr\u00e9pare certains concerts plus d&rsquo;un an \u00e0 l&rsquo;avance. C\u2019est un travail de fourmi, mais aussi un travail de m\u00e9moire\u00a0\u00bb, souligne la fondatrice du festival. <\/p>\n<p>Quand la musique devient rencontre <\/p>\n<p>Plus qu&rsquo;un concert, chaque soir\u00e9e est une rencontre. \u00ab\u00a0Je prends le temps de parler en d\u00e9but de concert, de contextualiser. Et \u00e0 la fin, on partage un verre avec le public. Ces \u00e9changes cr\u00e9ent une vraie fid\u00e9lit\u00e9, une proximit\u00e9 rare.\u00a0\u00bb Les musiciens invit\u00e9s comptent parmi les talents les plus brillants de la sc\u00e8ne fran\u00e7aise actuelle : Sophie de Bardonn\u00e8che, David Kadouch, le Quatuor Hanson, Rapha\u00eblle Moreau, Marielou Jacquard, Manon Galy\u2026<\/p>\n<p>Le D\u00e9partement du Val d\u2019Oise est un partenaire central de l\u2019\u00e9v\u00e9nement. \u00ab\u00a0En soutenant Un Temps pour Elles, nous r\u00e9affirmons notre volont\u00e9 de promouvoir une culture plus juste, plus inclusive et plus ambitieuse\u00a0\u00bb, souligne <strong>Marie-Christine Cavecchi<\/strong>, <a href=\"https:\/\/mesinfos.fr\/ile-de-france\/marie-christine-cavecchi-reconduite-a-la-tete-du-val-d-oise-39545.html\" rel=\"noopener\" target=\"_blank\">pr\u00e9sidente du D\u00e9partement<\/a>. Pour aller plus loin, une session hivernale exclusivement en ligne est pr\u00e9vue en d\u00e9cembre. L\u2019objectif : faire entendre des \u0153uvres jamais encore jou\u00e9es et les rendre accessibles au-del\u00e0 des fronti\u00e8res du d\u00e9partement, partout dans le monde. <\/p>\n<p><strong>.<\/strong><\/p>\n","protected":false},"excerpt":{"rendered":"\u00a9 blondinHD &#8211; \u00ab\u00a0Un Temps pour Elles\u00a0\u00bb redonne vie aux compositrices oubli\u00e9es : 13 concerts, 7 lieux embl\u00e9matiques&hellip;\n","protected":false},"author":2,"featured_media":148824,"comment_status":"","ping_status":"","sticky":false,"template":"","format":"standard","meta":{"footnotes":""},"categories":[1592],"tags":[1111,11,1777,674,3337,1011,27,662,12,626,25],"class_list":{"0":"post-148823","1":"post","2":"type-post","3":"status-publish","4":"format-standard","5":"has-post-thumbnail","7":"category-ile-de-france","8":"tag-actu","9":"tag-actualites","10":"tag-eu","11":"tag-europe","12":"tag-festivals","13":"tag-fr","14":"tag-france","15":"tag-ile-de-france","16":"tag-news","17":"tag-paris","18":"tag-republique-francaise"},"share_on_mastodon":{"url":"https:\/\/pubeurope.com\/@fr\/114619294928669243","error":""},"_links":{"self":[{"href":"https:\/\/www.europesays.com\/fr\/wp-json\/wp\/v2\/posts\/148823","targetHints":{"allow":["GET"]}}],"collection":[{"href":"https:\/\/www.europesays.com\/fr\/wp-json\/wp\/v2\/posts"}],"about":[{"href":"https:\/\/www.europesays.com\/fr\/wp-json\/wp\/v2\/types\/post"}],"author":[{"embeddable":true,"href":"https:\/\/www.europesays.com\/fr\/wp-json\/wp\/v2\/users\/2"}],"replies":[{"embeddable":true,"href":"https:\/\/www.europesays.com\/fr\/wp-json\/wp\/v2\/comments?post=148823"}],"version-history":[{"count":0,"href":"https:\/\/www.europesays.com\/fr\/wp-json\/wp\/v2\/posts\/148823\/revisions"}],"wp:featuredmedia":[{"embeddable":true,"href":"https:\/\/www.europesays.com\/fr\/wp-json\/wp\/v2\/media\/148824"}],"wp:attachment":[{"href":"https:\/\/www.europesays.com\/fr\/wp-json\/wp\/v2\/media?parent=148823"}],"wp:term":[{"taxonomy":"category","embeddable":true,"href":"https:\/\/www.europesays.com\/fr\/wp-json\/wp\/v2\/categories?post=148823"},{"taxonomy":"post_tag","embeddable":true,"href":"https:\/\/www.europesays.com\/fr\/wp-json\/wp\/v2\/tags?post=148823"}],"curies":[{"name":"wp","href":"https:\/\/api.w.org\/{rel}","templated":true}]}}