{"id":148825,"date":"2025-06-03T11:53:11","date_gmt":"2025-06-03T11:53:11","guid":{"rendered":"https:\/\/www.europesays.com\/fr\/148825\/"},"modified":"2025-06-03T11:53:11","modified_gmt":"2025-06-03T11:53:11","slug":"la-circulation-des-trains-sera-proche-de-la-normale-les-4-et-5-juin","status":"publish","type":"post","link":"https:\/\/www.europesays.com\/fr\/148825\/","title":{"rendered":"la circulation des trains sera \u00ab\u00a0proche de\u00a0la\u00a0normale\u00a0\u00bb les 4\u00a0et\u00a05\u00a0juin"},"content":{"rendered":"<p>                           <img loading=\"lazy\" decoding=\"async\" src=\"https:\/\/www.europesays.com\/fr\/wp-content\/uploads\/2025\/06\/ff5878b_ftp-import-images-1-0pgaslhrvffu-2025-05-06t113630z-2030911999-rc29cea1pqd5-rtrmadp-3-france.jpeg\" alt=\"Des passagers attendent dans le hall des d\u00e9parts de la gare Montparnasse (Paris), alors que les travailleurs de la SNCF ont appel\u00e9 \u00e0 une gr\u00e8ve, le\u00a06\u00a0mai\u00a02025.\"  width=\"664\" height=\"443\"\/>    Des passagers attendent dans le hall des d\u00e9parts de la gare Montparnasse (Paris), alors que les travailleurs de la SNCF ont appel\u00e9 \u00e0 une gr\u00e8ve, le\u00a06\u00a0mai\u00a02025.  ABDUL SABOOR \/ REUTERS                                   <\/p>\n<p class=\"article__paragraph  \">La circulation des trains s\u2019annonce proche de la normale mercredi 4\u00a0juin, a annonc\u00e9 le ministre charg\u00e9 des transports, Philippe Tabarot, \u00e0 la veille d\u2019<a href=\"https:\/\/www.lemonde.fr\/economie\/article\/2025\/05\/07\/sncf-la-cgt-cheminots-veut-poursuivre-la-mobilisation-et-appelle-a-la-greve-les-4-5-et-11-juin_6603862_3234.html\" target=\"_blank\" rel=\"noopener\">un appel \u00e0 la gr\u00e8ve des conducteurs lanc\u00e9 par la CGT-Cheminots<\/a>, pour demander une am\u00e9lioration de leurs primes.<\/p>\n<p class=\"article__paragraph  \">\u00ab\u00a0Il semblerait que la SNCF puisse assurer un plan de transport qui soit de bon niveau, quelques perturbations l\u00e9g\u00e8res en r\u00e9gion, RER\u00a0B, RER\u00a0D, mais, pour le reste, le plan de transport sera assur\u00e9 au maximum\u00a0\u00bb, a assur\u00e9 le ministre sur Public S\u00e9nat.<\/p>\n<p>             Prochaines gr\u00e8ves les 5\u00a0et 11\u00a0juin             <\/p>\n<p class=\"article__paragraph  \">Une circulation normale est \u00e9galement pr\u00e9vue jeudi 5\u00a0juin, o\u00f9 une gr\u00e8ve interprofessionnelle sur la question des retraites a \u00e9t\u00e9 annonc\u00e9e. La CGT-Cheminots a pr\u00e9vu une autre journ\u00e9e de mobilisation le 11\u00a0juin, en appelant cette fois les contr\u00f4leurs \u00e0 faire gr\u00e8ve.<\/p>\n<p class=\"article__paragraph  \">\u00ab\u00a0Les d\u00e9cisions et les discussions sur le financier ont lieu une fois par an pour les n\u00e9gociations annuelles obligatoires et pas tous les deux mois pour savoir si on rajoute une nouvelle prime\u00a0\u00bb, a tanc\u00e9 le ministre.<\/p>\n<p class=\"article__paragraph  \">Il a d\u00e9fendu son id\u00e9e d\u2019obliger les cheminots \u00e0 se d\u00e9clarer gr\u00e9vistes soixante-douze\u00a0heures \u00e0 l\u2019avance, contre quarante-huit\u00a0heures actuellement. Il avait d\u00e9j\u00e0 propos\u00e9 une loi, en tant que s\u00e9nateur, pour limiter le droit de gr\u00e8ve dans les transports.<\/p>\n<p class=\"article__paragraph  \">L\u2019appel \u00e0 la gr\u00e8ve des conducteurs s\u2019inscrit en marge d\u2019une table ronde pr\u00e9vue mercredi et consacr\u00e9e \u00e0 la prime dont b\u00e9n\u00e9ficie cette cat\u00e9gorie de travailleurs.<\/p>\n<p>                                Lire aussi |  Article r\u00e9serv\u00e9 \u00e0 nos abonn\u00e9s  <a href=\"https:\/\/www.lemonde.fr\/economie\/article\/2025\/05\/03\/greves-sncf-les-entreprises-concurrentes-en-profitent_6602622_3234.html\" class=\"js-article-read-also catcher--favoris__link\" data-premium=\"1\" id=\"article-title-3420761\" target=\"_blank\" rel=\"noopener\">Gr\u00e8ves SNCF\u00a0: les entreprises concurrentes en profitent<\/a>    <\/p>\n<p>   Lire plus tard  <\/p>\n<p class=\"author__detail\">  Le Monde avec AFP  <\/p>\n<p>                  <a href=\"https:\/\/www.lemonde.fr\/syndication\/\" class=\"reuse__content\" title=\"R\u00e9utiliser ce contenu\" target=\"_blank\" rel=\"noopener\">R\u00e9utiliser ce contenu<\/a>      <\/p>\n","protected":false},"excerpt":{"rendered":"Des passagers attendent dans le hall des d\u00e9parts de la gare Montparnasse (Paris), alors que les travailleurs de&hellip;\n","protected":false},"author":2,"featured_media":148826,"comment_status":"","ping_status":"","sticky":false,"template":"","format":"standard","meta":{"footnotes":""},"categories":[1888],"tags":[1111,1928,11,1927,1777,674,1011,27,12,1926,626,1925,25],"class_list":{"0":"post-148825","1":"post","2":"type-post","3":"status-publish","4":"format-standard","5":"has-post-thumbnail","7":"category-paris","8":"tag-actu","9":"tag-actu-paris","10":"tag-actualites","11":"tag-actualites-paris","12":"tag-eu","13":"tag-europe","14":"tag-fr","15":"tag-france","16":"tag-news","17":"tag-news-paris","18":"tag-paris","19":"tag-paris-news","20":"tag-republique-francaise"},"share_on_mastodon":{"url":"https:\/\/pubeurope.com\/@fr\/114619298873844739","error":""},"_links":{"self":[{"href":"https:\/\/www.europesays.com\/fr\/wp-json\/wp\/v2\/posts\/148825","targetHints":{"allow":["GET"]}}],"collection":[{"href":"https:\/\/www.europesays.com\/fr\/wp-json\/wp\/v2\/posts"}],"about":[{"href":"https:\/\/www.europesays.com\/fr\/wp-json\/wp\/v2\/types\/post"}],"author":[{"embeddable":true,"href":"https:\/\/www.europesays.com\/fr\/wp-json\/wp\/v2\/users\/2"}],"replies":[{"embeddable":true,"href":"https:\/\/www.europesays.com\/fr\/wp-json\/wp\/v2\/comments?post=148825"}],"version-history":[{"count":0,"href":"https:\/\/www.europesays.com\/fr\/wp-json\/wp\/v2\/posts\/148825\/revisions"}],"wp:featuredmedia":[{"embeddable":true,"href":"https:\/\/www.europesays.com\/fr\/wp-json\/wp\/v2\/media\/148826"}],"wp:attachment":[{"href":"https:\/\/www.europesays.com\/fr\/wp-json\/wp\/v2\/media?parent=148825"}],"wp:term":[{"taxonomy":"category","embeddable":true,"href":"https:\/\/www.europesays.com\/fr\/wp-json\/wp\/v2\/categories?post=148825"},{"taxonomy":"post_tag","embeddable":true,"href":"https:\/\/www.europesays.com\/fr\/wp-json\/wp\/v2\/tags?post=148825"}],"curies":[{"name":"wp","href":"https:\/\/api.w.org\/{rel}","templated":true}]}}