{"id":148831,"date":"2025-06-03T11:56:08","date_gmt":"2025-06-03T11:56:08","guid":{"rendered":"https:\/\/www.europesays.com\/fr\/148831\/"},"modified":"2025-06-03T11:56:08","modified_gmt":"2025-06-03T11:56:08","slug":"la-grande-mosquee-de-paris-demande-une-prise-de-conscience-urgente","status":"publish","type":"post","link":"https:\/\/www.europesays.com\/fr\/148831\/","title":{"rendered":"la Grande Mosqu\u00e9e de Paris demande une prise de conscience urgente"},"content":{"rendered":"<p>            Par<br \/>\n        <strong><br \/>\n            <a href=\"https:\/\/actu.fr\/auteur\/thomas-martin\" title=\"Consulter tous les articles de Thomas Martin\" rel=\"nofollow noopener\" target=\"_blank\">Thomas Martin<\/a><br \/>\n        <\/strong><\/p>\n<p>        Publi\u00e9 le<\/p>\n<p>            3 juin 2025 \u00e0 13h40        <\/p>\n<p>Le recteur de la <a href=\"https:\/\/actu.fr\/ile-de-france\/paris_75056\/aid-el-kebir-la-grande-mosquee-de-paris-rappelle-une-regle-fondamentale-aux-musulmans-de-france_62711981.html\" rel=\"nofollow noopener\" target=\"_blank\">Grande mosqu\u00e9e de Paris<\/a> Chems-eddine Hafiz a d\u00e9nonc\u00e9 mardi 3 juin, apr\u00e8s le <a href=\"https:\/\/actu.fr\/provence-alpes-cote-d-azur\/puget-sur-argens_83099\/var-un-homme-de-nationalite-francaise-interpelle-pour-meurtre-a-caractere-raciste-sur-son-voisin-tunisien_62715679.html\" rel=\"nofollow noopener\" target=\"_blank\">meurtre d\u2019un Tunisien<\/a> dans le Var, les discours \u00ab\u00a0racistes et islamophobes\u00a0\u00bb qui conduisent \u00ab\u00a0\u00e0 des faits d\u2019une extr\u00eame gravit\u00e9\u00a0\u00bb. \u00ab\u00a0Face \u00e0 cet acte terroriste, la Grande mosqu\u00e9e de Paris appelle \u00e0 une prise de conscience urgente et nationale sur le danger des discours x\u00e9nophobes, racistes et islamophobes\u00a0\u00bb, a affirm\u00e9 M. Hafiz dans un communiqu\u00e9.<\/p>\n<p>Un crime \u00ab\u00a0d\u2019une violence inqualifiable\u00a0\u00bb<\/p>\n<p class=\" wall-content\">\u00ab\u00a0Il est temps de s\u2019interroger sur les promoteurs de cette haine qui, dans les sph\u00e8res politiques et m\u00e9diatiques, s\u00e9vissent en toute impunit\u00e9 et conduisent \u00e0 des faits d\u2019une extr\u00eame gravit\u00e9\u00a0\u00bb, a-t-il ajout\u00e9.<\/p>\n<p class=\" wall-content\">Condamnant un crime \u00ab\u00a0d\u2019une violence inqualifiable\u00a0\u00bb, M. Hafiz a estim\u00e9 que \u00ab\u00a0quelques semaines apr\u00e8s l\u2019assassinat d\u2019Aboubakar Ciss\u00e9 dans une mosqu\u00e9e du Gard, une m\u00eame haine, aveugle et barbare, a frapp\u00e9 une nouvelle fois\u00a0\u00bb.<\/p>\n<p>Le Parquet national antiterroriste saisi<\/p>\n<p class=\" wall-content\">Le Parquet national antiterroriste (Pnat) s\u2019est saisi lundi de l\u2019enqu\u00eate sur le meurtre samedi dans le Var de cet homme de nationalit\u00e9 tunisienne. Selon une source proche du dossier, le suspect, qui avait diffus\u00e9 deux vid\u00e9os au contenu raciste, avait comme volont\u00e9 de \u00ab\u00a0troubler l\u2019ordre public par la terreur\u00a0\u00bb.<\/p>\n<p class=\" wall-content\">Le ministre tunisien de l\u2019Int\u00e9rieur Khaled Nouri a condamn\u00e9 lundi soir l\u2019assassinat de cet homme n\u00e9 en 1979, et a demand\u00e9 de prot\u00e9ger ses compatriotes, lors d\u2019un entretien t\u00e9l\u00e9phonique avec son homologue fran\u00e7ais Bruno Retailleau.<\/p>\n<p>Vid\u00e9os : en ce moment sur Actu<\/p>\n<p class=\" wall-content\">M. Retailleau devait se rendre \u00e0 l\u2019ambassade de Tunisie mardi pour rencontrer l\u2019ambassadeur et dire la solidarit\u00e9 de la France envers les Tunisiens apr\u00e8s ce crime raciste, selon l\u2019entourage du ministre.<\/p>\n<p class=\" wall-content\"><strong>Avec AFP<\/strong><\/p>\n<p class=\" wall-content\">Suivez toute l\u2019actualit\u00e9 de vos villes et m\u00e9dias favoris en vous inscrivant \u00e0 <a href=\"https:\/\/moncompte.actu.fr\" title=\"D\u00e9couvez Mon Actu\" rel=\"nofollow noopener\" data-trk=\"{&quot;cta&quot;:{&quot;action&quot;:&quot;https:\\\/\\\/moncompte.actu.fr&quot;,&quot;category&quot;:&quot;mon compte&quot;,&quot;from&quot;:&quot;article footer&quot;,&quot;name&quot;:&quot;Mon actu&quot;,&quot;type&quot;:&quot;cta&quot;}}\" target=\"_blank\">Mon Actu<\/a>.<\/p>\n","protected":false},"excerpt":{"rendered":"Par Thomas Martin Publi\u00e9 le 3 juin 2025 \u00e0 13h40 Le recteur de la Grande mosqu\u00e9e de Paris&hellip;\n","protected":false},"author":2,"featured_media":148832,"comment_status":"","ping_status":"","sticky":false,"template":"","format":"standard","meta":{"footnotes":""},"categories":[1888],"tags":[11,1777,674,1011,27,5318,777,12,626,4020,25,104],"class_list":{"0":"post-148831","1":"post","2":"type-post","3":"status-publish","4":"format-standard","5":"has-post-thumbnail","7":"category-paris","8":"tag-actualites","9":"tag-eu","10":"tag-europe","11":"tag-fr","12":"tag-france","13":"tag-islam","14":"tag-meurtre","15":"tag-news","16":"tag-paris","17":"tag-religion","18":"tag-republique-francaise","19":"tag-societe"},"share_on_mastodon":{"url":"https:\/\/pubeurope.com\/@fr\/114619310703581773","error":""},"_links":{"self":[{"href":"https:\/\/www.europesays.com\/fr\/wp-json\/wp\/v2\/posts\/148831","targetHints":{"allow":["GET"]}}],"collection":[{"href":"https:\/\/www.europesays.com\/fr\/wp-json\/wp\/v2\/posts"}],"about":[{"href":"https:\/\/www.europesays.com\/fr\/wp-json\/wp\/v2\/types\/post"}],"author":[{"embeddable":true,"href":"https:\/\/www.europesays.com\/fr\/wp-json\/wp\/v2\/users\/2"}],"replies":[{"embeddable":true,"href":"https:\/\/www.europesays.com\/fr\/wp-json\/wp\/v2\/comments?post=148831"}],"version-history":[{"count":0,"href":"https:\/\/www.europesays.com\/fr\/wp-json\/wp\/v2\/posts\/148831\/revisions"}],"wp:featuredmedia":[{"embeddable":true,"href":"https:\/\/www.europesays.com\/fr\/wp-json\/wp\/v2\/media\/148832"}],"wp:attachment":[{"href":"https:\/\/www.europesays.com\/fr\/wp-json\/wp\/v2\/media?parent=148831"}],"wp:term":[{"taxonomy":"category","embeddable":true,"href":"https:\/\/www.europesays.com\/fr\/wp-json\/wp\/v2\/categories?post=148831"},{"taxonomy":"post_tag","embeddable":true,"href":"https:\/\/www.europesays.com\/fr\/wp-json\/wp\/v2\/tags?post=148831"}],"curies":[{"name":"wp","href":"https:\/\/api.w.org\/{rel}","templated":true}]}}