{"id":14884,"date":"2025-04-10T11:56:07","date_gmt":"2025-04-10T11:56:07","guid":{"rendered":"https:\/\/www.europesays.com\/fr\/14884\/"},"modified":"2025-04-10T11:56:07","modified_gmt":"2025-04-10T11:56:07","slug":"pouvoir-dachat-il-manque-531-euros-par-mois-aux-retraites-pour-bien-vivre","status":"publish","type":"post","link":"https:\/\/www.europesays.com\/fr\/14884\/","title":{"rendered":"Pouvoir d\u2019achat\u00a0: il manque 531\u00a0euros par mois aux retrait\u00e9s pour bien vivre"},"content":{"rendered":"<p class=\"paragraph text_align_left\">Mais pour les principaux int\u00e9ress\u00e9s, le d\u00e9bat est tranch\u00e9. Selon une \u00e9tude r\u00e9alis\u00e9e par Silver Alliance (r\u00e9alis\u00e9e du 14 au 24 f\u00e9vrier aupr\u00e8s de 610 retrait\u00e9s \u00e2g\u00e9s de 65 ans ou plus, vivant seul ou en couple), collectif d\u2019entreprises du bien vieillir, et CSA Research que nous vous d\u00e9voilons, les Fran\u00e7ais de plus de 65 ans estiment qu\u2019il leur manque en moyenne 531 euros pour passer une retraite confortable. Dans le d\u00e9tail, c\u2019est 438 euros pour une personne seule et 597 euros pour un couple. Se trouvent-ils tous dans cette situation ?<\/p>\n","protected":false},"excerpt":{"rendered":"Mais pour les principaux int\u00e9ress\u00e9s, le d\u00e9bat est tranch\u00e9. Selon une \u00e9tude r\u00e9alis\u00e9e par Silver Alliance (r\u00e9alis\u00e9e du&hellip;\n","protected":false},"author":2,"featured_media":14885,"comment_status":"","ping_status":"","sticky":false,"template":"","format":"standard","meta":{"footnotes":""},"categories":[2],"tags":[11,33,1011,27,12,6337],"class_list":{"0":"post-14884","1":"post","2":"type-post","3":"status-publish","4":"format-standard","5":"has-post-thumbnail","7":"category-actualites","8":"tag-actualites","9":"tag-economie","10":"tag-fr","11":"tag-france","12":"tag-news","13":"tag-votre-argent"},"share_on_mastodon":{"url":"https:\/\/pubeurope.com\/@fr\/114313545843085645","error":""},"_links":{"self":[{"href":"https:\/\/www.europesays.com\/fr\/wp-json\/wp\/v2\/posts\/14884","targetHints":{"allow":["GET"]}}],"collection":[{"href":"https:\/\/www.europesays.com\/fr\/wp-json\/wp\/v2\/posts"}],"about":[{"href":"https:\/\/www.europesays.com\/fr\/wp-json\/wp\/v2\/types\/post"}],"author":[{"embeddable":true,"href":"https:\/\/www.europesays.com\/fr\/wp-json\/wp\/v2\/users\/2"}],"replies":[{"embeddable":true,"href":"https:\/\/www.europesays.com\/fr\/wp-json\/wp\/v2\/comments?post=14884"}],"version-history":[{"count":0,"href":"https:\/\/www.europesays.com\/fr\/wp-json\/wp\/v2\/posts\/14884\/revisions"}],"wp:featuredmedia":[{"embeddable":true,"href":"https:\/\/www.europesays.com\/fr\/wp-json\/wp\/v2\/media\/14885"}],"wp:attachment":[{"href":"https:\/\/www.europesays.com\/fr\/wp-json\/wp\/v2\/media?parent=14884"}],"wp:term":[{"taxonomy":"category","embeddable":true,"href":"https:\/\/www.europesays.com\/fr\/wp-json\/wp\/v2\/categories?post=14884"},{"taxonomy":"post_tag","embeddable":true,"href":"https:\/\/www.europesays.com\/fr\/wp-json\/wp\/v2\/tags?post=14884"}],"curies":[{"name":"wp","href":"https:\/\/api.w.org\/{rel}","templated":true}]}}