{"id":148846,"date":"2025-06-03T12:04:09","date_gmt":"2025-06-03T12:04:09","guid":{"rendered":"https:\/\/www.europesays.com\/fr\/148846\/"},"modified":"2025-06-03T12:04:09","modified_gmt":"2025-06-03T12:04:09","slug":"apres-la-victoire-du-camp-nationaliste-le-premier-ministre-donald-tusk-va-demander-un-vote-de-confiance-au-parlement-liberation","status":"publish","type":"post","link":"https:\/\/www.europesays.com\/fr\/148846\/","title":{"rendered":"apr\u00e8s la victoire du camp nationaliste, le Premier ministre Donald Tusk va demander un vote de confiance au Parlement \u2013 Lib\u00e9ration"},"content":{"rendered":"<p class=\"sc-ksZaOG ehjQrN text-element\">Un vote \u00e0 l\u2019allure de mesure de gouvernabilit\u00e9. Le Premier ministre polonais, Donald Tusk, a annonc\u00e9 lundi 2 juin dans la soir\u00e9e, lors d\u2019une \u00e9mission t\u00e9l\u00e9vis\u00e9e, qu\u2019il allait prochainement demander la confiance au Parlement au lendemain de <a href=\"https:\/\/www.liberation.fr\/international\/europe\/presidentielle-en-pologne-le-candidat-centriste-et-pro-europeen-rafal-trzaskowski-avec-une-tres-courte-avance-selon-les-premiers-sondages-sortis-des-urnes-20250601_2X24PZQF6JBCPMGW7B4AAAPU74\/\" target=\"_blank\" rel=\"noopener\" title=\"https:\/\/www.liberation.fr\/international\/europe\/presidentielle-en-pologne-le-candidat-centriste-et-pro-europeen-rafal-trzaskowski-avec-une-tres-courte-avance-selon-les-premiers-sondages-sortis-des-urnes-20250601_2X24PZQF6JBCPMGW7B4AAAPU74\/\">la victoire du candidat nationaliste \u00e0 l\u2019\u00e9lection pr\u00e9sidentielle.<\/a> \u00abLe premier test\u00bb pour le gouvernement, a ajout\u00e9 le responsable centriste, lib\u00e9ral et pro-europ\u00e9en.<\/p>\n<p class=\"sc-ksZaOG ehjQrN text-element\">Selon les r\u00e9sultats officiels publi\u00e9s lundi matin, <a href=\"https:\/\/www.liberation.fr\/international\/europe\/karol-nawrocki-lhistorien-nationaliste-aux-multiples-casseroles-devenu-president-de-la-pologne-20250602_EGS3GEAKSJEOBK5HSZ5MXKFFRQ\/\" target=\"_blank\" rel=\"noreferrer noopener\" title=\"https:\/\/www.liberation.fr\/international\/europe\/karol-nawrocki-lhistorien-nationaliste-aux-multiples-casseroles-devenu-president-de-la-pologne-20250602_EGS3GEAKSJEOBK5HSZ5MXKFFRQ\/\">Karol Nawrocki<\/a>, soutenu par le parti d\u2019opposition nationaliste PiS, a remport\u00e9 50,89 % des voix contre 49,11 % pour le pro-europ\u00e9en Rafal Trzaskowski au second tour du scrutin pr\u00e9sidentiel. Ces r\u00e9sultats ont ainsi confirm\u00e9 la polarisation profonde dans ce pays membre de l\u2019Otan et de l\u2019Union europ\u00e9enne.<\/p>\n<p class=\"sc-ksZaOG ehjQrN text-element\">Donald Tusk a promis de poursuivre la gouvernance du pays et exprim\u00e9 l\u2019espoir de pouvoir coop\u00e9rer avec le nouveau pr\u00e9sident \u00e9lu Karol Nawrocki. \u00abJe veux vous d\u00e9clarer \u00e0 tous aujourd\u2019hui que je ne m\u2019arr\u00eaterai pas un instant, en tant que Premier ministre, dans mon travail et dans notre lutte commune pour la Pologne de nos r\u00eaves [\u2026] : libre, souveraine, s\u00fbre et prosp\u00e8re\u00bb, a-t-il poursuivi.<\/p>\n<p class=\"sc-ksZaOG ehjQrN text-element\">Et le Premier ministre polonais d\u2019assurer : \u00abL\u2019\u00e9lection pr\u00e9sidentielle n\u2019a rien chang\u00e9 ici et ne changera rien.\u00bb En principe, la coalition gouvernementale dispose de la majorit\u00e9 au Parlement lui permettant d\u2019obtenir la confiance de la Chambre.<\/p>\n<p class=\"sc-ksZaOG ehjQrN text-element\">En Pologne, le chef de l\u2019Etat, dont le mandat est de cinq ans, exerce une certaine influence sur la politique \u00e9trang\u00e8re et de d\u00e9fense. Il dispose surtout d\u2019un pouvoir de veto au niveau l\u00e9gislatif. Plusieurs r\u00e9formes pr\u00e9vues par Donald Tusk, ancien pr\u00e9sident du Conseil europ\u00e9en arriv\u00e9 au pouvoir en 2023, ont ainsi \u00e9t\u00e9 bloqu\u00e9es en raison de l\u2019impasse avec le pr\u00e9sident sortant, Andrzej Duda.<\/p>\n<p class=\"sc-ksZaOG ehjQrN text-element\">Juste avant le bref discours de Donald Tusk, le chef du PiS, Jaroslaw Kaczynski, a estim\u00e9 que le r\u00e9sultat de la pr\u00e9sidentielle \u00e9tait \u00abun carton rouge\u00bb pour le gouvernement. Il a par ailleurs appel\u00e9 \u00e0 la cr\u00e9ation d\u2019un \u00abgouvernement apolitique et technique\u00bb compos\u00e9 d\u2019experts, tandis que les prochaines \u00e9lections l\u00e9gislatives sont pr\u00e9vues en Pologne en 2027.<\/p>\n","protected":false},"excerpt":{"rendered":"Un vote \u00e0 l\u2019allure de mesure de gouvernabilit\u00e9. Le Premier ministre polonais, Donald Tusk, a annonc\u00e9 lundi 2&hellip;\n","protected":false},"author":2,"featured_media":148847,"comment_status":"","ping_status":"","sticky":false,"template":"","format":"standard","meta":{"footnotes":""},"categories":[2],"tags":[11,19429,1011,27,12,2437,25],"class_list":{"0":"post-148846","1":"post","2":"type-post","3":"status-publish","4":"format-standard","5":"has-post-thumbnail","7":"category-actualites","8":"tag-actualites","9":"tag-donald-tusk","10":"tag-fr","11":"tag-france","12":"tag-news","13":"tag-pologne","14":"tag-republique-francaise"},"share_on_mastodon":{"url":"https:\/\/pubeurope.com\/@fr\/114619342398894928","error":""},"_links":{"self":[{"href":"https:\/\/www.europesays.com\/fr\/wp-json\/wp\/v2\/posts\/148846","targetHints":{"allow":["GET"]}}],"collection":[{"href":"https:\/\/www.europesays.com\/fr\/wp-json\/wp\/v2\/posts"}],"about":[{"href":"https:\/\/www.europesays.com\/fr\/wp-json\/wp\/v2\/types\/post"}],"author":[{"embeddable":true,"href":"https:\/\/www.europesays.com\/fr\/wp-json\/wp\/v2\/users\/2"}],"replies":[{"embeddable":true,"href":"https:\/\/www.europesays.com\/fr\/wp-json\/wp\/v2\/comments?post=148846"}],"version-history":[{"count":0,"href":"https:\/\/www.europesays.com\/fr\/wp-json\/wp\/v2\/posts\/148846\/revisions"}],"wp:featuredmedia":[{"embeddable":true,"href":"https:\/\/www.europesays.com\/fr\/wp-json\/wp\/v2\/media\/148847"}],"wp:attachment":[{"href":"https:\/\/www.europesays.com\/fr\/wp-json\/wp\/v2\/media?parent=148846"}],"wp:term":[{"taxonomy":"category","embeddable":true,"href":"https:\/\/www.europesays.com\/fr\/wp-json\/wp\/v2\/categories?post=148846"},{"taxonomy":"post_tag","embeddable":true,"href":"https:\/\/www.europesays.com\/fr\/wp-json\/wp\/v2\/tags?post=148846"}],"curies":[{"name":"wp","href":"https:\/\/api.w.org\/{rel}","templated":true}]}}