{"id":14886,"date":"2025-04-10T11:57:20","date_gmt":"2025-04-10T11:57:20","guid":{"rendered":"https:\/\/www.europesays.com\/fr\/14886\/"},"modified":"2025-04-10T11:57:20","modified_gmt":"2025-04-10T11:57:20","slug":"avec-la-tempete-olivier-la-meteo-va-se-degrader-en-bretagne-les-previsions","status":"publish","type":"post","link":"https:\/\/www.europesays.com\/fr\/14886\/","title":{"rendered":"avec la temp\u00eate Olivier, la m\u00e9t\u00e9o va se d\u00e9grader en Bretagne, les pr\u00e9visions"},"content":{"rendered":"<p>            Par<br \/>\n        <strong><br \/>\n            <a href=\"https:\/\/actu.fr\/auteur\/laurene-fertin\" title=\"Consulter tous les articles de Laur\u00e8ne Fertin\" target=\"_blank\" rel=\"noopener\">Laur\u00e8ne Fertin<\/a><br \/>\n        <\/strong><\/p>\n<p>        Publi\u00e9 le<\/p>\n<p>            9 avr. 2025 \u00e0 17h53        <\/p>\n<p>Fini le beau temps. Apr\u00e8s plusieurs jours de soleil en <a href=\"https:\/\/actu.fr\/bretagne\/\" target=\"_blank\" rel=\"noopener\">Bretagne<\/a> et des<strong> temp\u00e9ratures (tr\u00e8s) douces<\/strong>, la <a href=\"https:\/\/actu.fr\/meteo\" target=\"_blank\" rel=\"noopener\">m\u00e9t\u00e9o<\/a> va <strong>radicalement changer<\/strong> pour laisser place \u00e0 de <strong>l\u2019instabilit\u00e9.<\/strong><\/p>\n<p class=\" wall-content\">Une <strong>d\u00e9gradation,<\/strong> li\u00e9e \u00e0 la <a href=\"https:\/\/actu.fr\/meteo\/une-nouvelle-tempete-touche-l-europe-cette-semaine-elle-s-appelle-olivier-quelles-consequences-en-france_62481600.html\" target=\"_blank\" rel=\"noopener\"><strong>temp\u00eate Olivier<\/strong> qui touchera l\u2019Europe cette semaine<\/a>, va provoquer <strong>pr\u00e9cipitations<\/strong> et <strong>averses orageuses<\/strong> sur une bonne partie de la France. Malheureusement, <strong>la Bretagne<\/strong> ne sera <strong>pas \u00e9pargn\u00e9e.<\/strong>\u00a0<\/p>\n<p>Des pr\u00e9cipitations d\u00e8s ce week-end<\/p>\n<p class=\" wall-content\">\u00ab\u00a0D\u00e8s samedi 12 avril, le changement de temps va se caract\u00e9riser par <strong>des remont\u00e9es de nuages<\/strong> dans le sud-ouest en lien avec la temp\u00eate Olivier\u00a0\u00bb, d\u00e9veloppe en effet Yann Amice, m\u00e9t\u00e9orologue, contact\u00e9 par la r\u00e9daction d\u2019<a href=\"https:\/\/actu.fr\/rennes\/\" target=\"_blank\" rel=\"noopener\">actu Rennes<\/a>.\u00a0<\/p>\n<blockquote class=\"ac-article-quote wall-content\">\n<p>Sur la fa\u00e7ade ouest, en Bretagne notamment, des premi\u00e8res averses sont attendues samedi 12 avril.<\/p>\n<p>    <strong>Yann Amice<\/strong><br \/>\n        M\u00e9t\u00e9orologue    <\/p><\/blockquote>\n<p class=\" wall-content\">Ces averses vont toucher ensuite l\u2019est de la France en journ\u00e9e. Dimanche, <strong>la d\u00e9gradation <\/strong>va se manifester sur une bonne partie de l\u2019Hexagone ; en Bretagne, la journ\u00e9e sera teint\u00e9e <strong>d\u2019un caract\u00e8re orageux.<\/strong><\/p>\n<p>Vid\u00e9os : en ce moment sur Actu<br \/>\n      <img   decoding=\"async\" loading=\"lazy\" src=\"https:\/\/www.europesays.com\/fr\/wp-content\/uploads\/2025\/04\/test-800x640.jpg\" alt=\"xxx\" width=\"800\" height=\"640\"\/><br \/>\n    Les averses orageuses mat\u00e9rialis\u00e9es sur une carte, samedi 12 avril 2025, \u00e0 8 h. (Transmis \u00e0 actu Rennes \u00a9 Weather\u2019n\u2019Co)<\/p>\n<p class=\" wall-content\">Toutefois, il ne faut pas s\u2019attendre \u00e0 un \u00ab\u00a0gros rideau de pluie\u00a0\u00bb : les averses seront pr\u00e9sentes \u00ab\u00a0<strong>ici et l\u00e0\u00a0\u00bb<\/strong>. \u00ab\u00a0En centre Bretagne\u00a0\u00bb, pr\u00e9cise Yann Amice, <strong>\u00ab\u00a0les averses seront orageuses<\/strong> ce qui ne veut pas dire qu\u2019il y aura effectivement des orages.\u00a0\u00bb<\/p>\n<p>Une l\u00e9g\u00e8re baisse des temp\u00e9ratures<\/p>\n<p class=\" wall-content\"><strong>D\u00e8s lundi 14 et mardi 15 avril<\/strong>, \u00ab\u00a0des faibles pressions en surface avec, en altitude, un air froid de plus en plus pr\u00e9sent vont <strong>renforcer l\u2019instabilit\u00e9<\/strong> sur l\u2019ensemble de la France\u00a0\u00bb, poursuit le m\u00e9t\u00e9orologue, fondateur de <a href=\"https:\/\/www.weathernco.com\/\" target=\"_blank\" rel=\"noopener\">Weather\u2019n\u2019Co<\/a>.\u00a0Un temps <strong>\u00ab\u00a0tr\u00e8s chaotique\u00a0\u00bb,<\/strong> pointe Yann Amice, \u00ab\u00a0o\u00f9 il pleuvra ici et l\u00e0\u00a0\u00bb.<\/p>\n<p class=\" wall-content\">C\u00f4t\u00e9 <strong>temp\u00e9ratures,<\/strong> ce ne sera pas le grand \u00e9cart avec les 22 \u00b0C atteints ces derniers jours en Bretagne.\u00a0<\/p>\n<blockquote class=\"ac-article-quote wall-content\">\n<p>Les temp\u00e9ratures vont rester \u00e9lev\u00e9es samedi et dimanche. On ne retrouvera pas les temp\u00e9ratures que l&rsquo;on a en ce moment, le mercure va chuter vers les 15, 16 \u00b0C.<\/p>\n<p>    <strong>Yann Amice<\/strong><br \/>\n        M\u00e9t\u00e9orologue    <\/p><\/blockquote>\n<p>      <img   decoding=\"async\" loading=\"lazy\" src=\"https:\/\/www.europesays.com\/fr\/wp-content\/uploads\/2025\/04\/temperatures-test-800x640.jpg\" alt=\"xxxx\" width=\"800\" height=\"640\"\/><br \/>\n    Les temp\u00e9ratures vont chuter d\u2019ici aux prochains jours en Bretagne et plus largement, dans l\u2019Hexagone. (Transmis \u00e0 actu Rennes \u00a9 Weather\u2019n\u2019Co)\u00ab\u00a0Des hauts et des bas\u00a0\u00bb<\/p>\n<p class=\" wall-content\">La m\u00e9t\u00e9o du mois d\u2019avril est-elle <strong>singuli\u00e8re<\/strong> cette ann\u00e9e ? \u00ab\u00a0Le mois d\u2019avril est toujours un mois avec des hauts et des bas\u00a0\u00bb, note Yann Amice.<\/p>\n<blockquote class=\"ac-article-quote wall-content\">\n<p>En sortie d&rsquo;hiver jusqu&rsquo;au printemps, il y a toujours des facteurs d&rsquo;instabilit\u00e9. Cette ann\u00e9e n&rsquo;y \u00e9chappe pas.<\/p>\n<p>    <strong>Yann Amice<\/strong><br \/>\n        M\u00e9t\u00e9orologue    <\/p><\/blockquote>\n<p class=\" wall-content\">Le temps retrouvera une <strong>certaine qui\u00e9tude<\/strong> au-del\u00e0 du 20, 21 avril selon le m\u00e9t\u00e9orologue, \u00ab\u00a0mais pas avant\u00a0\u00bb.\u00a0<\/p>\n<p class=\" wall-content\">Suivez toute l\u2019actualit\u00e9 de vos villes et m\u00e9dias favoris en vous inscrivant \u00e0 <a href=\"https:\/\/moncompte.actu.fr\" title=\"D\u00e9couvez Mon Actu\" rel=\"nofollow noopener\" data-trk=\"{&quot;cta&quot;:{&quot;action&quot;:&quot;https:\\\/\\\/moncompte.actu.fr&quot;,&quot;category&quot;:&quot;mon compte&quot;,&quot;from&quot;:&quot;article footer&quot;,&quot;name&quot;:&quot;Mon actu&quot;,&quot;type&quot;:&quot;cta&quot;}}\" target=\"_blank\">Mon Actu<\/a>.<\/p>\n","protected":false},"excerpt":{"rendered":"Par Laur\u00e8ne Fertin Publi\u00e9 le 9 avr. 2025 \u00e0 17h53 Fini le beau temps. Apr\u00e8s plusieurs jours de&hellip;\n","protected":false},"author":2,"featured_media":14887,"comment_status":"","ping_status":"","sticky":false,"template":"","format":"standard","meta":{"footnotes":""},"categories":[2821],"tags":[1111,11,829,1777,674,1011,27,2487,12,4594,4459,584,25],"class_list":{"0":"post-14886","1":"post","2":"type-post","3":"status-publish","4":"format-standard","5":"has-post-thumbnail","7":"category-rennes","8":"tag-actu","9":"tag-actualites","10":"tag-bretagne","11":"tag-eu","12":"tag-europe","13":"tag-fr","14":"tag-france","15":"tag-meteo","16":"tag-news","17":"tag-orages","18":"tag-pluie","19":"tag-rennes","20":"tag-republique-francaise"},"share_on_mastodon":{"url":"https:\/\/pubeurope.com\/@fr\/114313549779175967","error":""},"_links":{"self":[{"href":"https:\/\/www.europesays.com\/fr\/wp-json\/wp\/v2\/posts\/14886","targetHints":{"allow":["GET"]}}],"collection":[{"href":"https:\/\/www.europesays.com\/fr\/wp-json\/wp\/v2\/posts"}],"about":[{"href":"https:\/\/www.europesays.com\/fr\/wp-json\/wp\/v2\/types\/post"}],"author":[{"embeddable":true,"href":"https:\/\/www.europesays.com\/fr\/wp-json\/wp\/v2\/users\/2"}],"replies":[{"embeddable":true,"href":"https:\/\/www.europesays.com\/fr\/wp-json\/wp\/v2\/comments?post=14886"}],"version-history":[{"count":0,"href":"https:\/\/www.europesays.com\/fr\/wp-json\/wp\/v2\/posts\/14886\/revisions"}],"wp:featuredmedia":[{"embeddable":true,"href":"https:\/\/www.europesays.com\/fr\/wp-json\/wp\/v2\/media\/14887"}],"wp:attachment":[{"href":"https:\/\/www.europesays.com\/fr\/wp-json\/wp\/v2\/media?parent=14886"}],"wp:term":[{"taxonomy":"category","embeddable":true,"href":"https:\/\/www.europesays.com\/fr\/wp-json\/wp\/v2\/categories?post=14886"},{"taxonomy":"post_tag","embeddable":true,"href":"https:\/\/www.europesays.com\/fr\/wp-json\/wp\/v2\/tags?post=14886"}],"curies":[{"name":"wp","href":"https:\/\/api.w.org\/{rel}","templated":true}]}}