{"id":148860,"date":"2025-06-03T12:14:08","date_gmt":"2025-06-03T12:14:08","guid":{"rendered":"https:\/\/www.europesays.com\/fr\/148860\/"},"modified":"2025-06-03T12:14:08","modified_gmt":"2025-06-03T12:14:08","slug":"on-ne-pouvait-pas-continuer","status":"publish","type":"post","link":"https:\/\/www.europesays.com\/fr\/148860\/","title":{"rendered":"\u00ab On ne pouvait pas continuer \u00bb"},"content":{"rendered":"<p>            Par<br \/>\n        <strong><br \/>\n            <a href=\"https:\/\/actu.fr\/auteur\/romain-michel\" title=\"Consulter tous les articles de Romain Michel\" target=\"_blank\" rel=\"noopener\">Romain Michel<\/a><br \/>\n        <\/strong><\/p>\n<p>        Publi\u00e9 le<\/p>\n<p>            3 juin 2025 \u00e0 11h36        <\/p>\n<p>La mont\u00e9e de <a href=\"https:\/\/actu.fr\/normandie\/menil-hubert-sur-orne_61269\" target=\"_blank\" rel=\"noopener\">M\u00e9nil-Hubert-sur-Orne<\/a> (<b>Orne<\/b>) se pr\u00e9sente sous les roues <a href=\"https:\/\/actu.fr\/sports\/cyclisme\" target=\"_blank\" rel=\"noopener\">des cyclistes<\/a>. Le rythme s\u2019acc\u00e9l\u00e8re\u2026 Une, deux, trois attaques, puis la surprise\u2009:<b> la course s\u2019arr\u00eate<\/b>.<\/p>\n<p class=\" wall-content\">Le peloton du Tour de <a href=\"https:\/\/actu.fr\/tag\/flers-agglo\" target=\"_blank\" rel=\"noopener\">Flers Agglo<\/a> est lanc\u00e9 dans <b>une troisi\u00e8me \u00e9tape haletante<\/b> qui va d\u00e9cider du sort de la course par \u00e9tapes <a href=\"https:\/\/actu.fr\/normandie\/orne_61\" target=\"_blank\" rel=\"noopener\">ornaise<\/a>, lorsque les coureurs doivent poser pied \u00e0 terre.<\/p>\n<p>Deux chutes en deux kilom\u00e8tres<\/p>\n<p class=\" wall-content\">Pour comprendre la situation, il faut revenir quelques kilom\u00e8tres en arri\u00e8re. Au niveau de <a href=\"https:\/\/actu.fr\/normandie\/athis-val-de-rouvre_61007\" target=\"_blank\" rel=\"noopener\">S\u00e9grie-Fontaine<\/a>, <b>une premi\u00e8re chute<\/b> implique un cycliste seul. L\u2019ambulance de la course vient lui porter les premiers soins. Le v\u00e9hicule reste \u00e0 ses c\u00f4t\u00e9s quelques minutes, puis repart.<\/p>\n<p class=\" wall-content\">Au m\u00eame moment, un <a href=\"https:\/\/actu.fr\/tag\/accident\" target=\"_blank\" rel=\"noopener\">nouvel incident<\/a> de course envoie au sol <b>plusieurs coureurs \u00e0 Rouvrou<\/b>, au pied de la mont\u00e9e de M\u00e9nil-Hubert-sur-Orne. Pas encore sur place, on devine que l\u2019ambulance va devoir rester arr\u00eat\u00e9e un moment.<\/p>\n<p>Vid\u00e9os : en ce moment sur Actu<\/p>\n<p class=\" wall-content\">La conclusion est rapide\u2009: aucun v\u00e9hicule m\u00e9dical ne sera derri\u00e8re le peloton durant les prochains kilom\u00e8tres. <b>La s\u00e9curit\u00e9 des coureurs n\u2019est plus assur\u00e9e <\/b>et la course doit s\u2019arr\u00eater.<\/p>\n<p>\u00ab\u2009Pour la s\u00e9curit\u00e9 des coureurs\u2009\u00bb<\/p>\n<p class=\" wall-content\">Une <b>d\u00e9cision logique et implacable<\/b>. \u00ab\u2009C\u2019est dans la r\u00e9glementation pour <a href=\"https:\/\/actu.fr\/tag\/securite-routiere\" target=\"_blank\" rel=\"noopener\">la s\u00e9curit\u00e9 des coureurs<\/a>\u2009\u00bb, explique Philippe Durand, le pr\u00e9sident <a href=\"https:\/\/actu.fr\/normandie\/flers_61169\" target=\"_blank\" rel=\"noopener\">de Flers<\/a> Cyclisme 61, club organisateur.<\/p>\n<blockquote class=\"ac-article-quote wall-content\">\n<p>Il est oblig\u00e9 que le m\u00e9decin puisse suivre la course, c\u2019est la s\u00e9curit\u00e9 avant toute chose. On ne pouvait pas continuer. Ce sont les circonstances de course, les chutes font partie du v\u00e9lo.<\/p>\n<p>Philippe Durand, pr\u00e9sident de Flers Cyclisme 61<\/p><\/blockquote>\n<p class=\" wall-content\">Un <b>\u00e9v\u00e8nement rare<\/b>, mais pas in\u00e9dit sur l\u2019\u00e9preuve ornaise. \u00ab\u2009Il y a d\u00e9j\u00e0 eu <b>deux neutralisations<\/b>. Une fois en 2020 pour une erreur de parcours, c\u2019\u00e9tait diff\u00e9rent. Et il y a quelques ann\u00e9es avec une grosse chute collective qui avait envoy\u00e9 au sol une trentaine de coureurs, dont plusieurs s\u2019\u00e9taient bless\u00e9s gravement.\u2009\u00bb<\/p>\n<p class=\" wall-content\">Cette fois-ci, plus de peur que de mal, aucun cycliste n\u2019a \u00e9t\u00e9 emmen\u00e9 <a href=\"https:\/\/actu.fr\/tag\/hopital\" target=\"_blank\" rel=\"noopener\">\u00e0 l\u2019h\u00f4pital<\/a>. Le temps de faire revenir l\u2019ambulance \u00e0 hauteur du peloton et <b>la course s\u2019est relanc\u00e9e pour les 50 derniers kilom\u00e8tres.<\/b><\/p>\n<p class=\" wall-content\">Suivez toute l\u2019actualit\u00e9 de vos villes et m\u00e9dias favoris en vous inscrivant \u00e0 <a href=\"https:\/\/moncompte.actu.fr\" title=\"D\u00e9couvez Mon Actu\" rel=\"nofollow noopener\" data-trk=\"{&quot;cta&quot;:{&quot;action&quot;:&quot;https:\\\/\\\/moncompte.actu.fr&quot;,&quot;category&quot;:&quot;mon compte&quot;,&quot;from&quot;:&quot;article footer&quot;,&quot;name&quot;:&quot;Mon actu&quot;,&quot;type&quot;:&quot;cta&quot;}}\" target=\"_blank\">Mon Actu<\/a>.<\/p>\n","protected":false},"excerpt":{"rendered":"Par Romain Michel Publi\u00e9 le 3 juin 2025 \u00e0 11h36 La mont\u00e9e de M\u00e9nil-Hubert-sur-Orne (Orne) se pr\u00e9sente sous&hellip;\n","protected":false},"author":2,"featured_media":148861,"comment_status":"","ping_status":"","sticky":false,"template":"","format":"standard","meta":{"footnotes":""},"categories":[1411],"tags":[119,1154,207,22362,1011,27,60,208],"class_list":{"0":"post-148860","1":"post","2":"type-post","3":"status-publish","4":"format-standard","5":"has-post-thumbnail","7":"category-cyclisme","8":"tag-accident","9":"tag-cycling","10":"tag-cyclisme","11":"tag-flers-agglo","12":"tag-fr","13":"tag-france","14":"tag-sports","15":"tag-velo"},"share_on_mastodon":{"url":"https:\/\/pubeurope.com\/@fr\/114619381661425065","error":""},"_links":{"self":[{"href":"https:\/\/www.europesays.com\/fr\/wp-json\/wp\/v2\/posts\/148860","targetHints":{"allow":["GET"]}}],"collection":[{"href":"https:\/\/www.europesays.com\/fr\/wp-json\/wp\/v2\/posts"}],"about":[{"href":"https:\/\/www.europesays.com\/fr\/wp-json\/wp\/v2\/types\/post"}],"author":[{"embeddable":true,"href":"https:\/\/www.europesays.com\/fr\/wp-json\/wp\/v2\/users\/2"}],"replies":[{"embeddable":true,"href":"https:\/\/www.europesays.com\/fr\/wp-json\/wp\/v2\/comments?post=148860"}],"version-history":[{"count":0,"href":"https:\/\/www.europesays.com\/fr\/wp-json\/wp\/v2\/posts\/148860\/revisions"}],"wp:featuredmedia":[{"embeddable":true,"href":"https:\/\/www.europesays.com\/fr\/wp-json\/wp\/v2\/media\/148861"}],"wp:attachment":[{"href":"https:\/\/www.europesays.com\/fr\/wp-json\/wp\/v2\/media?parent=148860"}],"wp:term":[{"taxonomy":"category","embeddable":true,"href":"https:\/\/www.europesays.com\/fr\/wp-json\/wp\/v2\/categories?post=148860"},{"taxonomy":"post_tag","embeddable":true,"href":"https:\/\/www.europesays.com\/fr\/wp-json\/wp\/v2\/tags?post=148860"}],"curies":[{"name":"wp","href":"https:\/\/api.w.org\/{rel}","templated":true}]}}