{"id":148866,"date":"2025-06-03T12:17:11","date_gmt":"2025-06-03T12:17:11","guid":{"rendered":"https:\/\/www.europesays.com\/fr\/148866\/"},"modified":"2025-06-03T12:17:11","modified_gmt":"2025-06-03T12:17:11","slug":"les-images-de-la-statue-de-cire-de-macron-installee-devant-lambassade-de-russie-apres-son-vol-au-musee-grevin","status":"publish","type":"post","link":"https:\/\/www.europesays.com\/fr\/148866\/","title":{"rendered":"Les images de la statue de cire de Macron install\u00e9e devant l\u2019ambassade de Russie apr\u00e8s son vol au Mus\u00e9e Gr\u00e9vin"},"content":{"rendered":"<p>La statue de cire d\u2019Emmanuel Macron a \u00e9t\u00e9 vol\u00e9e ce lundi dans la matin\u00e9e. Elle a \u00e9t\u00e9 install\u00e9e devant l\u2019ambassade de Russie quelques minutes plus tard par des activistes.<\/p>\n<p class=\"fig-paragraph\">Un vol surprenant en plein Paris. La statue de cire d\u2019<a href=\"http:\/\/www.lefigaro.fr\/politique\/paris-la-statue-d-emmanuel-macron-volee-au-musee-grevin-20250602\" data-fig-type=\"NewsFlash\" data-gtm-custom-categorie=\"navigation\" data-gtm-custom-action=\"crossclick\" data-gtm-custom-label=\"Contextuel\" data-gtm-event=\"customEventSPE\" data-fig-domain=\"LEFIGARO\" target=\"_blank\" rel=\"noopener\">Emmanuel Macron<\/a>\u00a0du\u00a0<a href=\"http:\/\/www.lefigaro.fr\/conjoncture\/c-est-un-budget-combien-vaut-la-statue-d-emmanuel-macron-derobee-au-musee-grevin-20250602\" data-fig-type=\"NewsFlash\" data-gtm-custom-categorie=\"navigation\" data-gtm-custom-action=\"crossclick\" data-gtm-custom-label=\"Contextuel\" data-gtm-event=\"customEventSPE\" data-fig-domain=\"LEFIGARO\" target=\"_blank\" rel=\"noopener\">Mus\u00e9e Gr\u00e9vin<\/a>\u00a0a \u00e9t\u00e9 d\u00e9rob\u00e9e ce lundi 2 juin en signe de protestation contre les liens \u00e9conomiques entre la France et la\u00a0<a href=\"http:\/\/www.lefigaro.fr\/international\/dossier\/tensions-entre-la-russie-et-l-ukraine-tout-comprendre-a-la-menace-d-une-invasion-russe\" data-fig-type=\"Topic\" data-gtm-custom-categorie=\"navigation\" data-gtm-custom-action=\"crossclick\" data-gtm-custom-label=\"Contextuel\" data-gtm-event=\"customEventSPE\" data-fig-domain=\"LEFIGARO\" target=\"_blank\" rel=\"noopener\">Russie<\/a>, a-t-on appris de sources concordantes. Quelques minutes plus tard, elle a \u00e9t\u00e9 install\u00e9e devant l\u2019ambassade de Russie par des activistes.<\/p>\n<p class=\"fig-paragraph\">Sur les images film\u00e9es par l\u2019AFP, la statue de cire du pr\u00e9sident a \u00e9t\u00e9 plac\u00e9e devant un drapeau russe et une banderole sign\u00e9e Greenpeace \u00abL\u2019Ukraine br\u00fble, les affaires continuent\u00bb. D\u2019autres panneaux sont dress\u00e9s comme celui de l\u2019uranium, du gaz et des engrais chimiques en r\u00e9f\u00e9rence aux exportations russes.<\/p>\n<p class=\"fig-body-link\">\n            \u00c0 lire aussi<br \/>\n        <a class=\"fig-body-link__link\" href=\"http:\/\/www.lefigaro.fr\/politique\/paris-la-statue-d-emmanuel-macron-volee-au-musee-grevin-20250602\" data-fig-type=\"NewsFlash\" data-gtm-custom-categorie=\"navigation\" data-gtm-custom-action=\"crossclick\" data-gtm-custom-label=\"Contextuel\" data-gtm-event=\"customEventSPE\" data-fig-domain=\"LEFIGARO\" target=\"_blank\" rel=\"noopener\">Paris\u00a0: la statue d\u2019Emmanuel Macron vol\u00e9e au mus\u00e9e Gr\u00e9vin et d\u00e9pos\u00e9e devant l\u2019ambassade de Russie<br \/>\n    <\/a>\n<\/p>\n<p>Une action interrompue rapidement<\/p>\n<p class=\"fig-paragraph\">\u00abPour nous la France joue un double jeu\u00bb et \u00abEmmanuel Macron incarne ce double discours: il soutient l\u2019Ukraine mais encourage les entreprises fran\u00e7aises \u00e0 continuer \u00e0 faire commerce avec la Russie\u00bb, a d\u00e9clar\u00e9 Jean-Francois Julliard, directeur g\u00e9n\u00e9ral de Greenpeace France.<\/p>\n<p class=\"fig-paragraph\">Cette action a eu lieu pendant quelques minutes avant de prendre fin sans intervention polici\u00e8re. La statue d\u2019Emmanuel Macron a \u00e9t\u00e9 par la suite rang\u00e9e dans une malle install\u00e9e dans un camion.<\/p>\n","protected":false},"excerpt":{"rendered":"La statue de cire d\u2019Emmanuel Macron a \u00e9t\u00e9 vol\u00e9e ce lundi dans la matin\u00e9e. Elle a \u00e9t\u00e9 install\u00e9e&hellip;\n","protected":false},"author":2,"featured_media":148867,"comment_status":"","ping_status":"","sticky":false,"template":"","format":"standard","meta":{"footnotes":""},"categories":[1358],"tags":[1111,47,11,1348,1384,1385,1109,1112,1386,58,1073,59,118,1108,107,1106,1107,1011,27,131,1110,1114,14,12,1113,316],"class_list":{"0":"post-148866","1":"post","2":"type-post","3":"status-publish","4":"format-standard","5":"has-post-thumbnail","7":"category-arts-et-design","8":"tag-actu","9":"tag-actualite","10":"tag-actualites","11":"tag-arts","12":"tag-arts-and-design","13":"tag-arts-et-design","14":"tag-breves","15":"tag-depeches","16":"tag-design","17":"tag-divertissement","18":"tag-emmanuel-macron","19":"tag-entertainment","20":"tag-faits-divers","21":"tag-fil","22":"tag-fil-info","23":"tag-flash","24":"tag-flash-actu","25":"tag-fr","26":"tag-france","27":"tag-guerre-en-ukraine","28":"tag-informations","29":"tag-infos","30":"tag-international","31":"tag-news","32":"tag-nouvelles","33":"tag-politique"},"share_on_mastodon":{"url":"https:\/\/pubeurope.com\/@fr\/114619393404807283","error":""},"_links":{"self":[{"href":"https:\/\/www.europesays.com\/fr\/wp-json\/wp\/v2\/posts\/148866","targetHints":{"allow":["GET"]}}],"collection":[{"href":"https:\/\/www.europesays.com\/fr\/wp-json\/wp\/v2\/posts"}],"about":[{"href":"https:\/\/www.europesays.com\/fr\/wp-json\/wp\/v2\/types\/post"}],"author":[{"embeddable":true,"href":"https:\/\/www.europesays.com\/fr\/wp-json\/wp\/v2\/users\/2"}],"replies":[{"embeddable":true,"href":"https:\/\/www.europesays.com\/fr\/wp-json\/wp\/v2\/comments?post=148866"}],"version-history":[{"count":0,"href":"https:\/\/www.europesays.com\/fr\/wp-json\/wp\/v2\/posts\/148866\/revisions"}],"wp:featuredmedia":[{"embeddable":true,"href":"https:\/\/www.europesays.com\/fr\/wp-json\/wp\/v2\/media\/148867"}],"wp:attachment":[{"href":"https:\/\/www.europesays.com\/fr\/wp-json\/wp\/v2\/media?parent=148866"}],"wp:term":[{"taxonomy":"category","embeddable":true,"href":"https:\/\/www.europesays.com\/fr\/wp-json\/wp\/v2\/categories?post=148866"},{"taxonomy":"post_tag","embeddable":true,"href":"https:\/\/www.europesays.com\/fr\/wp-json\/wp\/v2\/tags?post=148866"}],"curies":[{"name":"wp","href":"https:\/\/api.w.org\/{rel}","templated":true}]}}