{"id":148868,"date":"2025-06-03T12:18:21","date_gmt":"2025-06-03T12:18:21","guid":{"rendered":"https:\/\/www.europesays.com\/fr\/148868\/"},"modified":"2025-06-03T12:18:21","modified_gmt":"2025-06-03T12:18:21","slug":"pourquoi-le-troisieme-tome-est-immanquable","status":"publish","type":"post","link":"https:\/\/www.europesays.com\/fr\/148868\/","title":{"rendered":"pourquoi le troisi\u00e8me tome est immanquable ?"},"content":{"rendered":"<p>Azra Reed est de retour en librairies ce 4 juin 2025 avec la sortie du nouveau livre Dark Romance Valentina.<\/p>\n<p>Le ph\u00e9nom\u00e8ne litt\u00e9raire <a href=\"https:\/\/www.fnac.com\/Valentina\/si109335\" target=\"_blank\" rel=\"noreferrer noopener\">Valentina<\/a> est de retour. Avec son Tome 3, <a href=\"https:\/\/www.fnac.com\/Azra-Reed\/ia11836682\" target=\"_blank\" rel=\"noreferrer noopener\">Azra Reed<\/a> apporte la touche finale \u00e0 sa trilogie de <a href=\"https:\/\/leclaireur.fnac.com\/selection\/cp60913-tout-savoir-sur-la-dark-romance\/\" target=\"_blank\" rel=\"noreferrer noopener\">Dark Romance<\/a>. L\u2019histoire suit une nouvelle fois la relation tumultueuse entre Valentina Velasquez et Preto Cruz sur fond de guerre des gangs et de r\u00e8glements de comptes mafieux.<\/p>\n<p>Apr\u00e8s avoir fait sensation sur la plateforme d\u2019\u00e9criture Wattpad d\u00e8s 2019, Azra Reed a connu un large succ\u00e8s en librairies en \u00e9tant publi\u00e9e par la maison d\u2019\u00e9dition sp\u00e9cialis\u00e9e en New et Dark Romance, Hugo Roman. Proposant une romance ambig\u00fce aux th\u00e8mes difficiles, Valentina est l\u2019un des grands titres phares de ce nouveau genre litt\u00e9raire qui ne cesse de rencontrer de nouveaux adeptes. Le <a href=\"https:\/\/www.fnac.com\/livre.asp\" target=\"_blank\" rel=\"noreferrer noopener\">livre<\/a> Valentina \u2013 Tome 3 est attendu en librairies \u00e0 partir du 4 juin 2025.<\/p>\n<blockquote class=\"instagram-media\" data-instgrm-captioned=\"\" data-instgrm-permalink=\"https:\/\/www.instagram.com\/reel\/DHD1WRjN4ak\/?utm_source=ig_embed&amp;utm_campaign=loading\" data-instgrm-version=\"14\" style=\" background:#FFF; border:0; border-radius:3px; box-shadow:0 0 1px 0 rgba(0,0,0,0.5),0 1px 10px 0 rgba(0,0,0,0.15); margin: 1px; max-width:540px; min-width:326px; padding:0; width:99.375%; width:-webkit-calc(100% - 2px); width:calc(100% - 2px);\"\/>\n<p>O\u00f9 en est l\u2019histoire de Valentina ?<\/p>\n<p>En deux tomes, Azra Reed a d\u00e9velopp\u00e9 les personnalit\u00e9s et la relation entre les deux protagonistes de la saga : Valentina et Preto. La premi\u00e8re est une jeune femme ambitieuse qui vit \u00e0 Tepito et tente d\u2019\u00e9chapper \u00e0 la difficult\u00e9 du quotidien alors que le second est le chef du dangereux cartel des Cruz. Apr\u00e8s un kidnapping plus ou moins fortuit, la rencontre entre Valentina et Preto se transforme en une attirance irr\u00e9sistible.<\/p>\n<p>Dans le second tome, la guerre des cartels fait rage et Valentina fait la connaissance d\u2019un rival de Preto, le charismatique Angel Cort\u00e8s. <a href=\"https:\/\/leclaireur.fnac.com\/article\/574204-valentina-tome-2-quattendre-du-second-livre-evenement\/\" target=\"_blank\" rel=\"noreferrer noopener\">La fin du second tome<\/a> montre que la relation entre Valentina et Preto passe \u00e0 l\u2019\u00e9tape sup\u00e9rieure, bien que les secrets et les dangers ext\u00e9rieurs menacent l\u2019\u00e9quilibre tr\u00e8s pr\u00e9caire du couple.<\/p>\n<p><strong class=\"small\">En stock<\/strong><\/p>\n<p>        Acheter sur Fnac.com<\/p>\n<p>Dans ce troisi\u00e8me tome, Valentina est de plus en plus impliqu\u00e9e dans la guerre des cartels, et l\u2019influence de Preto continue de grandir au Mexique. Seulement, Angel r\u00f4de et compte bien prendre sa revanche sur Preto, mena\u00e7ant le lien entre les deux protagonistes. En outre, le pass\u00e9 de Preto ressurgit et pourrait bien d\u00e9truire son histoire avec Valentina.<\/p>\n<p>La conclusion de la trilogie promet de nombreux rebondissements de situation, des secrets r\u00e9v\u00e9l\u00e9s et toujours plus de romance ambigu\u00eb dans ce qui restera comme l\u2019une des s\u00e9ries les plus embl\u00e9matiques de la Dark Romance contemporaine.<\/p>\n<p>        <script async src=\"\/\/www.instagram.com\/embed.js\"><\/script><\/p>\n","protected":false},"excerpt":{"rendered":"Azra Reed est de retour en librairies ce 4 juin 2025 avec la sortie du nouveau livre Dark&hellip;\n","protected":false},"author":2,"featured_media":148869,"comment_status":"","ping_status":"","sticky":false,"template":"","format":"standard","meta":{"footnotes":""},"categories":[1357],"tags":[27815,1379,27816,58,59,1011,27,1380,27817],"class_list":{"0":"post-148868","1":"post","2":"type-post","3":"status-publish","4":"format-standard","5":"has-post-thumbnail","7":"category-livres","8":"tag-azra-reed","9":"tag-books","10":"tag-dark-romance","11":"tag-divertissement","12":"tag-entertainment","13":"tag-fr","14":"tag-france","15":"tag-livres","16":"tag-valentina"},"share_on_mastodon":{"url":"https:\/\/pubeurope.com\/@fr\/114619397295177214","error":""},"_links":{"self":[{"href":"https:\/\/www.europesays.com\/fr\/wp-json\/wp\/v2\/posts\/148868","targetHints":{"allow":["GET"]}}],"collection":[{"href":"https:\/\/www.europesays.com\/fr\/wp-json\/wp\/v2\/posts"}],"about":[{"href":"https:\/\/www.europesays.com\/fr\/wp-json\/wp\/v2\/types\/post"}],"author":[{"embeddable":true,"href":"https:\/\/www.europesays.com\/fr\/wp-json\/wp\/v2\/users\/2"}],"replies":[{"embeddable":true,"href":"https:\/\/www.europesays.com\/fr\/wp-json\/wp\/v2\/comments?post=148868"}],"version-history":[{"count":0,"href":"https:\/\/www.europesays.com\/fr\/wp-json\/wp\/v2\/posts\/148868\/revisions"}],"wp:featuredmedia":[{"embeddable":true,"href":"https:\/\/www.europesays.com\/fr\/wp-json\/wp\/v2\/media\/148869"}],"wp:attachment":[{"href":"https:\/\/www.europesays.com\/fr\/wp-json\/wp\/v2\/media?parent=148868"}],"wp:term":[{"taxonomy":"category","embeddable":true,"href":"https:\/\/www.europesays.com\/fr\/wp-json\/wp\/v2\/categories?post=148868"},{"taxonomy":"post_tag","embeddable":true,"href":"https:\/\/www.europesays.com\/fr\/wp-json\/wp\/v2\/tags?post=148868"}],"curies":[{"name":"wp","href":"https:\/\/api.w.org\/{rel}","templated":true}]}}