{"id":148872,"date":"2025-06-03T12:20:09","date_gmt":"2025-06-03T12:20:09","guid":{"rendered":"https:\/\/www.europesays.com\/fr\/148872\/"},"modified":"2025-06-03T12:20:09","modified_gmt":"2025-06-03T12:20:09","slug":"ariana-grande-a-laffiche-du-prochain-mon-beau-pere-et-moi-aux-cotes-de-ben-stiller-et-robert-de-niro","status":"publish","type":"post","link":"https:\/\/www.europesays.com\/fr\/148872\/","title":{"rendered":"Ariana Grande \u00e0 l\u2019affiche du prochain Mon beau-p\u00e8re et moi aux c\u00f4t\u00e9s de Ben Stiller et Robert De\u00a0Niro"},"content":{"rendered":"<p>La chanteuse am\u00e9ricaine, qui a fait ses d\u00e9buts sur le grand \u00e9cran l\u2019ann\u00e9e derni\u00e8re dans la com\u00e9die musicale Wicked, s\u2019appr\u00eate d\u00e9sormais \u00e0 jouer dans le quatri\u00e8me volet de la franchise attendu pour novembre 2026.<\/p>\n<p class=\"fig-paragraph\">Elle continue sa perc\u00e9e \u00e0 Hollywood. Apr\u00e8s avoir d\u00e9croch\u00e9 son premier grand r\u00f4le au cin\u00e9ma avec\u00a0<a href=\"http:\/\/www.lefigaro.fr\/cinema\/notre-critique-de-wicked-avec-ariana-grande-le-magicien-d-oz-joue-la-carte-des-sorcieres-20241203\" target=\"_blank\" data-fig-type=\"Article\" rel=\"noopener nofollow\" data-gtm-custom-categorie=\"navigation\" data-gtm-custom-action=\"crossclick\" data-gtm-custom-label=\"Contextuel\" data-gtm-event=\"customEventSPE\" data-fig-domain=\"LEFIGARO\">Wicked\u00a0<\/a> de Jon Chu, une com\u00e9die musicale retra\u00e7ant les \u00e9v\u00e9nements avant le magicien d\u2019oz,\u00a0<a href=\"http:\/\/www.lefigaro.fr\/musique\/apres-les-oscars-ariana-grande-annonce-la-sortie-d-un-nouvel-album-20250311\" target=\"_blank\" data-fig-type=\"NewsFlash\" rel=\"noopener nofollow\" data-gtm-custom-categorie=\"navigation\" data-gtm-custom-action=\"crossclick\" data-gtm-custom-label=\"Contextuel\" data-gtm-event=\"customEventSPE\" data-fig-domain=\"LEFIGARO\">Ariana Grande\u00a0<\/a>est d\u00e9termin\u00e9e \u00e0 se faire un nom dans l\u2019industrie cin\u00e9matographique. Et l\u2019interpr\u00e8te de Thank U, Next, ne fait pas les choses \u00e0 moiti\u00e9. Elle a d\u00e9j\u00e0 trouv\u00e9 son prochain r\u00f4le, aux c\u00f4t\u00e9s d\u2019un des g\u00e9ants du cin\u00e9ma\u00a0:\u00a0<a href=\"http:\/\/www.lefigaro.fr\/festival-de-cannes\/cannes-robert-de-niro-le-dernier-parrain-du-cinema-electrise-le-festival-20250514\" target=\"_blank\" data-fig-type=\"Article\" rel=\"noopener nofollow\" data-gtm-custom-categorie=\"navigation\" data-gtm-custom-action=\"crossclick\" data-gtm-custom-label=\"Contextuel\" data-gtm-event=\"customEventSPE\" data-fig-domain=\"LEFIGARO\">Robert De\u00a0Niro,<\/a>\u00a0r\u00e9v\u00e8le\u00a0<a href=\"https:\/\/variety.com\/2025\/film\/news\/ariana-grande-meet-the-parents-4-ben-stiller-1236414123\/\" target=\"_blank\" rel=\"nofollow noopener\" data-gtm-custom-categorie=\"navigation\" data-gtm-custom-action=\"crossclick\" data-gtm-custom-label=\"Contextuel\" data-gtm-event=\"customEventSPE\">Variety<\/a>, samedi 31 mai.<\/p>\n<p class=\"fig-paragraph\">Ariana Grande rejoint le casting du quatri\u00e8me volet de la franchise Mon beau-p\u00e8re et moi. Une com\u00e9die lanc\u00e9e dans les ann\u00e9es 2000, o\u00f9 Greg Focker (Ben Stiller), un infirmier, veut demander sa compagne Pam Byrnes en mariage. Mais avant, il doit obtenir l\u2019accord de son p\u00e8re, Jack (Robert De\u00a0Niro), un ancien agent de la CIA tr\u00e8s intimidant et moqueur. Dans le second opus, la famille Byrnes et Focker se rencontrent enfin tandis que dans le troisi\u00e8me, Greg \u00e0 court d\u2019argent, se lance dans un travail non d\u00e9clar\u00e9, une d\u00e9cision loin de plaire \u00e0 son beau-p\u00e8re&#8230;<\/p>\n<p class=\"fig-paragraph\">Dans ce quatri\u00e8me volet, dont les d\u00e9tails restent encore secrets, \u00ab\u00a0Ben Stiller aura maintenant le m\u00eame \u00e2ge que Robert De\u00a0Niro dans le premier film. Ses enfants ont grandi et doivent rentrer \u00e0 la maison pour pr\u00e9senter leurs partenaires aux parents\u00a0\u00bb, indique la productrice, Jane Rosenthal \u00e0 Variety. La chanteuse am\u00e9ricaine devrait donc jouer ici le r\u00f4le de la belle-fille de Greg Focker. Le long-m\u00e9trage, dont le sc\u00e9nario est une nouvelle fois sign\u00e9 par John Hamburg, est attendu pour novembre 2026.<\/p>\n<p>Ariana Grande, \u00e9toile montante d\u2019Hollywood\u00a0?<\/p>\n<p class=\"fig-paragraph\">En attendant, Ariana Grande sera \u00e9galement \u00e0 l\u2019affiche du second volet de Wicked, pr\u00e9vu aussi pour novembre, o\u00f9 elle reprendra son r\u00f4le de Glinda, surnomm\u00e9e \u00ab\u00a0la gentille sorci\u00e8re\u00a0\u00bb, qui a mis fin \u00e0 son amiti\u00e9 avec Elphaba apr\u00e8s que cette derni\u00e8re s\u2019est oppos\u00e9e au Magicien d\u2019Oz. Une interpr\u00e9tation qui a valu \u00e0 la popstar une nomination aux Oscars dans la cat\u00e9gorie \u00ab\u00a0meilleure actrice dans un r\u00f4le secondaire\u00a0\u00bb.<\/p>\n<p class=\"fig-paragraph\">R\u00e9v\u00e9l\u00e9e dans son r\u00f4le de Cat Valentine, dans la s\u00e9rie pour adolescents Victorious, diffus\u00e9e dans les ann\u00e9es 2010, Ariana Grande avait abandonn\u00e9 la com\u00e9die pour se concentrer sur sa carri\u00e8re de chanteuse. Mais apr\u00e8s sept albums, et plusieurs tubes, dont 7 Rings, Dangerous Woman, Problem ou encore God is a woman, la popstar a choisi de revenir \u00e0 ses premi\u00e8res amours. \u00abJe pense que renouer avec cette part de moi-m\u00eame qui a d\u00e9but\u00e9 dans les com\u00e9dies musicales et qui aime la com\u00e9die, \u00e7a me gu\u00e9rit. Je continuerai toujours \u00e0 faire de la pop mais pas au m\u00eame rythme que ces dix derni\u00e8res ann\u00e9es. Ma priorit\u00e9 maintenant, c\u2019est la com\u00e9die\u00a0!\u00a0\u00bb, r\u00e9v\u00e9lait-elle en novembre, invit\u00e9e sur le podcast\u00a0<a href=\"https:\/\/podcasts.apple.com\/us\/podcast\/ive-been-through-w-ariana-grande\/id1092361338?i=1000675893549\" target=\"_blank\" rel=\"nofollow noopener\" data-gtm-custom-categorie=\"navigation\" data-gtm-custom-action=\"crossclick\" data-gtm-custom-label=\"Contextuel\" data-gtm-event=\"customEventSPE\">Las Culturistas.<\/a><\/p>\n","protected":false},"excerpt":{"rendered":"La chanteuse am\u00e9ricaine, qui a fait ses d\u00e9buts sur le grand \u00e9cran l\u2019ann\u00e9e derni\u00e8re dans la com\u00e9die musicale&hellip;\n","protected":false},"author":2,"featured_media":148873,"comment_status":"","ping_status":"","sticky":false,"template":"","format":"standard","meta":{"footnotes":""},"categories":[1355],"tags":[2084,27818,2083,27819,2080,650,58,59,2081,1346,1011,27,1361,873,17008,2082],"class_list":{"0":"post-148872","1":"post","2":"type-post","3":"status-publish","4":"format-standard","5":"has-post-thumbnail","7":"category-musique","8":"tag-affiche","9":"tag-ariana-grande","10":"tag-bandes-annonces","11":"tag-ben-stiller","12":"tag-box-office","13":"tag-cinema","14":"tag-divertissement","15":"tag-entertainment","16":"tag-film","17":"tag-films","18":"tag-fr","19":"tag-france","20":"tag-music","21":"tag-musique","22":"tag-robert-de-niro","23":"tag-salles"},"share_on_mastodon":{"url":"https:\/\/pubeurope.com\/@fr\/114619405040300223","error":""},"_links":{"self":[{"href":"https:\/\/www.europesays.com\/fr\/wp-json\/wp\/v2\/posts\/148872","targetHints":{"allow":["GET"]}}],"collection":[{"href":"https:\/\/www.europesays.com\/fr\/wp-json\/wp\/v2\/posts"}],"about":[{"href":"https:\/\/www.europesays.com\/fr\/wp-json\/wp\/v2\/types\/post"}],"author":[{"embeddable":true,"href":"https:\/\/www.europesays.com\/fr\/wp-json\/wp\/v2\/users\/2"}],"replies":[{"embeddable":true,"href":"https:\/\/www.europesays.com\/fr\/wp-json\/wp\/v2\/comments?post=148872"}],"version-history":[{"count":0,"href":"https:\/\/www.europesays.com\/fr\/wp-json\/wp\/v2\/posts\/148872\/revisions"}],"wp:featuredmedia":[{"embeddable":true,"href":"https:\/\/www.europesays.com\/fr\/wp-json\/wp\/v2\/media\/148873"}],"wp:attachment":[{"href":"https:\/\/www.europesays.com\/fr\/wp-json\/wp\/v2\/media?parent=148872"}],"wp:term":[{"taxonomy":"category","embeddable":true,"href":"https:\/\/www.europesays.com\/fr\/wp-json\/wp\/v2\/categories?post=148872"},{"taxonomy":"post_tag","embeddable":true,"href":"https:\/\/www.europesays.com\/fr\/wp-json\/wp\/v2\/tags?post=148872"}],"curies":[{"name":"wp","href":"https:\/\/api.w.org\/{rel}","templated":true}]}}