{"id":148876,"date":"2025-06-03T12:22:14","date_gmt":"2025-06-03T12:22:14","guid":{"rendered":"https:\/\/www.europesays.com\/fr\/148876\/"},"modified":"2025-06-03T12:22:14","modified_gmt":"2025-06-03T12:22:14","slug":"douze-cas-du-variant-nb-1-8-1-detectes-en-france","status":"publish","type":"post","link":"https:\/\/www.europesays.com\/fr\/148876\/","title":{"rendered":"douze cas du variant NB.1.8.1 d\u00e9tect\u00e9s en France"},"content":{"rendered":"<p>             <a href=\"https:\/\/ma-sante.news\/wp-content\/uploads\/2025\/06\/nouveau-variant-covid-19-omicron-france-epidemie-Ma-Sante-.jpg\" data-caption=\"\u00c0 l\u2019\u00e9chelle mondiale, NB.1.8.1 a \u00e9t\u00e9 d\u00e9tect\u00e9 dans plus de 22 pays, dont la Chine, l\u2019Australie, les \u00c9tats-Unis et plusieurs pays europ\u00e9ens. \u00a9 Freepik\" target=\"_blank\" rel=\"noopener\"><img loading=\"lazy\" decoding=\"async\" width=\"696\" height=\"464\" class=\"entry-thumb td-modal-image\" src=\"data:image\/svg+xml,%3Csvg%20xmlns=\" http:=\"\" data-lazy- data-lazy- alt=\"Un h\u00f4pital qui accueille les malades du nouveau variant du covid.\" title=\"nouveau variant covid 19 omicron france e\u0301pide\u0301mie Ma Sante\u0301\" data-lazy-src=\"https:\/\/www.europesays.com\/fr\/wp-content\/uploads\/2025\/06\/nouveau-variant-covid-19-omicron-france-epidemie-Ma-Sante--696x464.jpg\"\/><\/a>\u00c0 l\u2019\u00e9chelle mondiale, NB.1.8.1 a \u00e9t\u00e9 d\u00e9tect\u00e9 dans plus de 22 pays, dont la Chine, l\u2019Australie, les \u00c9tats-Unis et plusieurs pays europ\u00e9ens. \u00a9 Freepik                                    \t\t\t             <a class=\"gofollow\" data-track=\"MjgsMCwxLDYw\" href=\"https:\/\/ma-sante.news\/inscrivez-vous-a-notre-newsletter\/\" target=\"_blank\" rel=\"noopener\"><img loading=\"lazy\" decoding=\"async\" width=\"1068\" height=\"131\" src=\"data:image\/svg+xml,%3Csvg%20xmlns=\" http:=\"\" data-lazy-src=\"https:\/\/www.europesays.com\/fr\/wp-content\/uploads\/2025\/03\/banniere-newsletter.png\"\/><\/a> <\/p>\n<p>Depuis plus de quatre ans,<a href=\"https:\/\/ma-sante.news\/bruno-lina-le-risque-une-nouvelle-pandemie-est-bien-reel\/\" target=\"_blank\" rel=\"noopener\"> le Covid-19 ne cesse de nous surprendre avec ses nombreuses mutations<\/a>. La derni\u00e8re en date ? Le variant NB.1.8.1. D\u00e9couvert pour la premi\u00e8re fois d\u00e9but 2025 en \u00c9gypte, aux Maldives et en Tha\u00eflande, il appartient \u00e0<a href=\"https:\/\/ma-sante.news\/covid-19-la-menace-du-variant-omicron-dangereusement-sous-estimee\/\" target=\"_blank\" rel=\"noopener\"> la grande famille Omicron, d\u00e9j\u00e0 responsable de plusieurs vagues \u00e9pid\u00e9miques<\/a> \u00e0 travers le monde.<\/p>\n<p>Mais NB.1.8.1, ce n\u2019est pas juste une \u00e9ni\u00e8me lettre dans l\u2019alphabet des variants. Il repr\u00e9sente aujourd\u2019hui plus de 10 % des cas s\u00e9quenc\u00e9s dans le monde, selon les donn\u00e9es de l\u2019OMS (Organisation mondiale de la sant\u00e9). Une progression rapide qui interpelle les experts et justifie une surveillance \u00e9troite. \u201cIl y a probablement un d\u00e9but de reprise \u00e9pid\u00e9mique, mais dont la taille est incertaine\u201c, analyse le Pr Bruno Lina, directeur du Centre national des virus respiratoires \u00e0 Lyon.<\/p>\n<p>        Le variant NB.1.8.1 : un petit nouveau de la famille Omicron    <strong>Des cas d\u00e9tect\u00e9s, mais pas d\u2019alerte g\u00e9n\u00e9ralis\u00e9e<\/strong>    <\/p>\n<p>D\u2019apr\u00e8s le Centre national de r\u00e9f\u00e9rence des <a href=\"https:\/\/ma-sante.news\/se-proteger-des-infections-respiratoires\/\" target=\"_blank\" rel=\"noopener\">infections respiratoires<\/a>, une douzaine de cas de NB.1.8.1 ont \u00e9t\u00e9 d\u00e9tect\u00e9s depuis mars 2025 sur le territoire fran\u00e7ais,<a href=\"https:\/\/ma-sante.news\/campagne-de-vaccination-du-covid-19-et-de-la-grippe-faut-il-sinquieter-dune-nouvelle-vague\/\" target=\"_blank\" rel=\"noopener\"> principalement \u00e0 Lyon<\/a>. Pour le moment, ces cas restent sporadiques et n\u2019indiquent pas une transmission massive.<\/p>\n<p>Cela dit, les autorit\u00e9s sanitaires gardent l\u2019\u0153il ouvert. Avec l\u2019arriv\u00e9e des beaux jours, les d\u00e9placements augmentent, les festivals battent leur plein et les rassemblements se multiplient. Autant d\u2019occasions r\u00eav\u00e9es pour un virus de circuler plus vite que la rumeur d\u2019un scoop.<\/p>\n<p>        <strong>Ce que l\u2019on sait (vraiment) sur ce nouveau variant Covid<\/strong>    <\/p>\n<p>NB.1.8.1 n\u2019a pas \u00e9t\u00e9 choisi au hasard dans la loterie virale. Il est issu de la lign\u00e9e XDV.1.5.1, elle-m\u00eame descendante du c\u00e9l\u00e8bre JN.1. Il pr\u00e9sente plusieurs mutations cl\u00e9s sur la prot\u00e9ine Spike (celle qui permet au virus d\u2019entrer dans nos cellules), notamment T22N, F59S, G184S, A435S, V445H et T478I.<\/p>\n<p>Selon l\u2019OMS, ces mutations pourraient renforcer sa capacit\u00e9 \u00e0 se fixer aux cellules humaines via le r\u00e9cepteur ACE2. Autrement dit, il pourrait \u00eatre plus transmissible que certains de ses cousins. Et comme si \u00e7a ne suffisait pas, il montre aussi des signes d\u2019\u00e9chappement immunitaire, c\u2019est-\u00e0-dire une capacit\u00e9 \u00e0 contourner (partiellement) la protection apport\u00e9e par une infection pr\u00e9c\u00e9dente ou par la vaccination.<\/p>\n<p>        Covid : comment se prot\u00e9ger face \u00e0 ce nouveau variant ?\u00a0    <strong>Quels sont les sympt\u00f4mes de NB.1.8.1 ?<\/strong>    <\/p>\n<p>Pas besoin de r\u00e9inventer le dictionnaire m\u00e9dical : les sympt\u00f4mes de NB.1.8.1 ressemblent \u00e0 ceux des <a href=\"https:\/\/ma-sante.news\/covid-19-point-sur-les-variants-qui-inquietent\/\" target=\"_blank\" rel=\"noopener\">pr\u00e9c\u00e9dents variants Omicron<\/a>. Parmi eux :<\/p>\n<p>La dur\u00e9e des sympt\u00f4mes reste courte, g\u00e9n\u00e9ralement entre 3 et 5 jours, et aucune forme s\u00e9v\u00e8re inhabituelle n\u2019a \u00e9t\u00e9 signal\u00e9e jusqu\u2019\u00e0 pr\u00e9sent. Les vaccins actuels continuent \u00e0 offrir une protection efficace contre les formes graves, selon les experts de l\u2019OMS.<\/p>\n<p>        <strong>La strat\u00e9gie de sant\u00e9 publique : surveillance et pr\u00e9vention<\/strong>    <\/p>\n<p>M\u00eame si NB.1.8.1 ne d\u00e9clenche pas encore de signal d\u2019alerte maximal, la vigilance reste de mise. L\u2019OMS l\u2019a class\u00e9 parmi les \u201cvariants sous surveillance\u201d, ce qui signifie qu\u2019il pr\u00e9sente un potentiel \u00e9pid\u00e9mique non n\u00e9gligeable, sans pour autant \u00eatre une menace imm\u00e9diate.<\/p>\n<p>En France, cela se traduit par :<\/p>\n<ul class=\"wp-block-list\">\n<li>Un renforcement de la surveillance g\u00e9nomique dans les laboratoires<\/li>\n<li>Une campagne de vaccination toujours en cours pour les plus vuln\u00e9rables<\/li>\n<li>Une incitation \u00e0 maintenir les gestes barri\u00e8res dans les lieux ferm\u00e9s et tr\u00e8s fr\u00e9quent\u00e9s<strong><br \/><\/strong><\/li>\n<\/ul>\n<blockquote class=\"wp-block-quote is-layout-flow wp-block-quote-is-layout-flow\">\n<p><strong>\u00c0 SAVOIR\u00a0<\/strong><\/p>\n<p>Selon le dernier rapport de l\u2019OMS, le variant NB.1.8.1 pr\u00e9sente une mutation rare, A435S, qui pourrait r\u00e9duire l\u2019efficacit\u00e9 de certains anticorps monoclonaux utilis\u00e9s en traitement post-infection. Cela signifie que si ce variant venait \u00e0 devenir dominant, certains traitements actuellement utilis\u00e9s en milieu hospitalier pourraient perdre en efficacit\u00e9.<\/p>\n<\/blockquote>\n<p>  <a class=\"gofollow\" data-track=\"MTIsMCwxLDYw\" href=\"https:\/\/ma-sante.news\/annonceurs\/\" target=\"_blank\" rel=\"noopener\"><img loading=\"lazy\" decoding=\"async\" width=\"2560\" height=\"2133\" src=\"data:image\/svg+xml,%3Csvg%20xmlns=\" http:=\"\" data-lazy-src=\"https:\/\/www.europesays.com\/fr\/wp-content\/uploads\/2025\/03\/pub-annonceurs-4-scaled.jpg\"\/><\/a>    <img loading=\"lazy\" decoding=\"async\" width=\"755\" height=\"495\" src=\"data:image\/svg+xml,%3Csvg%20xmlns=\" http:=\"\" data-lazy-src=\"https:\/\/www.europesays.com\/fr\/wp-content\/uploads\/2025\/03\/Image1.jpg\"\/>Inscrivez-vous \u00e0 notre newsletter <br \/>Ma Sant\u00e9                      <\/p>\n","protected":false},"excerpt":{"rendered":"\u00c0 l\u2019\u00e9chelle mondiale, NB.1.8.1 a \u00e9t\u00e9 d\u00e9tect\u00e9 dans plus de 22 pays, dont la Chine, l\u2019Australie, les \u00c9tats-Unis&hellip;\n","protected":false},"author":2,"featured_media":148877,"comment_status":"","ping_status":"","sticky":false,"template":"","format":"standard","meta":{"footnotes":""},"categories":[10],"tags":[1011,27,72,27820,27821,71],"class_list":{"0":"post-148876","1":"post","2":"type-post","3":"status-publish","4":"format-standard","5":"has-post-thumbnail","7":"category-sante","8":"tag-fr","9":"tag-france","10":"tag-health","11":"tag-masque-covid-19","12":"tag-omicron","13":"tag-sante"},"share_on_mastodon":{"url":"https:\/\/pubeurope.com\/@fr\/114619413034417142","error":""},"_links":{"self":[{"href":"https:\/\/www.europesays.com\/fr\/wp-json\/wp\/v2\/posts\/148876","targetHints":{"allow":["GET"]}}],"collection":[{"href":"https:\/\/www.europesays.com\/fr\/wp-json\/wp\/v2\/posts"}],"about":[{"href":"https:\/\/www.europesays.com\/fr\/wp-json\/wp\/v2\/types\/post"}],"author":[{"embeddable":true,"href":"https:\/\/www.europesays.com\/fr\/wp-json\/wp\/v2\/users\/2"}],"replies":[{"embeddable":true,"href":"https:\/\/www.europesays.com\/fr\/wp-json\/wp\/v2\/comments?post=148876"}],"version-history":[{"count":0,"href":"https:\/\/www.europesays.com\/fr\/wp-json\/wp\/v2\/posts\/148876\/revisions"}],"wp:featuredmedia":[{"embeddable":true,"href":"https:\/\/www.europesays.com\/fr\/wp-json\/wp\/v2\/media\/148877"}],"wp:attachment":[{"href":"https:\/\/www.europesays.com\/fr\/wp-json\/wp\/v2\/media?parent=148876"}],"wp:term":[{"taxonomy":"category","embeddable":true,"href":"https:\/\/www.europesays.com\/fr\/wp-json\/wp\/v2\/categories?post=148876"},{"taxonomy":"post_tag","embeddable":true,"href":"https:\/\/www.europesays.com\/fr\/wp-json\/wp\/v2\/tags?post=148876"}],"curies":[{"name":"wp","href":"https:\/\/api.w.org\/{rel}","templated":true}]}}