{"id":148880,"date":"2025-06-03T12:24:11","date_gmt":"2025-06-03T12:24:11","guid":{"rendered":"https:\/\/www.europesays.com\/fr\/148880\/"},"modified":"2025-06-03T12:24:11","modified_gmt":"2025-06-03T12:24:11","slug":"ca-na-pas-marche-comme-je-lesperais-karine-le-marchand-revient-sur-le-flop-du-retour-dune-ambition-intime-sur-m6","status":"publish","type":"post","link":"https:\/\/www.europesays.com\/fr\/148880\/","title":{"rendered":"\u00ab\u00a0\u00c7a n&rsquo;a pas march\u00e9 comme je l&rsquo;esp\u00e9rais\u00a0\u00bb : Karine Le Marchand revient sur le flop du retour d'\u00a0\u00bbUne ambition intime\u00a0\u00bb sur M6"},"content":{"rendered":"<p>La suite apr\u00e8s la publicit\u00e9<\/p>\n<p>\u00ab\u00a0\u00c7a fait une audience, on va dire, moyenne\u00a0\u00bb. Dans sa story Instagram ce lundi 2 juin, Karine Le Marchand est revenue sur la diffusion du <a href=\"https:\/\/www.ozap.com\/actu\/audiences-grosse-deception-pour-une-ambition-intime-lemission-de-karine-le-marchand-sur-m6-score-canon-pour-jason-statham-sur-tf1\/650159\" target=\"_blank\" rel=\"noopener\">dernier num\u00e9ro d'\u00a0\u00bbUne ambition intime\u00a0\u00bb<\/a>, diffus\u00e9 ce dimanche 1er juin sur M6, apr\u00e8s trois ans et demi d&rsquo;absence. L&rsquo;\u00e9mission qui s&rsquo;attache \u00e0 r\u00e9v\u00e9ler les parts les plus secr\u00e8tes et m\u00e9connues du grand public d&rsquo;hommes et femmes politiques faisait cette fois-ci le portrait de Sandrine Rousseau, <a href=\"https:\/\/www.ozap.com\/actu\/il-fallait-quon-fasse-attention-comment-lequipe-dune-ambition-intime-sur-m6-sest-adaptee-pour-filmer-gerald-darmanin-ministre-en-exercice\/650154\" target=\"_blank\" rel=\"noopener\">G\u00e9rald Darmanin<\/a>, Jordan Bardella et <a href=\"https:\/\/www.ozap.com\/actu\/fabien-roussel-emu-aux-larmes-face-a-karine-le-marchand-dans-une-ambition-intime-sur-m6-en-evoquant-la-maladie-de-sa-fille\/650074\" target=\"_blank\" rel=\"noopener\">Fabien Roussel.\u00a0<\/a><\/p>\n<p>Seulement 1,25 million de t\u00e9l\u00e9spectateurs en moyenne<\/p>\n<p>Et le public n&rsquo;a pas vraiment \u00e9t\u00e9 au rendez-vous, comme l&rsquo;a reconnu l&rsquo;animatrice phare de M6. Le programme est arriv\u00e9 3e des audiences de la soir\u00e9e, r\u00e9unissant en premi\u00e8re partie (21h14-22h44), pour les portraits du garde des Sceaux et de la d\u00e9put\u00e9e \u00e9cologiste, 1,46 million de t\u00e9l\u00e9spectateurs (7,9% du public \u00e2g\u00e9 de quatre ans et plus, 9,6% des 25-49 ans et 10,0% des FRDA-50). La seconde moiti\u00e9 de l&rsquo;\u00e9mission (22h49-00h21), qui comportait les interviews du pr\u00e9sident du RN et du secr\u00e9taire national du PCF, avait conserv\u00e9 l&rsquo;attention de 1,05 million de t\u00e9l\u00e9spectateurs, soit 12,3% du public, 15,1% des 25-49 ans et 16,8% des FRDA-50). Sur l&rsquo;ensemble de la soir\u00e9e, le programme a capt\u00e9 1,25 million de t\u00e9l\u00e9spectateurs en moyenne (9,3% du public et 12,3% des FRDA-50).<\/p>\n<p><a href=\"https:\/\/www.ozap.com\/actu\/ca-ete-complique-karine-le-marchand-revele-avoir-eu-du-mal-a-trouver-des-realisateurs-qui-voulait-tourner-le-portrait-de-jordan-bardella-dans-une-ambition-intime-sur-m6\/649943\" target=\"_blank\" rel=\"noopener\"><strong>\u00c0 LIRE AUSSI : \u00ab\u00a0\u00c7a a \u00e9t\u00e9 compliqu\u00e9\u00a0\u00bb : Karine Le Marchand r\u00e9v\u00e8le avoir eu du mal \u00e0 \u00ab\u00a0trouver des r\u00e9alisateurs\u00a0\u00bb qui voulaient tourner le portrait de Jordan Bardella dans \u00ab\u00a0Une ambition intime\u00a0\u00bb sur M6<\/strong><\/a><\/p>\n<p>\u00ab\u00a0Je vous remercie beaucoup de m&rsquo;avoir suivie, d&rsquo;avoir vraiment d\u00e9couvert avec beaucoup d\u2019enthousiasme les quatre personnalit\u00e9s politiques. \u00c7a n&rsquo;a pas march\u00e9 comme je l&rsquo;esp\u00e9rais\u2026\u00a0\u00bb, a confi\u00e9 <a href=\"https:\/\/www.ozap.com\/personnalite\/karine-le-marchand_e300\" target=\"_blank\" rel=\"noopener\">Karine Le Marchand<\/a> dans une vid\u00e9o o\u00f9 elle s&rsquo;adresse \u00e0 ceux qui la suivent. \u00ab\u00a0Pour dire la v\u00e9rit\u00e9, \u00e7a a march\u00e9 selon les personnes. On s&rsquo;en doutait un petit peu, il y en a deux pour qui \u00e7a a mieux march\u00e9 que les 2 autres personnalit\u00e9s. C&rsquo;est une r\u00e9alit\u00e9. On le savait mais au final, \u00e7a fait une audience, on va dire, moyenne&#8230;\u00a0\u00bb, a-t-elle ajout\u00e9, sans pr\u00e9ciser qui \u00e9taient les personnalit\u00e9s qui avaient le plus passionn\u00e9 les t\u00e9l\u00e9spectateurs.<\/p>\n<p>Un nouveau num\u00e9ro avant la pr\u00e9sidentielle 2027 ?<\/p>\n<p>\u00ab\u00a0Mais je suis tr\u00e8s contente de <a href=\"https:\/\/www.ozap.com\/actu\/il-y-a-une-grosse-hypocrisie-karine-le-marchand-demonte-les-critiques-recurrentes-visant-une-ambition-intime-de-retour-sur-m6\/649923\" target=\"_blank\" rel=\"noopener\">cette \u00e9mission<\/a>, j&rsquo;en suis vraiment extr\u00eamement fi\u00e8re. Je vous remercie beaucoup car je pense que vous avez\u00a0d\u00e9couvert des personnes loin des clich\u00e9s avec beaucoup de bienveillance. C\u2019est ce que j\u2019ai voulu. Et maintenant, comme \u00e7a fait 2 ans que je suis dessus. Je passe \u00e0 autre chose\u00a0\u00bb, a conclu l&rsquo;animatrice, qui ne pr\u00e9voit pas de prochain num\u00e9ro du programme qu&rsquo;elle a cr\u00e9\u00e9 il y a maintenant plus de 8 ans. M\u00eame pour 2027, date de la future pr\u00e9sidentielle ? \u00ab\u00a0Je ne pense pas que j&rsquo;aurai le temps de mettre en bo\u00eete\u00a0\u00bb d&rsquo;ici l\u00e0, avait expliqu\u00e9 Karine Le Marchand lors de la conf\u00e9rence de presse organis\u00e9e pour le retour de l&rsquo;\u00e9mission. \u00ab\u00a0On ne pourrait pas obtenir de bons r\u00e9sultats en n&rsquo;y consacrant que trois semaines ou un mois\u00a0\u00bb, avait d\u00e9taill\u00e9 la productrice, dont le travail sur ce num\u00e9ro a dur\u00e9 deux ans \u00e0 cause notamment de la dissolution de l&rsquo;Assembl\u00e9e nationale, qui a provoqu\u00e9 une suspension du tournage.<\/p>\n","protected":false},"excerpt":{"rendered":"La suite apr\u00e8s la publicit\u00e9 \u00ab\u00a0\u00c7a fait une audience, on va dire, moyenne\u00a0\u00bb. Dans sa story Instagram ce&hellip;\n","protected":false},"author":2,"featured_media":148881,"comment_status":"","ping_status":"","sticky":false,"template":"","format":"standard","meta":{"footnotes":""},"categories":[8],"tags":[58,59,1011,27],"class_list":{"0":"post-148880","1":"post","2":"type-post","3":"status-publish","4":"format-standard","5":"has-post-thumbnail","7":"category-divertissement","8":"tag-divertissement","9":"tag-entertainment","10":"tag-fr","11":"tag-france"},"share_on_mastodon":{"url":"https:\/\/pubeurope.com\/@fr\/114619420890821893","error":""},"_links":{"self":[{"href":"https:\/\/www.europesays.com\/fr\/wp-json\/wp\/v2\/posts\/148880","targetHints":{"allow":["GET"]}}],"collection":[{"href":"https:\/\/www.europesays.com\/fr\/wp-json\/wp\/v2\/posts"}],"about":[{"href":"https:\/\/www.europesays.com\/fr\/wp-json\/wp\/v2\/types\/post"}],"author":[{"embeddable":true,"href":"https:\/\/www.europesays.com\/fr\/wp-json\/wp\/v2\/users\/2"}],"replies":[{"embeddable":true,"href":"https:\/\/www.europesays.com\/fr\/wp-json\/wp\/v2\/comments?post=148880"}],"version-history":[{"count":0,"href":"https:\/\/www.europesays.com\/fr\/wp-json\/wp\/v2\/posts\/148880\/revisions"}],"wp:featuredmedia":[{"embeddable":true,"href":"https:\/\/www.europesays.com\/fr\/wp-json\/wp\/v2\/media\/148881"}],"wp:attachment":[{"href":"https:\/\/www.europesays.com\/fr\/wp-json\/wp\/v2\/media?parent=148880"}],"wp:term":[{"taxonomy":"category","embeddable":true,"href":"https:\/\/www.europesays.com\/fr\/wp-json\/wp\/v2\/categories?post=148880"},{"taxonomy":"post_tag","embeddable":true,"href":"https:\/\/www.europesays.com\/fr\/wp-json\/wp\/v2\/tags?post=148880"}],"curies":[{"name":"wp","href":"https:\/\/api.w.org\/{rel}","templated":true}]}}