{"id":148890,"date":"2025-06-03T12:29:11","date_gmt":"2025-06-03T12:29:11","guid":{"rendered":"https:\/\/www.europesays.com\/fr\/148890\/"},"modified":"2025-06-03T12:29:11","modified_gmt":"2025-06-03T12:29:11","slug":"la-haute-garonne-placee-en-alerte-orange-par-meteo-france","status":"publish","type":"post","link":"https:\/\/www.europesays.com\/fr\/148890\/","title":{"rendered":"la Haute-Garonne plac\u00e9e en alerte orange par M\u00e9t\u00e9o-France"},"content":{"rendered":"<p>            Par<br \/>\n        <strong><br \/>\n            <a href=\"https:\/\/actu.fr\/auteur\/marie-lamarque\" title=\"Consulter tous les articles de Marie Lamarque\" rel=\"nofollow noopener\" target=\"_blank\">Marie Lamarque<\/a><br \/>\n        <\/strong><\/p>\n<p>        Publi\u00e9 le<\/p>\n<p>            3 juin 2025 \u00e0 12h38<br \/>\n        ; mis \u00e0 jour le 3 juin 2025 \u00e0 12h41    <\/p>\n<p>Attention aux <strong>orages en Haute-Garonne<\/strong> ! Le d\u00e9partement a \u00e9t\u00e9 plac\u00e9 <strong>en vigilance orange<\/strong> \u00e0 la mi-journ\u00e9e par les services de M\u00e9t\u00e9o-France ce mardi 3 juin 2025. En plus du tonnerre et des \u00e9clairs, il faudra s\u2019attendre \u00e0 de<strong> fortes pr\u00e9cipitations<\/strong> avec un risque d\u2019inondations en d\u00e9but de soir\u00e9e, \u00e0 partir de 19h.<\/p>\n<p>Des orages \u00ab\u00a0potentiellement violents\u00a0\u00bb<\/p>\n<p class=\" wall-content\">\u00ab\u00a0Un axe instable avec des averses se maintient des Pyr\u00e9n\u00e9es aux fronti\u00e8res suisses. L\u2019activit\u00e9 orageuse se renforcera cette apr\u00e8s-midi et en soir\u00e9e, sur le Centre-Est d\u2019abord puis sur le Sud-Ouest\u00a0\u00bb, informe M\u00e9t\u00e9o-France.<\/p>\n<p class=\" wall-content\">Des orages vont se d\u00e9velopper sur les Pyr\u00e9n\u00e9es, se renforcer en fin d\u2019apr\u00e8s-midi\/soir\u00e9e et gagner vers le nord. \u00ab\u00a0Potentiellement violents, ils seront notamment caract\u00e9ris\u00e9s par de tr\u00e8s fortes intensit\u00e9s pluvieuses (de 50 \u00e0 70 mm\/h localement possible) amenant d\u2019importants cumuls de pr\u00e9cipitations en tr\u00e8s peu de temps. On attend ainsi localement des cumuls de 40 \u00e0 70 mm localement et fr\u00e9quemment de 20 \u00e0 40 mm. Des ph\u00e9nom\u00e8nes de ruissellement sont \u00e0 craindre.\u00a0\u00bb\u00a0<\/p>\n<p class=\" wall-content\">Ces orages pourraient s\u2019accompagner de <strong>chutes de gr\u00eale<\/strong>.<\/p>\n<p class=\" wall-content\">\n<p>Une accalmie pr\u00e9vue dans la nuit<\/p>\n<p class=\" wall-content\">\n    <img   decoding=\"async\" loading=\"lazy\" src=\"https:\/\/www.europesays.com\/fr\/wp-content\/uploads\/2025\/06\/meteo-toulouse-orages-pluie-960x640.png\" alt=\"Les pr\u00e9visions \u00e0 Toulouse pour cet apr\u00e8s-midi.\" width=\"960\" height=\"640\"\/><br \/>\n    Les pr\u00e9visions \u00e0 Toulouse pour cet apr\u00e8s-midi. (\u00a9Capture d\u2019\u00e9cran \/ M\u00e9t\u00e9o-France)<br \/>\n    <img   decoding=\"async\" loading=\"lazy\" src=\"https:\/\/www.europesays.com\/fr\/wp-content\/uploads\/2025\/06\/meteo-orages-haute-garonne-960x640.png\" alt=\"Les orages sont attendus partout en Haute-Garonne.\" width=\"960\" height=\"640\"\/><br \/>\n    Les orages sont attendus partout en Haute-Garonne. (\u00a9Capture d\u2019\u00e9cran \/ M\u00e9t\u00e9o-France)<\/p>\n<p class=\" wall-content\"><strong>L\u2019accalmie est attendue en milieu de nuit<\/strong>. Au lever du jour, ce mercredi 4 juin, les habitants pourront se r\u00e9veiller sous des averses, mais bien moins importantes.<\/p>\n<p>Vid\u00e9os : en ce moment sur Actu<\/p>\n<p class=\" wall-content\">Suivez toute l\u2019actualit\u00e9 de vos villes et m\u00e9dias favoris en vous inscrivant \u00e0 <a href=\"https:\/\/moncompte.actu.fr\" title=\"D\u00e9couvez Mon Actu\" rel=\"nofollow noopener\" data-trk=\"{&quot;cta&quot;:{&quot;action&quot;:&quot;https:\\\/\\\/moncompte.actu.fr&quot;,&quot;category&quot;:&quot;mon compte&quot;,&quot;from&quot;:&quot;article footer&quot;,&quot;name&quot;:&quot;Mon actu&quot;,&quot;type&quot;:&quot;cta&quot;}}\" target=\"_blank\">Mon Actu<\/a>.<\/p>\n","protected":false},"excerpt":{"rendered":"Par Marie Lamarque Publi\u00e9 le 3 juin 2025 \u00e0 12h38 ; mis \u00e0 jour le 3 juin 2025&hellip;\n","protected":false},"author":2,"featured_media":148891,"comment_status":"","ping_status":"","sticky":false,"template":"","format":"standard","meta":{"footnotes":""},"categories":[2],"tags":[11,1011,27,2487,2357,12],"class_list":{"0":"post-148890","1":"post","2":"type-post","3":"status-publish","4":"format-standard","5":"has-post-thumbnail","7":"category-actualites","8":"tag-actualites","9":"tag-fr","10":"tag-france","11":"tag-meteo","12":"tag-meteo-france","13":"tag-news"},"share_on_mastodon":{"url":"https:\/\/pubeurope.com\/@fr\/114619440689320497","error":""},"_links":{"self":[{"href":"https:\/\/www.europesays.com\/fr\/wp-json\/wp\/v2\/posts\/148890","targetHints":{"allow":["GET"]}}],"collection":[{"href":"https:\/\/www.europesays.com\/fr\/wp-json\/wp\/v2\/posts"}],"about":[{"href":"https:\/\/www.europesays.com\/fr\/wp-json\/wp\/v2\/types\/post"}],"author":[{"embeddable":true,"href":"https:\/\/www.europesays.com\/fr\/wp-json\/wp\/v2\/users\/2"}],"replies":[{"embeddable":true,"href":"https:\/\/www.europesays.com\/fr\/wp-json\/wp\/v2\/comments?post=148890"}],"version-history":[{"count":0,"href":"https:\/\/www.europesays.com\/fr\/wp-json\/wp\/v2\/posts\/148890\/revisions"}],"wp:featuredmedia":[{"embeddable":true,"href":"https:\/\/www.europesays.com\/fr\/wp-json\/wp\/v2\/media\/148891"}],"wp:attachment":[{"href":"https:\/\/www.europesays.com\/fr\/wp-json\/wp\/v2\/media?parent=148890"}],"wp:term":[{"taxonomy":"category","embeddable":true,"href":"https:\/\/www.europesays.com\/fr\/wp-json\/wp\/v2\/categories?post=148890"},{"taxonomy":"post_tag","embeddable":true,"href":"https:\/\/www.europesays.com\/fr\/wp-json\/wp\/v2\/tags?post=148890"}],"curies":[{"name":"wp","href":"https:\/\/api.w.org\/{rel}","templated":true}]}}