{"id":148892,"date":"2025-06-03T12:30:11","date_gmt":"2025-06-03T12:30:11","guid":{"rendered":"https:\/\/www.europesays.com\/fr\/148892\/"},"modified":"2025-06-03T12:30:11","modified_gmt":"2025-06-03T12:30:11","slug":"loire-juge-pour-diffamation-le-naturopathe-stephanois-alain-tardif-condamne-a-3000-euros-damende","status":"publish","type":"post","link":"https:\/\/www.europesays.com\/fr\/148892\/","title":{"rendered":"Loire. Jug\u00e9 pour diffamation, le naturopathe st\u00e9phanois Alain Tardif condamn\u00e9 \u00e0 3000 euros d&rsquo;amende"},"content":{"rendered":"<p>Le proc\u00e8s s\u2019est d\u00e9roul\u00e9 le 22 avril au tribunal correctionnel de Saint-\u00c9tienne. Le pr\u00e9venu, Alain Tardif, est un naturopathe st\u00e9phanois de 62 ans, fondateur de l\u2019Acad\u00e9mie europ\u00e9enne des m\u00e9decines naturelles bas\u00e9e \u00e0 Saint-\u00c9tienne.<\/p>\n<p>Il est \u00e9galement \u00e0 la t\u00eate de l\u2019entreprise H\u00e2py, sp\u00e9cialis\u00e9e dans la vente de compl\u00e9ments alimentaires \u00e0 base de plantes. C\u2019est <a href=\"https:\/\/www.leprogres.fr\/sante\/2021\/06\/13\/la-truffe-est-aphrodisiaque-le-cepe-immunostimulant\" target=\"_blank\" rel=\"nofollow noopener\">dans le cadre de cette soci\u00e9t\u00e9<\/a> qu\u2019un contentieux est n\u00e9 entre lui et un couple de collaborateurs. Les \u00e9poux le poursuivent en justice pour diffamation, sur la base de mails \u00e9chang\u00e9s dans le cadre du R\u00e9seau Entreprendre Loire qui accompagne les cr\u00e9ations ou reprises d\u2019entreprises dans le d\u00e9partement, ce qui \u00e9tait le cas pour H\u00e2py.<\/p>\n<p>  Relax\u00e9 pour une partie des faits, condamn\u00e9 pour l&rsquo;autre<\/p>\n<p>Dans ces courriels, Alain Tardif a accus\u00e9 en octobre\u00a02024 les deux conjoints de diverses infractions\u00a0: fausse facture de 30\u00a0000\u00a0euros pour lui, 10\u00a0000\u00a0euros de frais de d\u00e9placements injustifi\u00e9s pour elle. Le couple affirme que ces all\u00e9gations sont fausses, Madame expliquant notamment \u00ab\u00a0ayant travaill\u00e9 sans salaire pendant deux ans pour d\u00e9velopper la soci\u00e9t\u00e9\u00a0\u00bb. Alain Tardif assure de son c\u00f4t\u00e9 qu\u2019il a simplement \u00ab\u00a0rempli son devoir d\u2019information\u00a0\u00bb envers le R\u00e9seau Entreprendre aupr\u00e8s duquel il avait \u00ab\u00a0l\u2019obligation de rendre des comptes sur la gestion de la soci\u00e9t\u00e9\u00a0\u00bb.<\/p>\n<p>A l\u2019audience, le couple avait plaid\u00e9 l\u2019absence de bonne foi du pr\u00e9venu pour \u00e9tablir la diffamation. La d\u00e9fense avait mis en exergue le caract\u00e8re priv\u00e9 des \u00e9changes de mails. Le tribunal correctionnel de Saint-\u00c9tienne avait mis sa d\u00e9cision en d\u00e9lib\u00e9r\u00e9. Il l\u2019a rendue ce mardi\u00a0: Alain Tardif est relax\u00e9 concernant le mari. Il est en revanche d\u00e9clar\u00e9 coupable de diffamation envers l&rsquo;\u00e9pouse et condamn\u00e9 \u00e0 une amende de 3 000 euros.<\/p>\n<p class=\"note\">Nous mentionnons le nom d\u2019un pr\u00e9venu lorsque l\u2019infraction qui lui est reproch\u00e9e est en lien direct avec l\u2019exercice de sa profession. La non-divulgation de l\u2019identit\u00e9 entra\u00eenerait un risque de confusion avec d\u2019autres personnes. Notre charte \u00e9ditoriale est consultable sur <a href=\"http:\/\/www.leprogres.fr\" rel=\"nofollow noopener\" target=\"_blank\">www.leprogres.fr<\/a><\/p>\n","protected":false},"excerpt":{"rendered":"Le proc\u00e8s s\u2019est d\u00e9roul\u00e9 le 22 avril au tribunal correctionnel de Saint-\u00c9tienne. Le pr\u00e9venu, Alain Tardif, est un&hellip;\n","protected":false},"author":2,"featured_media":148893,"comment_status":"","ping_status":"","sticky":false,"template":"","format":"standard","meta":{"footnotes":""},"categories":[9653],"tags":[1111,11,2430,271,272,7539,1777,674,274,1011,27,3367,12,25,4001,7538],"class_list":{"0":"post-148892","1":"post","2":"type-post","3":"status-publish","4":"format-standard","5":"has-post-thumbnail","7":"category-saint-etienne","8":"tag-actu","9":"tag-actualites","10":"tag-auvergne-rhone-alpes","11":"tag-crime","12":"tag-delit-et-contravention","13":"tag-edition-loire-sud","14":"tag-eu","15":"tag-europe","16":"tag-faits-divers-justice","17":"tag-fr","18":"tag-france","19":"tag-loire","20":"tag-news","21":"tag-republique-francaise","22":"tag-saint-etienne","23":"tag-saint-etienne-ville"},"share_on_mastodon":{"url":"https:\/\/pubeurope.com\/@fr\/114619444453591234","error":""},"_links":{"self":[{"href":"https:\/\/www.europesays.com\/fr\/wp-json\/wp\/v2\/posts\/148892","targetHints":{"allow":["GET"]}}],"collection":[{"href":"https:\/\/www.europesays.com\/fr\/wp-json\/wp\/v2\/posts"}],"about":[{"href":"https:\/\/www.europesays.com\/fr\/wp-json\/wp\/v2\/types\/post"}],"author":[{"embeddable":true,"href":"https:\/\/www.europesays.com\/fr\/wp-json\/wp\/v2\/users\/2"}],"replies":[{"embeddable":true,"href":"https:\/\/www.europesays.com\/fr\/wp-json\/wp\/v2\/comments?post=148892"}],"version-history":[{"count":0,"href":"https:\/\/www.europesays.com\/fr\/wp-json\/wp\/v2\/posts\/148892\/revisions"}],"wp:featuredmedia":[{"embeddable":true,"href":"https:\/\/www.europesays.com\/fr\/wp-json\/wp\/v2\/media\/148893"}],"wp:attachment":[{"href":"https:\/\/www.europesays.com\/fr\/wp-json\/wp\/v2\/media?parent=148892"}],"wp:term":[{"taxonomy":"category","embeddable":true,"href":"https:\/\/www.europesays.com\/fr\/wp-json\/wp\/v2\/categories?post=148892"},{"taxonomy":"post_tag","embeddable":true,"href":"https:\/\/www.europesays.com\/fr\/wp-json\/wp\/v2\/tags?post=148892"}],"curies":[{"name":"wp","href":"https:\/\/api.w.org\/{rel}","templated":true}]}}