{"id":148900,"date":"2025-06-03T12:34:09","date_gmt":"2025-06-03T12:34:09","guid":{"rendered":"https:\/\/www.europesays.com\/fr\/148900\/"},"modified":"2025-06-03T12:34:09","modified_gmt":"2025-06-03T12:34:09","slug":"pourquoi-planter-des-palmiers-sur-le-parvis-de-leglise-a-la-seyne","status":"publish","type":"post","link":"https:\/\/www.europesays.com\/fr\/148900\/","title":{"rendered":"Pourquoi planter des palmiers sur le parvis de l\u2019\u00e9glise \u00e0 La Seyne?"},"content":{"rendered":"<p>Depuis ce week-end, les commentaires vont bon train. Entre \u00e9tonnement et agacement, de nombreux Seynois rel\u00e8vent que le choix de planter six palmiers sur le parvis de l\u2019\u00e9glise Notre-Dame de Bon Voyage, ne correspond pas au projet qui avait \u00e9t\u00e9 pr\u00e9sent\u00e9, le 21 f\u00e9vrier, par l\u2019ex-maire Nathalie Bicais lors d\u2019une r\u00e9union publique organis\u00e9e sur place.<\/p>\n<p>Sur les planches montr\u00e9es aux administr\u00e9s ce jour-l\u00e0, on pouvait en effet lire que ce \u00ab\u00a0grand projet\u00a0\u00bb devait \u00ab\u00a0permettre de r\u00e9cr\u00e9er une place s\u00e9curis\u00e9e et arbor\u00e9e au c\u0153ur du centre historique\u00a0\u00bb. Et sur le panneau consacr\u00e9 \u00e0 la v\u00e9g\u00e9tation, il \u00e9tait \u00e9crit que \u00ab\u00a0le parvis et ses alentours seront arbor\u00e9s pour cr\u00e9er un nouvel \u00eelot de fra\u00eecheur dans le centre historique et apporter de l\u2019ombre \u00e0 tous ceux qui souhaitent profiter de cette place publique \u00e0 la belle saison\u00a0\u00bb.<\/p>\n<p>Dans cet objectif, la mairie annon\u00e7ait donc que \u00ab\u00a0deux arbres seront plant\u00e9s sur la place: un ceiba speciosa (dont le feuillage \u00e9tal\u00e9 offre une grande surface d\u2019ombre) et un palmier de type syagrus ou arescastrum (symbole du christianisme, il fait r\u00e9f\u00e9rence \u00e0 l\u2019\u00e9glise, magnifie le b\u00e2timent et n\u2019encombre pas la vue laissant ainsi la rosace visible de tous)\u00a0\u00bb. En outre, la municipalit\u00e9 indiquait que \u00ab\u00a0quatre arbres seront plant\u00e9s sur le bas de la rue Jacques-Laurent, sur la placette cr\u00e9\u00e9e devant le restaurant\u00a0\u00bb. Esp\u00e8ce s\u00e9lectionn\u00e9e: le tipuana tipu dont le \u00ab\u00a0feuillage \u00e9toff\u00e9 permet de lutter contre la chaleur\u00a0\u00bb.<\/p>\n<p><strong>\u00ab\u00a0Aucun int\u00e9r\u00eat climatique\u00a0\u00bb<\/strong><\/p>\n<p>Finalement, point de ceiba speciosa ni de tipuana tipu. Les Seynois ont d\u00e9couvert, ces jours derniers, que six grands palmiers avaient mis en place. D\u2019o\u00f9 l\u2019incompr\u00e9hension. Doubl\u00e9e de griefs: \u00ab\u00a0Ces v\u00e9g\u00e9taux ne font pas un brin d\u2019ombre\u00a0\u00bb. \u00ab\u00a0Ces plantes n\u2019ont aucun int\u00e9r\u00eat \u00e9cologique ou climatique\u00a0\u00bb. Ou encore: \u00ab\u00a0Ils g\u00e2chent la vue sur l\u2019\u00e9glise\u00a0\u00bb; \u00ab\u00a0un olivier aurait \u00e9t\u00e9 plus en ad\u00e9quation avec la culture proven\u00e7ale et chr\u00e9tienne\u00a0\u00bb. Alors comment en est-on arriv\u00e9 l\u00e0?<\/p>\n<p>En mairie, on indique qu\u2019\u00a0\u00bbentre le moment o\u00f9 le projet a \u00e9t\u00e9 pr\u00e9sent\u00e9 aux administr\u00e9s, et le lancement des travaux, l\u2019architecte des B\u00e2timents de France (l\u2019\u00e9glise est inscrite au titre des monuments historiques, Ndlr) a demand\u00e9 si nous voyions un inconv\u00e9nient \u00e0 ne mettre que des palmiers qui, selon lui,<strong> sont esth\u00e9tiquement davantage dans l\u2019esprit m\u00e9diterran\u00e9en.<\/strong> C\u2019\u00e9tait une pr\u00e9conisation \u00e0 laquelle, \u00e0 l\u2019\u00e9poque, Nathalie Bicais ne s\u2019\u00e9tait pas oppos\u00e9e\u00a0\u00bb.<\/p>\n<p>Certes, il est admis que des oliviers auraient tout autant \u00e9voqu\u00e9 \u00ab\u00a0l\u2019esprit m\u00e9diterran\u00e9en\u00a0\u00bb, mais ajoute-t-on en mairie, \u00ab\u00a0il fallait aussi tenir compte du syst\u00e8me racinaire des arbres afin qu\u2019ils ne soient pas en conflit avec les r\u00e9seaux enterr\u00e9s\u00a0\u00bb.<\/p>\n<p>S\u2019apercevant que le choix des palmiers commen\u00e7ait \u00e0 faire r\u00e9agir les Seynois, la Ville a communiqu\u00e9 hier matin sur ses r\u00e9seaux sociaux pour faire savoir que le choix des palmiers \u00e9tait bien <strong>\u00ab\u00a0une demande de l&rsquo;architecte des B\u00e2timents de France\u00a0\u00bb<\/strong>. Une explication qui n\u2019apaise pas les critiques.<\/p>\n<p>Entre autres, Jean Huillet, ancien pharmacien dans le centre-ville, et membre actif du comit\u00e9 d\u2019int\u00e9r\u00eat local La Seyne ouest et sud, juge le choix des palmiers \u00ab\u00a0d\u00e9sastreux\u00a0\u00bb, qui plus est \u00ab\u00a0sans concertation\u00a0\u00bb. Il \u00e9voque un risque de \u00ab\u00a0chute de palmes s\u00e8ches lors de vent violent\u00a0\u00bb mais surtout, ajoute-t-il, l&rsquo;architecte des B\u00e2timents de France \u00ab\u00a0assumera son choix et ses cons\u00e9quences en pleine canicule estivale\u00a0\u00bb&#8230; <\/p>\n<p>              <img ci-src=\"https:\/\/www.varmatin.com\/vie-locale\/protec\/DATA_ART_15638787-e4MyFQbJ.jpg?vh=b6d50e&amp;ci_seal=9e006c68ff\" alt=\"\"\/><br \/>\n        Sur le document montr\u00e9 aux administr\u00e9s lors de la r\u00e9union publique de pr\u00e9sentation du projet, seul un palmier devait \u00eatre plant\u00e9. Document DR <\/p>\n","protected":false},"excerpt":{"rendered":"Depuis ce week-end, les commentaires vont bon train. Entre \u00e9tonnement et agacement, de nombreux Seynois rel\u00e8vent que le&hellip;\n","protected":false},"author":2,"featured_media":148901,"comment_status":"","ping_status":"","sticky":false,"template":"","format":"standard","meta":{"footnotes":""},"categories":[9619],"tags":[1111,11,1777,674,1011,27,12,882,25,2310,3366],"class_list":{"0":"post-148900","1":"post","2":"type-post","3":"status-publish","4":"format-standard","5":"has-post-thumbnail","7":"category-toulon","8":"tag-actu","9":"tag-actualites","10":"tag-eu","11":"tag-europe","12":"tag-fr","13":"tag-france","14":"tag-news","15":"tag-provence-alpes-cote-dazur","16":"tag-republique-francaise","17":"tag-toulon","18":"tag-vie-locale"},"share_on_mastodon":{"url":"https:\/\/pubeurope.com\/@fr\/114619460262500765","error":""},"_links":{"self":[{"href":"https:\/\/www.europesays.com\/fr\/wp-json\/wp\/v2\/posts\/148900","targetHints":{"allow":["GET"]}}],"collection":[{"href":"https:\/\/www.europesays.com\/fr\/wp-json\/wp\/v2\/posts"}],"about":[{"href":"https:\/\/www.europesays.com\/fr\/wp-json\/wp\/v2\/types\/post"}],"author":[{"embeddable":true,"href":"https:\/\/www.europesays.com\/fr\/wp-json\/wp\/v2\/users\/2"}],"replies":[{"embeddable":true,"href":"https:\/\/www.europesays.com\/fr\/wp-json\/wp\/v2\/comments?post=148900"}],"version-history":[{"count":0,"href":"https:\/\/www.europesays.com\/fr\/wp-json\/wp\/v2\/posts\/148900\/revisions"}],"wp:featuredmedia":[{"embeddable":true,"href":"https:\/\/www.europesays.com\/fr\/wp-json\/wp\/v2\/media\/148901"}],"wp:attachment":[{"href":"https:\/\/www.europesays.com\/fr\/wp-json\/wp\/v2\/media?parent=148900"}],"wp:term":[{"taxonomy":"category","embeddable":true,"href":"https:\/\/www.europesays.com\/fr\/wp-json\/wp\/v2\/categories?post=148900"},{"taxonomy":"post_tag","embeddable":true,"href":"https:\/\/www.europesays.com\/fr\/wp-json\/wp\/v2\/tags?post=148900"}],"curies":[{"name":"wp","href":"https:\/\/api.w.org\/{rel}","templated":true}]}}