{"id":148910,"date":"2025-06-03T12:39:32","date_gmt":"2025-06-03T12:39:32","guid":{"rendered":"https:\/\/www.europesays.com\/fr\/148910\/"},"modified":"2025-06-03T12:39:32","modified_gmt":"2025-06-03T12:39:32","slug":"un-milliard-de-rouges-a-levres-jetes-par-an-linvention-revolutionnaire-dune-normande-recompensee","status":"publish","type":"post","link":"https:\/\/www.europesays.com\/fr\/148910\/","title":{"rendered":"\u00ab\u00a0Un milliard de rouges \u00e0 l\u00e8vres jet\u00e9s par an\u2026\u00bb L\u2019invention r\u00e9volutionnaire d\u2019une Normande r\u00e9compens\u00e9e"},"content":{"rendered":"<p class=\"paragraph text_align_left\">Marie Rocchisani, une ancienne \u00e9tudiante en commerce originaire de Rouen, a transform\u00e9 une inspiration personnelle en une innovation cosm\u00e9tique prim\u00e9e. Il y a dix ans, \u00ab c\u2019est dans la salle de bain de ma tante, une femme tr\u00e8s coquette, que j\u2019ai toujours vu de tr\u00e8s nombreux tubes de rouge \u00e0 l\u00e8vres pour avoir toutes les couleurs en fonction de son humeur et de sa tenue. J\u2019ai cherch\u00e9 alors une solution pour avoir un seul \u00e9tui qui comprend les couleurs qui correspondent \u00e0 la femme et aux moments de la journ\u00e9e. Il a fallu ensuite trois ans de recherches et de d\u00e9veloppement et d\u00e9poser quatre brevets pour cr\u00e9er la Maison M Paris \u00bb. Un succ\u00e8s commercial apr\u00e8s son passage \u00e0 l\u2019\u00e9mission \u00ab Qui veut \u00eatre mon associ\u00e9 ? \u00bb r\u00e9compens\u00e9 par une m\u00e9daille d\u2019or au concours L\u00e9pine et le prix sp\u00e9cial L\u00e9onard de Vinci.<\/p>\n<p>Le recours \u00e0 l\u2019IA pour des teintes personnalis\u00e9es<\/p>\n<p class=\"paragraph text_align_left\">Entour\u00e9e de ses associ\u00e9s, Christophe Bisson pour l\u2019ing\u00e9nierie et la m\u00e9canique, et Clara Gaudineau, la chimiste qui \u00e9labore des formules innovantes, Marie Rocchisani propose une solution personnalis\u00e9e et \u00e9cologique. \u00ab Gr\u00e2ce \u00e0 une machine de notre conception, des centaines de couleurs longue tenue, hydratantes avec des ingr\u00e9dients bons pour la peau et l\u2019environnement, nous offrons deux innovations. D\u2019abord, sur notre site, la cliente peut se prendre en photo et gr\u00e2ce \u00e0 l\u2019Intelligence artificielle, nous lui recommandons six teintes dont trois principales en fonction de la carnation. Des teintes uniques. Pas les m\u00eames que ses copines ou ses voisines \u00bb.<\/p>\n<p class=\"paragraph text_align_left\">Pour lutter contre \u00ab les 1 milliard de rouge \u00e0 l\u00e8vres jet\u00e9s par an dans le monde, nous avons con\u00e7u un \u00e9tui que la femme peut garder toute sa vie avec trois teintes rechargeables. Une couleur pour la journ\u00e9e, une pour la soir\u00e9e et une pour les grandes occasions \u00bb, vante encore Marie Rocchisani.<\/p>\n<p>Attention au piratage<\/p>\n<p class=\"paragraph text_align_left\">Lanc\u00e9 il y a un an, fabriqu\u00e9 en Seine-et-Marne, le rouge \u00e0 l\u00e8vres Maison M Paris co\u00fbte 79 euros. Il est livrable entre 8 \u00e0 10 jours \u00e0 partir du site <a href=\"https:\/\/urldefense.com\/v3\/__http:\/www.maison-m-paris.com__;!!Lt0KOR8!QTcMewtVHQAhM66zq0Wc5kanDrtVpssB-ABMA88NWV4V8pi2Qpi5uwVldLxc7k0FsIsxSKkncJobDtF7SbEogAsE733A$\" rel=\"noopener\" target=\"_blank\">www.maison-m-paris.com<\/a> ou disponible aux Galeries Lafayette Haussmann \u00e0 Paris \u00ab o\u00f9 je suis pr\u00e9sente tous les samedis. L\u2019exp\u00e9rience est un vrai succ\u00e8s. Ce qui nous a propuls\u00e9, c\u2019est notre passage dans l\u2019\u00e9mission, Qui veut devenir notre associ\u00e9 sur M 6 en f\u00e9vrier 2025. Un tournant pour Maison M Paris car depuis, Jean-Michel Karam (fondateur de la marque IOMA sp\u00e9cialis\u00e9e dans les soins de la peau) est devenu notre mentor. Et, le 16 mai, lors de notre participation au salon international de la Foire de Paris o\u00f9 nous avons \u00e9t\u00e9 submerg\u00e9s, Maison M Paris a d\u00e9croch\u00e9 la m\u00e9daille d\u2019or du concours L\u00e9pine dans la cat\u00e9gorie Univers connect\u00e9 et le prix sp\u00e9cial L\u00e9onard de Vinci. C\u2019est une v\u00e9ritable c\u00e9l\u00e9bration pour toute l\u2019\u00e9quipe qui valide notre potentiel. \u00bb<\/p>\n<p class=\"paragraph text_align_left\">Et maintenant ? \u00ab Notre objectif est de poursuivre notre progression, mais en faisant attention, car nous sommes d\u00e9j\u00e0 pirat\u00e9s. Nos brevets nous prot\u00e8gent, mais nous devons rester vigilants. L\u00e0-dessus, j\u2019ai d\u00e9j\u00e0 plein de nouvelles id\u00e9es \u00bb, se r\u00e9jouit Marie Rocchisani tout en laissant planer le myst\u00e8re.<\/p>\n","protected":false},"excerpt":{"rendered":"Marie Rocchisani, une ancienne \u00e9tudiante en commerce originaire de Rouen, a transform\u00e9 une inspiration personnelle en une innovation&hellip;\n","protected":false},"author":2,"featured_media":148911,"comment_status":"","ping_status":"","sticky":false,"template":"","format":"standard","meta":{"footnotes":""},"categories":[9587],"tags":[1111,917,11,459,1777,674,1011,27,3746,12,5161,25,9590,11074],"class_list":{"0":"post-148910","1":"post","2":"type-post","3":"status-publish","4":"format-standard","5":"has-post-thumbnail","7":"category-rouen","8":"tag-actu","9":"tag-actu-locale","10":"tag-actualites","11":"tag-departements-horsidfo","12":"tag-eu","13":"tag-europe","14":"tag-fr","15":"tag-france","16":"tag-futurs","17":"tag-news","18":"tag-normandie","19":"tag-republique-francaise","20":"tag-rouen","21":"tag-seine-maritime-76"},"share_on_mastodon":{"url":"https:\/\/pubeurope.com\/@fr\/114619479918309110","error":""},"_links":{"self":[{"href":"https:\/\/www.europesays.com\/fr\/wp-json\/wp\/v2\/posts\/148910","targetHints":{"allow":["GET"]}}],"collection":[{"href":"https:\/\/www.europesays.com\/fr\/wp-json\/wp\/v2\/posts"}],"about":[{"href":"https:\/\/www.europesays.com\/fr\/wp-json\/wp\/v2\/types\/post"}],"author":[{"embeddable":true,"href":"https:\/\/www.europesays.com\/fr\/wp-json\/wp\/v2\/users\/2"}],"replies":[{"embeddable":true,"href":"https:\/\/www.europesays.com\/fr\/wp-json\/wp\/v2\/comments?post=148910"}],"version-history":[{"count":0,"href":"https:\/\/www.europesays.com\/fr\/wp-json\/wp\/v2\/posts\/148910\/revisions"}],"wp:featuredmedia":[{"embeddable":true,"href":"https:\/\/www.europesays.com\/fr\/wp-json\/wp\/v2\/media\/148911"}],"wp:attachment":[{"href":"https:\/\/www.europesays.com\/fr\/wp-json\/wp\/v2\/media?parent=148910"}],"wp:term":[{"taxonomy":"category","embeddable":true,"href":"https:\/\/www.europesays.com\/fr\/wp-json\/wp\/v2\/categories?post=148910"},{"taxonomy":"post_tag","embeddable":true,"href":"https:\/\/www.europesays.com\/fr\/wp-json\/wp\/v2\/tags?post=148910"}],"curies":[{"name":"wp","href":"https:\/\/api.w.org\/{rel}","templated":true}]}}