{"id":148912,"date":"2025-06-03T12:40:11","date_gmt":"2025-06-03T12:40:11","guid":{"rendered":"https:\/\/www.europesays.com\/fr\/148912\/"},"modified":"2025-06-03T12:40:11","modified_gmt":"2025-06-03T12:40:11","slug":"science-des-chercheurs-grenoblois-bouleversent-nos-connaissances-sur-la-tectonique-des-plaques","status":"publish","type":"post","link":"https:\/\/www.europesays.com\/fr\/148912\/","title":{"rendered":"Science. Des chercheurs grenoblois bouleversent nos connaissances sur la tectonique des plaques"},"content":{"rendered":"<p>Jusqu&rsquo;\u00e0 pr\u00e9sent, il \u00e9tait admis que les premiers mouvements des plaques tectoniques de la Terre\u00a0s&rsquo;\u00e9taient d\u00e9clench\u00e9s\u00a0il y a environ trois milliards d&rsquo;ann\u00e9es. Des chercheurs grenoblois de <a href=\"https:\/\/www.ledauphine.com\/education\/2025\/03\/25\/isere-grenoble-l-universite-grenoble-alpes-toujours-en-tete-de-l-innovation\" target=\"_blank\" rel=\"noopener\">l&rsquo;Universit\u00e9 Grenoble Alpes<\/a> (UGA) ont cependant fait une d\u00e9couverte qui viendrait contredire cette th\u00e9orie.<\/p>\n<p><a href=\"https:\/\/www.nature.com\/articles\/s41467-025-59024-6\" target=\"_blank\" rel=\"noopener\">Dans une \u00e9tude<\/a> publi\u00e9e le 25 avril dernier dans la revue Nature Communications, ils avancent que l&rsquo;activit\u00e9 dynamique des plaques tectoniques aurait en r\u00e9alit\u00e9 commenc\u00e9 il y a\u00a0quatre milliards d&rsquo;ann\u00e9es. C&rsquo;est-\u00e0-dire du temps de l&rsquo;Had\u00e9en,\u00a0premi\u00e8re division g\u00e9ologique de notre plan\u00e8te s&rsquo;\u00e9tendant de 4,54 \u00e0 4 milliards d&rsquo;ann\u00e9es.<\/p>\n<p>  Une \u00e9tude r\u00e9alis\u00e9e gr\u00e2ce \u00e0 une plateforme unique au monde bas\u00e9e en Is\u00e8re<\/p>\n<p>Apr\u00e8s avoir analys\u00e9 du magma pi\u00e9g\u00e9 dans des cristaux d&rsquo;olivines form\u00e9s il y a 3,3 milliards d&rsquo;ann\u00e9es, les scientifiques ont d\u00e9couvert que ce magma provenait\u00a0\u201cde la fusion partielle d&rsquo;un domaine du manteau terrestre form\u00e9 il y a plus de 4 milliards d&rsquo;ann\u00e9es\u201d, indique l&rsquo;Universit\u00e9 Grenoble Alpes dans un communiqu\u00e9. \u201cCes analyses montrent aussi que cette source mantellique a subi des processus d\u2019extraction de cro\u00fbte continentale qui n\u2019avaient jamais \u00e9t\u00e9 identifi\u00e9s auparavant. En somme, les nouveaux r\u00e9sultats pr\u00e9sent\u00e9s dans cette \u00e9tude mettent en lumi\u00e8re les processus g\u00e9ologiques qui gouvernent l\u2019\u00e9volution de la Terre il y a plus de 4 milliards d\u2019ann\u00e9es.\u201d<\/p>\n<p>Pour arriver \u00e0 cette d\u00e9couverte, les chercheurs de l&rsquo;UGA\u00a0ont pu s&rsquo;appuyer\u00a0sur une plateforme unique au monde d&rsquo;analyse g\u00e9ochimique. Elle est install\u00e9e \u00e0 l&rsquo;Institut des sciences de la Terre (*), \u00e0 Gi\u00e8res,\u00a0pr\u00e8s de Grenoble.\u00a0<\/p>\n<p>Des mod\u00e9lisations num\u00e9riques \u00e0 partir des analyses effectu\u00e9es ont ensuite \u00e9t\u00e9 r\u00e9alis\u00e9es au sein du German research center for Geosciences. Ces mod\u00e9lisations ont r\u00e9v\u00e9l\u00e9 \u201cque les r\u00e9sultats g\u00e9ochimiques obtenus sur un site g\u00e9ologique particulier en Afrique du Sud sont repr\u00e9sentatifs des processus se d\u00e9roulant sur Terre durant l\u2019Had\u00e9en et que le volume de cro\u00fbte continentale pr\u00e9sent \u00e0 la surface de la Terre durant ces temps tr\u00e8s anciens \u00e9tait tr\u00e8s proche du volume actuel\u201d.<\/p>\n<p>Ces r\u00e9sultats\u00a0s&rsquo;opposent donc \u00e0 une large partie de la communaut\u00e9 scientifique puisque cette derni\u00e8re a tendance \u00e0 consid\u00e9rer que du temps de l&rsquo;Had\u00e9en, la dynamique lithosph\u00e9rique \u00e9tait \u201clargement statique, faite de bombardements m\u00e9t\u00e9oritiques et d&rsquo;activit\u00e9s volcaniques\u00a0sporadiques mais que la tectonique des plaques horizontale telle que nous la connaissons aujourd\u2019hui n\u2019\u00e9tait pas active\u201d.<\/p>\n<p class=\"note\">(*) L&rsquo;Institut des sciences de la Terre de Grenoble est une unit\u00e9 mixte de recherche qui rassemble\u00a0l&rsquo;Universit\u00e9 Grenoble Alpes, le CNRS, <a href=\"https:\/\/www.ledauphine.com\/education\/2025\/06\/03\/classement-international-cwur-l-universite-savoie-mont-blanc-en-forte-progression\" target=\"_blank\" rel=\"noopener\">l&rsquo;Universit\u00e9 Savoie Mont Blanc<\/a>, l&rsquo;Institut de recherche pour le d\u00e9veloppement et l&rsquo;Universit\u00e9 Gustave-Eiffel.\u00a0<\/p>\n","protected":false},"excerpt":{"rendered":"Jusqu&rsquo;\u00e0 pr\u00e9sent, il \u00e9tait admis que les premiers mouvements des plaques tectoniques de la Terre\u00a0s&rsquo;\u00e9taient d\u00e9clench\u00e9s\u00a0il y a&hellip;\n","protected":false},"author":2,"featured_media":148913,"comment_status":"","ping_status":"","sticky":false,"template":"","format":"standard","meta":{"footnotes":""},"categories":[9566],"tags":[1111,11,2430,1687,112,1777,674,107,1011,27,12505,2731,2732,108,12,25,767],"class_list":{"0":"post-148912","1":"post","2":"type-post","3":"status-publish","4":"format-standard","5":"has-post-thumbnail","7":"category-grenoble","8":"tag-actu","9":"tag-actualites","10":"tag-auvergne-rhone-alpes","11":"tag-culture-loisirs","12":"tag-edition-grenoble-agglomeration","13":"tag-eu","14":"tag-europe","15":"tag-fil-info","16":"tag-fr","17":"tag-france","18":"tag-gieres","19":"tag-grenoble","20":"tag-grenoble-bassin","21":"tag-isere","22":"tag-news","23":"tag-republique-francaise","24":"tag-science-et-technologie"},"share_on_mastodon":{"url":"https:\/\/pubeurope.com\/@fr\/114619483788589024","error":""},"_links":{"self":[{"href":"https:\/\/www.europesays.com\/fr\/wp-json\/wp\/v2\/posts\/148912","targetHints":{"allow":["GET"]}}],"collection":[{"href":"https:\/\/www.europesays.com\/fr\/wp-json\/wp\/v2\/posts"}],"about":[{"href":"https:\/\/www.europesays.com\/fr\/wp-json\/wp\/v2\/types\/post"}],"author":[{"embeddable":true,"href":"https:\/\/www.europesays.com\/fr\/wp-json\/wp\/v2\/users\/2"}],"replies":[{"embeddable":true,"href":"https:\/\/www.europesays.com\/fr\/wp-json\/wp\/v2\/comments?post=148912"}],"version-history":[{"count":0,"href":"https:\/\/www.europesays.com\/fr\/wp-json\/wp\/v2\/posts\/148912\/revisions"}],"wp:featuredmedia":[{"embeddable":true,"href":"https:\/\/www.europesays.com\/fr\/wp-json\/wp\/v2\/media\/148913"}],"wp:attachment":[{"href":"https:\/\/www.europesays.com\/fr\/wp-json\/wp\/v2\/media?parent=148912"}],"wp:term":[{"taxonomy":"category","embeddable":true,"href":"https:\/\/www.europesays.com\/fr\/wp-json\/wp\/v2\/categories?post=148912"},{"taxonomy":"post_tag","embeddable":true,"href":"https:\/\/www.europesays.com\/fr\/wp-json\/wp\/v2\/tags?post=148912"}],"curies":[{"name":"wp","href":"https:\/\/api.w.org\/{rel}","templated":true}]}}