{"id":148922,"date":"2025-06-03T12:45:20","date_gmt":"2025-06-03T12:45:20","guid":{"rendered":"https:\/\/www.europesays.com\/fr\/148922\/"},"modified":"2025-06-03T12:45:20","modified_gmt":"2025-06-03T12:45:20","slug":"budget-participatif-le-vote-est-ouvert","status":"publish","type":"post","link":"https:\/\/www.europesays.com\/fr\/148922\/","title":{"rendered":"Budget participatif : le vote est ouvert\u00a0"},"content":{"rendered":"<p class=\"st-surtitre\">\n            Jusqu&rsquo;au 29 juin 2025, les habitantes et habitants sont appel\u00e9s \u00e0 d\u00e9partager les 116 projets citoyens retenus par la collectivit\u00e9.\n        <\/p>\n<p>Fin 2024, \u00e0 la suite du lancement de la saison 3 du budget participatif, 447 projets ont \u00e9t\u00e9 d\u00e9pos\u00e9s par les Strasbourgeoises et Strasbourgeois, soit le double de la saison pr\u00e9c\u00e9dente.<\/p>\n<p>Parmi ceux-ci, 116 projets ont \u00e9t\u00e9 retenus comme recevables et r\u00e9alisables par la collectivit\u00e9 et sont aujourd\u2019hui soumis au vote citoyen : cr\u00e9ation de zones de convivialit\u00e9, s\u00e9curisation de l\u2019espace public, installation d\u2019\u00e9quipements sportifs et culturels, cr\u00e9ation de pistes cyclables\u2026 Autant d\u2019id\u00e9es port\u00e9es par les habitantes et habitants pour am\u00e9liorer la qualit\u00e9 de vie dans leur quartier.<\/p>\n<p>2 M\u20ac d\u2019investissements seront allou\u00e9s par la Ville de Strasbourg \u00e0 la r\u00e9alisation des projets \u00e9lus.<\/p>\n<p>Comment voter ?<\/p>\n<p>Le vote est ouvert \u00e0 toutes et tous, sans condition d\u2019\u00e2ge ou de r\u00e9sidence.<\/p>\n","protected":false},"excerpt":{"rendered":"Jusqu&rsquo;au 29 juin 2025, les habitantes et habitants sont appel\u00e9s \u00e0 d\u00e9partager les 116 projets citoyens retenus par&hellip;\n","protected":false},"author":2,"featured_media":148923,"comment_status":"","ping_status":"","sticky":false,"template":"","format":"standard","meta":{"footnotes":""},"categories":[2820],"tags":[1111,11,16244,1777,674,1011,27,775,12,25,640,24438],"class_list":{"0":"post-148922","1":"post","2":"type-post","3":"status-publish","4":"format-standard","5":"has-post-thumbnail","7":"category-strasbourg","8":"tag-actu","9":"tag-actualites","10":"tag-democratie-locale","11":"tag-eu","12":"tag-europe","13":"tag-fr","14":"tag-france","15":"tag-grand-est","16":"tag-news","17":"tag-republique-francaise","18":"tag-strasbourg","19":"tag-ville-a-vivre"},"share_on_mastodon":{"url":"https:\/\/pubeurope.com\/@fr\/114619503324490755","error":""},"_links":{"self":[{"href":"https:\/\/www.europesays.com\/fr\/wp-json\/wp\/v2\/posts\/148922","targetHints":{"allow":["GET"]}}],"collection":[{"href":"https:\/\/www.europesays.com\/fr\/wp-json\/wp\/v2\/posts"}],"about":[{"href":"https:\/\/www.europesays.com\/fr\/wp-json\/wp\/v2\/types\/post"}],"author":[{"embeddable":true,"href":"https:\/\/www.europesays.com\/fr\/wp-json\/wp\/v2\/users\/2"}],"replies":[{"embeddable":true,"href":"https:\/\/www.europesays.com\/fr\/wp-json\/wp\/v2\/comments?post=148922"}],"version-history":[{"count":0,"href":"https:\/\/www.europesays.com\/fr\/wp-json\/wp\/v2\/posts\/148922\/revisions"}],"wp:featuredmedia":[{"embeddable":true,"href":"https:\/\/www.europesays.com\/fr\/wp-json\/wp\/v2\/media\/148923"}],"wp:attachment":[{"href":"https:\/\/www.europesays.com\/fr\/wp-json\/wp\/v2\/media?parent=148922"}],"wp:term":[{"taxonomy":"category","embeddable":true,"href":"https:\/\/www.europesays.com\/fr\/wp-json\/wp\/v2\/categories?post=148922"},{"taxonomy":"post_tag","embeddable":true,"href":"https:\/\/www.europesays.com\/fr\/wp-json\/wp\/v2\/tags?post=148922"}],"curies":[{"name":"wp","href":"https:\/\/api.w.org\/{rel}","templated":true}]}}