{"id":148926,"date":"2025-06-03T12:47:10","date_gmt":"2025-06-03T12:47:10","guid":{"rendered":"https:\/\/www.europesays.com\/fr\/148926\/"},"modified":"2025-06-03T12:47:10","modified_gmt":"2025-06-03T12:47:10","slug":"nice-jazz-fest-appels-a-candidatures-pour-le-village-de-la-merenda-lou","status":"publish","type":"post","link":"https:\/\/www.europesays.com\/fr\/148926\/","title":{"rendered":"Nice Jazz Fest : Appels \u00e0 candidatures pour le village de la Merenda, Lou (\u2026)"},"content":{"rendered":"<p>                    <img loading=\"lazy\" decoding=\"async\" src=\"https:\/\/www.europesays.com\/fr\/wp-content\/uploads\/2025\/06\/d9b84bc21b6d2b2ec84569854f3045.jpg\" class=\"img-responsive post-image\" width=\"680\" height=\"510\" alt=\"Nice Jazz Fest : Appels \u00e0\" title=\"Nice Jazz Fest : Appels \u00e0 candidatures pour le village de la Merenda, Lou Girou FEST'OFF et les stands alimentaires\"\/><\/p>\n<p class=\"chapo\">Le Nice Jazz Fest qui se d\u00e9roulera du 24 au 27 juillet 2025, int\u00e9grera une multitude de lieux de vie et d\u2019animations pour faire vivre une exp\u00e9rience toujours plus intense au public. Dans ce cadre, la Ville de Nice lance trois appels \u00e0 candidatures\u00a0: restauration du village de la Merenda, Lou Girou Fest\u2019Off, stands alimentaires. Les diff\u00e9rents appels \u00e0 candidatures pour l\u2019attribution de ces stands sont ouverts jusqu\u2019au 9 juin 2025.<\/p>\n<p>                    Lou Girou FEST\u2019OFF<\/p>\n<p>La ville de Nice vous propose de devenir un<strong> acteur clef <\/strong> du prochain Nice Jazz Fest. L\u2019objectif de ce grand projet collectif est que la musique s\u2019empare de notre ville du 16 juin au 23 juillet, dans vos \u00e9tablissements, au coin des rues, des places et des march\u00e9s. Une grande f\u00eate \u00e0 ciel ouvert qui fera de Nice un immense territoire de musiques. Du 18 juillet au 23 juillet, seront propos\u00e9es des d\u00e9ambulations sur les march\u00e9s, dans l\u2019espace public pour un FEST\u2019OFF grand format dans les rues du centre-ville.<\/p>\n<p><strong>Lou G\u00ecrou du Fest\u2019OFF\u00a0! s\u2019adresse aux \u00e9tablissements ayant une programmation musicale (musiques actuelles), ou portant des propositions autour de la musique\u00a0: caf\u00e9s philo, rencontres, d\u00e9bats, projections\u2026<\/strong><\/p>\n<p>Renseignements compl\u00e9mentaires\u00a0: <a href=\"https:\/\/www.petitesaffiches.fr\/cdn-cgi\/l\/email-protection\" class=\"__cf_email__\" data-cfemail=\"a9c3c8d3d3cfccdaddc6cfcfe9c7c0caccc3c8d3d3cfccdadd87cfdb\" rel=\"nofollow noopener\" target=\"_blank\">[email\u00a0protected]<\/a>.<br class=\"autobr\"\/><br \/>\nPour candidatez, <a href=\"https:\/\/s2.sphinxonline.net\/SurveyServer\/s\/nicecotedazur\/NJF2025_OFF\/questionnaire.htm\" class=\"spip_out\" rel=\"external nofollow noopener\" target=\"_blank\">rendez-vous ici.<\/a>Restauration du village de la Merenda<\/p>\n<p>Le Village de la Merenda sera constitu\u00e9 de plusieurs sites de restauration\u00a0: un stand de socca\u00a0; un stand dans l\u2019esprit street food revisit\u00e9e sur la base de produits locaux\u00a0; un stand de fresh food\u00a0: salade, poke bowl&#8230;\u00a0; un stand de desserts \/ p\u00e2tisseries\u00a0; un glacier.<br class=\"autobr\"\/><br \/>\n<strong>La manifestation est ouverte aux commer\u00e7ants s\u00e9dentaires ou non pouvant justifier de documents r\u00e8glementaires permettant l\u2019exercice d\u2019une activit\u00e9 commerciale. Pour la vente d\u2019alcool, ces derniers devront justifier d\u2019une licence.<\/strong> Une attention particuli\u00e8re sera r\u00e9serv\u00e9e aux actions men\u00e9es en faveur de l\u2019environnement et du d\u00e9veloppement durable.<\/p>\n<p>Renseignements compl\u00e9mentaires \u00e0 <a href=\"https:\/\/www.petitesaffiches.fr\/cdn-cgi\/l\/email-protection\" class=\"__cf_email__\" data-cfemail=\"177e79717857797e74727d766d6d717264637e61767b397165\" rel=\"nofollow noopener\" target=\"_blank\">[email\u00a0protected]<\/a>.<br class=\"autobr\"\/><br \/>\nPour en savoir plus et candidater, <a href=\"https:\/\/s2.sphinxonline.net\/SurveyServer\/s\/nicecotedazur\/NJF2025_Merenda\/questionnaire.htm\" class=\"spip_out\" rel=\"external nofollow noopener\" target=\"_blank\">rendez-vous ici<\/a>.Stands alimentaires<\/p>\n<p>8 stands alimentaires (sal\u00e9s, sucr\u00e9s, glaces et socca) constitueront un espace snacking ouvert et accessible \u00e0 tous les festivaliers. <strong>La manifestation est ouverte aux commer\u00e7ants s\u00e9dentaires ou non pouvant justifier de documents r\u00e9glementaires permettant l\u2019exercice d\u2019une activit\u00e9 commerciale. Pour la vente d\u2019alcool, ces derniers devront justifier d\u2019une licence.<\/strong> Une attention particuli\u00e8re sera ici aussi r\u00e9serv\u00e9e aux actions men\u00e9es en faveur de l\u2019environnement et du d\u00e9veloppement durable.<\/p>\n<p>Renseignements compl\u00e9mentaires \u00e0 <a href=\"https:\/\/www.petitesaffiches.fr\/cdn-cgi\/l\/email-protection\" class=\"__cf_email__\" data-cfemail=\"6f060109002f01060c0a050e1515090a1c1b06190e0341091d\" rel=\"nofollow noopener\" target=\"_blank\">[email\u00a0protected]<\/a>.<br class=\"autobr\"\/><br \/>\nPour en savoir plus et candidater, <a href=\"https:\/\/s2.sphinxonline.net\/SurveyServer\/s\/nicecotedazur\/NJF2025_Merenda\/questionnaire.htm\" class=\"spip_out\" rel=\"external nofollow noopener\" target=\"_blank\">rendez-vous ici.<\/a><\/p>\n<p>Visuel de Une\u00a0: Un concert 2022 NJF au th\u00e9\u00e2tre de verdure (archive)  \u00a9VN<\/p>\n","protected":false},"excerpt":{"rendered":"Le Nice Jazz Fest qui se d\u00e9roulera du 24 au 27 juillet 2025, int\u00e9grera une multitude de lieux&hellip;\n","protected":false},"author":2,"featured_media":148927,"comment_status":"","ping_status":"","sticky":false,"template":"","format":"standard","meta":{"footnotes":""},"categories":[2819],"tags":[1111,11,2408,1777,674,1011,27,12,2401,882,25],"class_list":{"0":"post-148926","1":"post","2":"type-post","3":"status-publish","4":"format-standard","5":"has-post-thumbnail","7":"category-nice","8":"tag-actu","9":"tag-actualites","10":"tag-appels-d","11":"tag-eu","12":"tag-europe","13":"tag-fr","14":"tag-france","15":"tag-news","16":"tag-nice","17":"tag-provence-alpes-cote-dazur","18":"tag-republique-francaise"},"share_on_mastodon":{"url":"https:\/\/pubeurope.com\/@fr\/114619511164175223","error":""},"_links":{"self":[{"href":"https:\/\/www.europesays.com\/fr\/wp-json\/wp\/v2\/posts\/148926","targetHints":{"allow":["GET"]}}],"collection":[{"href":"https:\/\/www.europesays.com\/fr\/wp-json\/wp\/v2\/posts"}],"about":[{"href":"https:\/\/www.europesays.com\/fr\/wp-json\/wp\/v2\/types\/post"}],"author":[{"embeddable":true,"href":"https:\/\/www.europesays.com\/fr\/wp-json\/wp\/v2\/users\/2"}],"replies":[{"embeddable":true,"href":"https:\/\/www.europesays.com\/fr\/wp-json\/wp\/v2\/comments?post=148926"}],"version-history":[{"count":0,"href":"https:\/\/www.europesays.com\/fr\/wp-json\/wp\/v2\/posts\/148926\/revisions"}],"wp:featuredmedia":[{"embeddable":true,"href":"https:\/\/www.europesays.com\/fr\/wp-json\/wp\/v2\/media\/148927"}],"wp:attachment":[{"href":"https:\/\/www.europesays.com\/fr\/wp-json\/wp\/v2\/media?parent=148926"}],"wp:term":[{"taxonomy":"category","embeddable":true,"href":"https:\/\/www.europesays.com\/fr\/wp-json\/wp\/v2\/categories?post=148926"},{"taxonomy":"post_tag","embeddable":true,"href":"https:\/\/www.europesays.com\/fr\/wp-json\/wp\/v2\/tags?post=148926"}],"curies":[{"name":"wp","href":"https:\/\/api.w.org\/{rel}","templated":true}]}}