{"id":148934,"date":"2025-06-03T12:51:11","date_gmt":"2025-06-03T12:51:11","guid":{"rendered":"https:\/\/www.europesays.com\/fr\/148934\/"},"modified":"2025-06-03T12:51:11","modified_gmt":"2025-06-03T12:51:11","slug":"le-midi-dix-pourquoi-oliver-kahn-dit-stop-a-bordeaux-quelles-solutions-pour-les-girondins","status":"publish","type":"post","link":"https:\/\/www.europesays.com\/fr\/148934\/","title":{"rendered":"Le Midi Dix : Pourquoi Oliver Kahn dit stop \u00e0 Bordeaux ? Quelles solutions pour les Girondins ?"},"content":{"rendered":"<p>\n    03\/06 &#8211; 12:57 | Il y a<br \/>\n    2 heures\n  <\/p>\n<p><strong>C&rsquo;est le retour de ce rendez-vous d&rsquo;actu \u00e0 mi-journ\u00e9e ce mardi. Nous profitons de la pause pour faire un point complet sur l&rsquo;actualit\u00e9 des Girondins de Bordeaux avec une revue de presse et des infos. Nous revenons sur l&rsquo;info qui est tomb\u00e9e hier et les solutions pour Bordeaux.<\/strong><\/p>\n<p><img decoding=\"async\" src=\"https:\/\/www.europesays.com\/fr\/wp-content\/uploads\/2025\/06\/671_0ffaff3c708ed3c3bd40b51385958a72.png\" alt=\"Le Midi Dix : Pourquoi Oliver Kahn dit stop \u00e0 Bordeaux ? Quelles solutions pour les Girondins ?\" class=\"img-responsive mt-3\"\/><\/p>\n<p class=\"text-center mb-3\" style=\"font-size: 14px\">\u00a9 Iconsport<\/p>\n<p>Suivez cette \u00e9mission sur cette page ou sur la <a href=\"https:\/\/www.youtube.com\/watch?v=J3mMrit9DXQ\" target=\"_blank\" rel=\"noopener\">cha\u00eene YouTube de WebGirondins<\/a>.<\/p>\n<p>Ce navigateur ne supporte pas les iframes<\/p>\n<p>\u00a0<\/p>\n<p>\u00c0 lire aussi\u00a0&gt;&gt;<strong><a href=\"https:\/\/www.webgirondins.com\/actualite-girondins-girondins-pourquoi-oliver-kahn-a-finalement-dit-non-a-bordeaux-129292\" target=\"_blank\" rel=\"noopener\">\u00a0P<\/a><\/strong><strong><a href=\"https:\/\/www.webgirondins.com\/actualite-girondins-girondins-pourquoi-oliver-kahn-a-finalement-dit-non-a-bordeaux-129292\" target=\"_blank\" rel=\"noopener\">ourquoi Oliver Kahn a finalement dit non \u00e0 Bordeaux ?<\/a><\/strong><\/p>\n<p>    <a href=\"https:\/\/www.webgirondins.com\/actualites-categorie-webgirondins-tv-12\" target=\"_blank\" rel=\"noopener\">#WebGirondins TV<\/a><\/p>\n<p>  COMMENTAIRES<br \/>\n  ()<\/p>\n","protected":false},"excerpt":{"rendered":"03\/06 &#8211; 12:57 | Il y a 2 heures C&rsquo;est le retour de ce rendez-vous d&rsquo;actu \u00e0 mi-journ\u00e9e&hellip;\n","protected":false},"author":2,"featured_media":148935,"comment_status":"","ping_status":"","sticky":false,"template":"","format":"standard","meta":{"footnotes":""},"categories":[2817],"tags":[1111,47,11,3396,1997,3949,154,1777,674,4560,1011,27,1987,3465,4654,9778,11961,12,3946,2219,4653,11965,3948,471,7555,4048,11964,4022,11963,25,8133,4053,15097,10438,4568],"class_list":{"0":"post-148934","1":"post","2":"type-post","3":"status-publish","4":"format-standard","5":"has-post-thumbnail","7":"category-bordeaux","8":"tag-actu","9":"tag-actualite","10":"tag-actualites","11":"tag-avec","12":"tag-bordeaux","13":"tag-complet","14":"tag-des","15":"tag-eu","16":"tag-europe","17":"tag-faire","18":"tag-fr","19":"tag-france","20":"tag-girondins","21":"tag-journee","22":"tag-kahn","23":"tag-mardi","24":"tag-midi","25":"tag-news","26":"tag-nous","27":"tag-nouvelle-aquitaine","28":"tag-oliver","29":"tag-pause","30":"tag-point","31":"tag-pour","32":"tag-pourquoi","33":"tag-presse","34":"tag-profitons","35":"tag-quelles","36":"tag-rendez","37":"tag-republique-francaise","38":"tag-retour","39":"tag-revue","40":"tag-solutions","41":"tag-stop","42":"tag-vous"},"share_on_mastodon":{"url":"https:\/\/pubeurope.com\/@fr\/114619526842576065","error":""},"_links":{"self":[{"href":"https:\/\/www.europesays.com\/fr\/wp-json\/wp\/v2\/posts\/148934","targetHints":{"allow":["GET"]}}],"collection":[{"href":"https:\/\/www.europesays.com\/fr\/wp-json\/wp\/v2\/posts"}],"about":[{"href":"https:\/\/www.europesays.com\/fr\/wp-json\/wp\/v2\/types\/post"}],"author":[{"embeddable":true,"href":"https:\/\/www.europesays.com\/fr\/wp-json\/wp\/v2\/users\/2"}],"replies":[{"embeddable":true,"href":"https:\/\/www.europesays.com\/fr\/wp-json\/wp\/v2\/comments?post=148934"}],"version-history":[{"count":0,"href":"https:\/\/www.europesays.com\/fr\/wp-json\/wp\/v2\/posts\/148934\/revisions"}],"wp:featuredmedia":[{"embeddable":true,"href":"https:\/\/www.europesays.com\/fr\/wp-json\/wp\/v2\/media\/148935"}],"wp:attachment":[{"href":"https:\/\/www.europesays.com\/fr\/wp-json\/wp\/v2\/media?parent=148934"}],"wp:term":[{"taxonomy":"category","embeddable":true,"href":"https:\/\/www.europesays.com\/fr\/wp-json\/wp\/v2\/categories?post=148934"},{"taxonomy":"post_tag","embeddable":true,"href":"https:\/\/www.europesays.com\/fr\/wp-json\/wp\/v2\/tags?post=148934"}],"curies":[{"name":"wp","href":"https:\/\/api.w.org\/{rel}","templated":true}]}}