{"id":148938,"date":"2025-06-03T12:53:08","date_gmt":"2025-06-03T12:53:08","guid":{"rendered":"https:\/\/www.europesays.com\/fr\/148938\/"},"modified":"2025-06-03T12:53:08","modified_gmt":"2025-06-03T12:53:08","slug":"la-baisse-des-subventions-aux-associations-finalement-limitee-a-10","status":"publish","type":"post","link":"https:\/\/www.europesays.com\/fr\/148938\/","title":{"rendered":"la baisse des subventions aux associations finalement \u00ab\u00a0limit\u00e9e \u00e0 10\u00a0%\u00a0\u00bb"},"content":{"rendered":"<p>            Par<br \/>\n        <strong><br \/>\n            <a href=\"https:\/\/actu.fr\/auteur\/guillaume-laurens\" title=\"Consulter tous les articles de Guillaume Laurens\" target=\"_blank\" rel=\"noopener\">Guillaume Laurens<\/a><br \/>\n        <\/strong><\/p>\n<p>        Publi\u00e9 le<\/p>\n<p>            3 juin 2025 \u00e0 14h03        <\/p>\n<p>Ils entendent \u00ab\u2009r\u00e9tablir la v\u00e9rit\u00e9 face aux id\u00e9es re\u00e7ues\u2009\u00bb. Les \u00e9lus du groupe majoritaire <strong>Aimer Toulouse<\/strong> ont d\u00e9voil\u00e9 ce mardi 3\u00a0juin 2025 \u00ab\u2009les chiffres r\u00e9els concernant les <strong>baisses de subventions<\/strong>\u2009<strong>\u00bb<\/strong> de la mairie, plusieurs mois apr\u00e8s <a href=\"https:\/\/actu.fr\/occitanie\/toulouse_31555\/toulouse-la-mairie-va-sabrer-ses-subventions-aux-associations-et-clubs-sportifs_61923760.html\" target=\"_blank\" rel=\"noopener\">l\u2019annonce de cette d\u00e9cision<\/a>\u00a0qui avait fait grand bruit dans la Ville rose, et m\u00eame <a href=\"https:\/\/actu.fr\/occitanie\/toulouse_31555\/videos-fumigenes-faux-handicape-et-casseroles-coup-d-eclat-des-acteurs-culturels-a-la-mairie-de-toulouse_62427836.html\" target=\"_blank\" rel=\"noopener\">sem\u00e9 le chaos jusque dans l\u2019enceinte du Conseil municipal<\/a>. Et ils ont annonc\u00e9 les <strong>nouvelles mesures<\/strong> que la collectivit\u00e9 votera vendredi 20\u00a0juin prochain, au Capitole, o\u00f9 elle s\u2019appr\u00eate \u00e0 d\u00e9placer encore le curseur. Ce qu\u2019il faut savoir.<\/p>\n<p>Un \u00ab\u2009gel\u2009\u00bb de 40\u2009% annonc\u00e9 en novembre<\/p>\n<p class=\" wall-content\">Pour rappel, afin de faire face aux coupes budg\u00e9taires impos\u00e9es par l\u2019\u00c9tat, la mairie avait annonc\u00e9 en novembre\u00a02024 <strong>\u00ab\u2009un gel\u2009\u00bb de 40\u2009% <\/strong>du montant des<strong> subventions<\/strong> <strong>habituelles<\/strong> vers\u00e9es \u00e0 toutes les associations de la ville (\u00e0 l\u2019exception des clubs sportifs, pour lesquelles il \u00e9tait alors limit\u00e9 \u00e0 20\u2009%, NDLR). Une r\u00e9duction qui pourrait \u00eatre moindre en fonction d\u2019une \u00ab\u2009\u00e9ventuelle lev\u00e9e des incertitudes budg\u00e9taires\u2009\u00bb, avait pr\u00e9vu la collectivit\u00e9.<\/p>\n<p class=\" wall-content\">Un Premier ministre plus tard, la municipalit\u00e9 avait indiqu\u00e9 en mars\u00a02025 octroyer aux associations <strong>20\u2009% suppl\u00e9mentaires,<\/strong> soit la moiti\u00e9 des subventions gel\u00e9es, car la ponction de l\u2019\u00c9tat dans les caisses de la Ville \u00e9tait \u00ab\u2009plus l\u00e9g\u00e8re que pr\u00e9vu\u2009\u00bb, expliquait <strong>Jean-Luc Moudenc<\/strong>. Le maire de Toulouse s\u2019\u00e9tait alors engag\u00e9 \u00e0 \u00ab\u2009poursuivre l\u2019examen\u2009\u00bb pour qu\u2019un <strong>\u00ab\u2009volant suppl\u00e9mentaire\u2009\u00bb de subventions<\/strong> \u00ab\u2009puisse \u00eatre attribu\u00e9\u2009\u00bb lors de la prochaine s\u00e9ance du conseil, le vendredi 20\u00a0juin.<\/p>\n<p>Une baisse finalement \u00ab\u2009limit\u00e9e \u00e0 10\u2009%\u2009\u00bb<\/p>\n<p class=\" wall-content\">\u00ab\u2009On a pu trouver <strong>des solutions<\/strong> pour maintenir au maximum nos engagements\u2009\u00bb, a ainsi annonc\u00e9 ce mardi <strong>Sacha Briand<\/strong>, l\u2019adjoint aux finances. \u00ab\u2009Le soutien de la collectivit\u00e9 atteint un niveau de <strong>90\u2009%<\/strong> (par rapport aux ann\u00e9es pr\u00e9c\u00e9dentes, NDLR)\u2009\u00bb, qu\u2019il s\u2019agisse des associations culturelles, sportives ou autres.<\/p>\n<p class=\" wall-content\">\u00ab\u2009L\u2019impact sur les acteurs associatifs est <strong>limit\u00e9 \u00e0 10\u2009%\u2009\u00bb<\/strong> en moyenne, a insist\u00e9 l\u2019\u00e9lu, qui a renvoy\u00e9 \u00ab\u2009le d\u00e9tail\u2009\u00bb des \u00ab\u2009<strong>1\u2009500 associations subventionn\u00e9es<\/strong> \u00e0 Toulouse\u2009\u00bb au prochain conseil municipal.<\/p>\n<p>Vers 80\u2009% de subventions pour le Stade et le T\u00e9f\u00e9c\u00e9<\/p>\n<p class=\" wall-content\">Pour ce qui est des subventions allou\u00e9es aux <strong>clubs sportifs professionnels<\/strong> pour diverses activit\u00e9s, \u00ab\u2009on va plut\u00f4t aider ceux qui sont dans une situation difficile\u2009\u00bb, a poursuivi <strong>Henri de Lagoutine<\/strong>, \u00e9lu en charge du sport. \u00ab\u2009Le Stade Toulousain et le TFC ont de la tr\u00e9sorerie et des ressources, ils ne sont pas les plus en danger\u2009\u00bb, a-t-il avanc\u00e9, pr\u00e9cisant que les deux fleurons du sport local \u00ab\u2009devraient rester \u00e0 80\u2009%\u2009\u00bb de leurs enveloppes.<\/p>\n<blockquote class=\"ac-article-quote wall-content\">\n<p>L\u2019effort se porte plut\u00f4t sur les clubs amateurs qui sont dans une situation difficile, ou qui portent des engagements importants.\n<\/p>\n<p>    <strong>Henri de Lagoutine<\/strong><br \/>\n        Conseiller municipal d\u00e9l\u00e9gu\u00e9 aux Sports    <\/p><\/blockquote>\n<p>Quid du soutien \u00e0 l&rsquo;agrandissement des stades, et \u00e0 la Cit\u00e9 de la natation ?<\/p>\n<p>Toujours selon Henri de Lagoutine, la collectivit\u00e9 poursuit \u00ab\u00a0les discussions avec les deux grands clubs de sport professionnel de Toulouse\u00a0\u00bb concernant les projets d&rsquo;agrandissement du stade Ernest-Wallon et du Stadium. La majorit\u00e9 dit vouloir \u00eatre au rendez-vous pour soutenir l&rsquo;extension de ces \u00e9quipements : \u00ab\u00a0Depuis 10 ans, nous formulons des engagements et nous les tenons\u00a0\u00bb, a lanc\u00e9 Sacha Briand, qui veut aussi maintenir l&rsquo;aide annonc\u00e9e \u00e0 la future Cit\u00e9 de la natation (4 millions d\u2019euros au total, la moiti\u00e9 pour la cession de la parcelle sur l&rsquo;\u00eele du Ramier et l&rsquo;autre pour une subvention directe, NDLR), car \u00ab\u00a0on ne peut pas se permettre de se d\u00e9sengager sur de tels investissements\u00a0\u00bb.<\/p>\n<p>\u00ab\u2009L\u2019opposition essaie d\u2019instaurer de la peur\u2009\u00bb<\/p>\n<p class=\" wall-content\">\u00ab\u2009Pendant que <strong>l\u2019opposition<\/strong> essayait d\u2019organiser <strong>un certain d\u00e9sordre<\/strong> et d\u2019instaurer de la peur, la collectivit\u00e9 \u00e9tait au travail\u2009\u00bb, a ensuite scand\u00e9 <strong>Christophe Alves.<\/strong> Le conseiller municipal d\u00e9l\u00e9gu\u00e9 \u00e0 la vie associative a revendiqu\u00e9 avoir \u00ab\u2009travaill\u00e9 <strong>de mani\u00e8re chirurgicale<\/strong> avec l\u2019ensemble des associations\u2009\u00bb, avant de fustiger \u00e0 plusieurs reprises \u00ab\u2009l\u2019amateurisme\u2009\u00bb et les \u00ab\u2009mensonges permanents\u2009\u00bb de l\u2019opposition.<\/p>\n<blockquote class=\"ac-article-quote wall-content\">\n<p>Malgr\u00e9 ce que certains ont pu dire, c&rsquo;est un r\u00e9sultat tr\u00e8s positif. \u00c0 90 %, on est tr\u00e8s largement au-dessus de la R\u00e9gion et du D\u00e9partement, mais \u00e7a, l\u2019opposition n\u2019en parle pas ! D\u00e8s lors qu\u2019il s\u2019agit de ses amis politiques&#8230;<\/p>\n<p>    <strong>Christophe Alves<\/strong><br \/>\n        Conseiller municipal d\u00e9l\u00e9gu\u00e9 \u00e0 la vie associative    <\/p><\/blockquote>\n<p>Aucune association en p\u00e9ril \u00ab\u2009\u00e0 cause de ces mesures\u2009\u00bb<\/p>\n<p class=\" wall-content\">\u00ab\u2009Certaines associations ont des fonds de roulement et des r\u00e9serves importantes\u2009: elles n\u2019auront <strong>aucune difficult\u00e9 \u00e0 assumer<\/strong> cet impact\u2009\u00bb de la baisse qui restera, a soutenu Sacha Briand. \u00ab\u2009Normalement, \u00e7a ne doit pas avoir d\u2019impact sur les activit\u00e9s\u2009\u00bb. Christophe Alves a de son c\u00f4t\u00e9 assur\u00e9 \u00ab\u2009ne pas avoir connaissance d\u2019associations qui ferment \u00e0 cause de ces mesures\u2009\u00bb.<\/p>\n<blockquote class=\"ac-article-quote wall-content\">\n<p>Quand on regarde ce qui s\u2019est pass\u00e9 sur un grand th\u00e9\u00e2tre toulousain, ce ne sont pas les d\u00e9cisions de la Ville qui ont eu des cons\u00e9quences majeures, mais celles annonc\u00e9es par les autres collectivit\u00e9s&#8230; L\u00e0 encore, on n&rsquo;a pas entendu l&rsquo;opposition, ces m\u00eames \u00e9lus qui si\u00e8gent pourtant aussi au D\u00e9partement et \u00e0 la R\u00e9gion.<\/p>\n<p>    <strong>Sacha Briand<\/strong><br \/>\n        Adjoint au maire en charge des finances    <\/p><\/blockquote>\n<p>43 \u00e0 44\u00a0millions de pertes pour la Ville et la M\u00e9tropole<\/p>\n<p class=\" wall-content\">Ce taux moyen de 90\u2009% des subventions attribu\u00e9es <strong>ne devrait plus bouger<\/strong>, car \u00ab\u2009\u00e0 ce stade, il n\u2019est pas pr\u00e9vu que l\u2019\u00c9tat nous rende des ressources suppl\u00e9mentaires\u2009\u00bb, a \u00e9vacu\u00e9 Sacha Briand, qui reste sur ses gardes\u2009: \u00ab\u2009On en est plut\u00f4t \u00e0 surveiller ses engagements\u2009\u00bb.<\/p>\n<p class=\" wall-content\">D\u2019apr\u00e8s le grand argentier du Capitole, avec l\u2019arriv\u00e9e du <strong>gouvernement Bayrou<\/strong>, les \u00e9quilibres budg\u00e9taires ont chang\u00e9\u2009: \u00ab\u2009L\u2019effort est surtout <strong>port\u00e9 par les intercommunalit\u00e9s,<\/strong> et <strong>moins par les mairies<\/strong>\u2009\u00bb. La loi de Finances entra\u00eene selon lui \u00ab\u200943 \u00e0 44\u00a0millions d\u2019euros de pertes de recettes totales\u2009\u00bb pour les deux collectivit\u00e9s toulousaines\u2009: \u00ab\u2009Environ 6\u00a0millions pour la Ville et 38 pour la M\u00e9tropole\u2009\u00bb.\u2009\u00bb Lors de la loi de finances Barnier (au moment o\u00f9 la mairie avait annonc\u00e9 ses premi\u00e8res coupes, NDLR), on \u00e9tait \u00e0 67\u00a0millions, dont 23 sur la Ville\u2009\u00bb.<\/p>\n<p>\u00ab\u2009Pas bankable \u00e0 un an des \u00e9lections, mais cela d\u00e9montre notre bonne foi\u2009\u00bb<\/p>\n<p class=\" wall-content\">Sacha Briand pr\u00e9vient toutefois que les prochaines ann\u00e9es risquent encore d\u2019\u00eatre difficiles pour b\u00e2tir les budgets \u00e0 Toulouse\u2026 De l\u00e0 \u00e0 en faire un enjeu des prochaines \u00e9lections\u2009? \u00ab\u2009Nous estimons que <strong>les \u00e9conomies de fonctionnement<\/strong> doivent \u00eatre un sujet prioritaire, eux (l\u2019opposition, NDLR) consid\u00e8rent plut\u00f4t qu\u2019il faut augmenter les ressources, donc la fiscalit\u00e9\u2009\u00bb.<\/p>\n<p class=\" wall-content\">\u00c0 quelques mois de remettre les cl\u00e9s du Capitole dans les mains des Toulousains, Sacha Briand ne s\u2019en cache pas\u2009: baisser les subventions aux associations, \u00ab\u2009effectivement, <strong>\u00e7a n\u2019est pas bankable<\/strong> \u00e0 un an des \u00e9lections, mais cela d\u00e9montre <strong>notre bonne foi.<\/strong> Si on fait \u00e7a, c\u2019est parce qu\u2019on n\u2019a pas le choix et qu\u2019il faut le faire\u2009\u00bb.<\/p>\n<p><strong>Et aussi. Vers 20\u2009% de baisse aux \u00ab\u2009op\u00e9rateurs\u2009\u00bb soutenus par la M\u00e9tropole<\/strong><br \/>Si c\u2019est la Mairie qui se charge de la plupart des subventions aux associations \u00e0 Toulouse, la M\u00e9tropole s\u2019acquitte de son c\u00f4t\u00e9 des \u00ab\u2009relations avec les gros op\u00e9rateurs du territoire\u2009\u00bb (ex. Decoset, Semeccel, etc.). Ceux-ci devraient conna\u00eetre, selon Sacha Briand, \u00ab\u2009autour de 20\u2009% de baisse\u2009\u00bb.<\/p>\n<p class=\" wall-content\">Suivez toute l\u2019actualit\u00e9 de vos villes et m\u00e9dias favoris en vous inscrivant \u00e0 <a href=\"https:\/\/moncompte.actu.fr\" title=\"D\u00e9couvez Mon Actu\" rel=\"nofollow noopener\" data-trk=\"{&quot;cta&quot;:{&quot;action&quot;:&quot;https:\\\/\\\/moncompte.actu.fr&quot;,&quot;category&quot;:&quot;mon compte&quot;,&quot;from&quot;:&quot;article footer&quot;,&quot;name&quot;:&quot;Mon actu&quot;,&quot;type&quot;:&quot;cta&quot;}}\" target=\"_blank\">Mon Actu<\/a>.<\/p>\n<ul class=\"ac-article-tag wall-content\">\n<li><a href=\"https:\/\/actu.fr\/tag\/jean-luc-moudenc\" data-trk=\"{&quot;cta&quot;:{&quot;action&quot;:&quot;Jean-Luc Moudenc&quot;,&quot;category&quot;:&quot;tag&quot;,&quot;from&quot;:&quot;article footer&quot;,&quot;name&quot;:&quot;Jean-Luc Moudenc&quot;,&quot;type&quot;:&quot;cta&quot;}}\" target=\"_blank\" rel=\"noopener\">#Jean-Luc Moudenc<\/a><\/li>\n<li><a href=\"https:\/\/actu.fr\/tag\/toulouse-metropole\" data-trk=\"{&quot;cta&quot;:{&quot;action&quot;:&quot;Toulouse M\\u00e9tropole&quot;,&quot;category&quot;:&quot;tag&quot;,&quot;from&quot;:&quot;article footer&quot;,&quot;name&quot;:&quot;Toulouse M\\u00e9tropole&quot;,&quot;type&quot;:&quot;cta&quot;}}\" target=\"_blank\" rel=\"noopener\">#Toulouse M\u00e9tropole<\/a><\/li>\n<\/ul>\n","protected":false},"excerpt":{"rendered":"Par Guillaume Laurens Publi\u00e9 le 3 juin 2025 \u00e0 14h03 Ils entendent \u00ab\u2009r\u00e9tablir la v\u00e9rit\u00e9 face aux id\u00e9es&hellip;\n","protected":false},"author":2,"featured_media":148939,"comment_status":"","ping_status":"","sticky":false,"template":"","format":"standard","meta":{"footnotes":""},"categories":[2816],"tags":[1111,11,1777,674,1011,27,2857,12,2680,25,104,2312,1090],"class_list":{"0":"post-148938","1":"post","2":"type-post","3":"status-publish","4":"format-standard","5":"has-post-thumbnail","7":"category-toulouse","8":"tag-actu","9":"tag-actualites","10":"tag-eu","11":"tag-europe","12":"tag-fr","13":"tag-france","14":"tag-jean-luc-moudenc","15":"tag-news","16":"tag-occitanie","17":"tag-republique-francaise","18":"tag-societe","19":"tag-toulouse","20":"tag-toulouse-metropole"},"share_on_mastodon":{"url":"https:\/\/pubeurope.com\/@fr\/114619534741149548","error":""},"_links":{"self":[{"href":"https:\/\/www.europesays.com\/fr\/wp-json\/wp\/v2\/posts\/148938","targetHints":{"allow":["GET"]}}],"collection":[{"href":"https:\/\/www.europesays.com\/fr\/wp-json\/wp\/v2\/posts"}],"about":[{"href":"https:\/\/www.europesays.com\/fr\/wp-json\/wp\/v2\/types\/post"}],"author":[{"embeddable":true,"href":"https:\/\/www.europesays.com\/fr\/wp-json\/wp\/v2\/users\/2"}],"replies":[{"embeddable":true,"href":"https:\/\/www.europesays.com\/fr\/wp-json\/wp\/v2\/comments?post=148938"}],"version-history":[{"count":0,"href":"https:\/\/www.europesays.com\/fr\/wp-json\/wp\/v2\/posts\/148938\/revisions"}],"wp:featuredmedia":[{"embeddable":true,"href":"https:\/\/www.europesays.com\/fr\/wp-json\/wp\/v2\/media\/148939"}],"wp:attachment":[{"href":"https:\/\/www.europesays.com\/fr\/wp-json\/wp\/v2\/media?parent=148938"}],"wp:term":[{"taxonomy":"category","embeddable":true,"href":"https:\/\/www.europesays.com\/fr\/wp-json\/wp\/v2\/categories?post=148938"},{"taxonomy":"post_tag","embeddable":true,"href":"https:\/\/www.europesays.com\/fr\/wp-json\/wp\/v2\/tags?post=148938"}],"curies":[{"name":"wp","href":"https:\/\/api.w.org\/{rel}","templated":true}]}}