{"id":148940,"date":"2025-06-03T12:54:13","date_gmt":"2025-06-03T12:54:13","guid":{"rendered":"https:\/\/www.europesays.com\/fr\/148940\/"},"modified":"2025-06-03T12:54:13","modified_gmt":"2025-06-03T12:54:13","slug":"marcq-en-baroeul-le-maire-bernard-gerard-fait-leloge-du-second-dans-son-autobiographie","status":"publish","type":"post","link":"https:\/\/www.europesays.com\/fr\/148940\/","title":{"rendered":"Marcq-en-Bar\u0153ul. Le maire Bernard G\u00e9rard fait l&rsquo;\u00e9loge du \u00ab\u00a0second\u00a0\u00bb dans son autobiographie"},"content":{"rendered":"<p>            Par<br \/>\n        <strong><br \/>\n            <a href=\"https:\/\/actu.fr\/auteur\/redaction-lille\" title=\"Consulter tous les articles de R\u00e9daction Lille\" target=\"_blank\" rel=\"noopener\">R\u00e9daction Lille<\/a><br \/>\n        <\/strong><\/p>\n<p>        Publi\u00e9 le<\/p>\n<p>            3 juin 2025 \u00e0 14h40        <\/p>\n<p>Dans son <b>autobiographie<\/b> intitul\u00e9e \u00ab\u00a0Le second\u00a0\u00bb, le <b>maire<\/b> de <a href=\"https:\/\/actu.fr\/hauts-de-france\/marcq-en-baroeul_59378\" target=\"_blank\" rel=\"noopener\">Marcq-en-Bar\u0153ul<\/a> (Nord) <b>Bernard G\u00e9rard<\/b> retrace <b>quarante ann\u00e9es de vie publique<\/b> \u2013 locale et nationale \u2013 durant lesquelles il s\u2019est attel\u00e9 \u00ab\u00a0au service de l\u2019int\u00e9r\u00eat de la France\u00a0\u00bb en voulant rendre ses lettres de noblesse au vivre ensemble et \u00e0 la d\u00e9mocratie.<\/p>\n<p>Le maire de Marcq-en-Bar\u0153ul fait son autobiographie<\/p>\n<p class=\" wall-content\">\u00ab\u00a0Il n\u2019est nul besoin d\u2019\u00eatre un premier en tout pour servir son pays ou sa commune, il suffit d\u2019abord d\u2019aimer les gens, tout le reste vient naturellement\u00a0\u00bb, \u00e9crit l\u2019\u00e9lu, natif de <a href=\"https:\/\/actu.fr\/hauts-de-france\/valenciennes_59606\" target=\"_blank\" rel=\"noopener\">Valenciennes<\/a>, 71 ans, avocat de formation (droit de la construction, droit du travail), maire depuis 2001 (conseiller municipal d\u00e8s 1983) et pr\u00e9sident de l\u2019association des maires du Nord depuis 2023.<\/p>\n<p class=\" wall-content\">Ajoutons la vice-pr\u00e9sidence (en charge de la voirie et de l\u2019espace public) de la m\u00e9tropole europ\u00e9enne de Lille (MEL) et le mandat de conseiller r\u00e9gional au titre de <a href=\"https:\/\/actu.fr\/tag\/les-republicains-lr\" target=\"_blank\" rel=\"noopener\">Les R\u00e9publicains (LR)<\/a>, sa famille politique. Bernard G\u00e9rard fut aussi d\u00e9put\u00e9 de la 9\u00e8me circonscription (2007-2017).<\/p>\n<p>Le travail parlementaire ? Passionnant !<\/p>\n<p class=\" wall-content\">Membre de la commission des affaires \u00e9conomiques, l\u2019\u00e9lu revient sur des dossiers qu\u2019il eut \u00e0 traiter, relatifs \u00e0 la vente \u00e0 distance, l\u2019e-commerce, le secteur textile (cr\u00e9ation du centre europ\u00e9en des textiles innovants\/Ceti, groupe d\u2019\u00e9tudes \u00ab\u00a0Textile et industries de main d\u2019\u0153uvre\u00a0\u00bb qu\u2019il pr\u00e9sidera, en 2012). En avril 2015, il remet (avec Marc Goua, d\u00e9put\u00e9 PS) le rapport \u00ab\u00a0Pour un nouveau mode de relation Urssaf\/entreprises\u00a0\u00bb avec 44 propositions.<\/p>\n<p class=\" wall-content\">Participant \u00e0 la codification du t\u00e9l\u00e9travail (2008), il d\u00e9clinera son application avec le micro-h\u00f4tel d\u2019entreprises dans sa ville. Mobilis\u00e9 pour l\u2019activit\u00e9 \u00e9conomique des quartiers en difficult\u00e9 (Hem, Wattrelos, Hautmont, Marcq et son projet \u00ab\u00a0Cuisine, mode d\u2019emploi\u00a0\u00bb), r\u00e9unissant chaque ann\u00e9e les chefs d\u2019entreprise (3500 environ) de sa commune, le d\u00e9put\u00e9-maire s\u2019investira pour la construction d\u2019une maison d\u2019accueil sp\u00e9cialis\u00e9e (MAS \u00ab\u00a0La Gerlotte\u00a0\u00bb), fera \u00e9voluer la r\u00e9glementation des r\u00e9sidences services pour personnes \u00e2g\u00e9es, participera \u00e0 deux propositions de loi sur l\u2019adoption et l\u2019int\u00e9r\u00eat de l\u2019enfant, investira le champ du cyberharc\u00e8lement dans les coll\u00e8ges et lyc\u00e9es.<\/p>\n<p>De belles rencontres<\/p>\n<p class=\" wall-content\">Afrique du sud, Chine, Vatican, Bernard G\u00e9rard salue nombre de personnalit\u00e9s de premier plan, sans parti pris, dont Pierre Mauroy \u00ab\u00a0homme respect\u00e9, appr\u00e9ci\u00e9, attentif, tr\u00e8s pr\u00e9sent\u00a0\u00bb, la jeunesse \u00e0 l\u2019\u0153uvre sur les navires de guerre de la Marine nationale (il est capitaine de fr\u00e9gate r\u00e9serviste), \u00e9voque \u00ab\u00a0mauvaises et marquantes rencontres\u00a0\u00bb avec un coup de chapeau au groupe Holder (boulangerie Paul, ndlr) qui fait de sa ville de pr\u00e8s de 40 000 habitants \u00ab\u00a0en quelque sorte\u00a0la capitale mondiale de la levure et du pain\u00a0\u00bb.<\/p>\n<p>Premier ou\u2026 second ?<\/p>\n<p class=\" wall-content\">L\u2019int\u00e9r\u00eat de cet opus au titre intelligent et d\u2019une belle sinc\u00e9rit\u00e9, \u00e0 mettre dans les mains de la g\u00e9n\u00e9ration montante, est \u00e0 chercher dans les quelques pages que l\u2019auteur consacre \u00e0 celles et ceux qui, leur vie durant, ont \u00e9t\u00e9 \u00ab\u00a0seconds, alli\u00e9s, adjoints, alter ego, collaborateurs ou fond\u00e9s de pouvoir, lieutenants \u2026\u00a0\u00bb. Ce r\u00f4le du second dans l\u2019Histoire, il eut \u00e0 le pr\u00e9senter lors de son concours de la profession d\u2019avocat. Une place qu\u2019il revendique et affectionne<b> <\/b>\u00ab\u00a0en ce qu\u2019elle m\u2019a permis de vivre une grande aventure humaine aux c\u00f4t\u00e9s de femmes et d\u2019hommes exceptionnels\u00a0\u00bb. Et de citer Pascal : \u00ab\u00a0L\u2019homme seul est quelque chose d\u2019imparfait. Il faut qu\u2019il trouve un second pour \u00eatre heureux\u00a0\u00bb.\u00a0<\/p>\n<p class=\" wall-content\"><b>Ph. C<\/b><\/p>\n<p>\u00ab\u00a0Le Second\u00a0\u00bb (Bayard Service, 139 p. 18\u20ac). Le livre est disponible \u00e0 la Librairie La Forge, \u00e0 Marcq-en-Bar\u0153ul.<\/p>\n<p class=\" wall-content\">Suivez toute l\u2019actualit\u00e9 de vos villes et m\u00e9dias favoris en vous inscrivant \u00e0 <a href=\"https:\/\/moncompte.actu.fr\" title=\"D\u00e9couvez Mon Actu\" rel=\"nofollow noopener\" data-trk=\"{&quot;cta&quot;:{&quot;action&quot;:&quot;https:\\\/\\\/moncompte.actu.fr&quot;,&quot;category&quot;:&quot;mon compte&quot;,&quot;from&quot;:&quot;article footer&quot;,&quot;name&quot;:&quot;Mon actu&quot;,&quot;type&quot;:&quot;cta&quot;}}\" target=\"_blank\">Mon Actu<\/a>.<\/p>\n<ul class=\"ac-article-tag wall-content\">\n<li><a href=\"https:\/\/actu.fr\/tag\/les-republicains-lr\" data-trk=\"{&quot;cta&quot;:{&quot;action&quot;:&quot;Les R\\u00e9publicains (LR)&quot;,&quot;category&quot;:&quot;tag&quot;,&quot;from&quot;:&quot;article footer&quot;,&quot;name&quot;:&quot;Les R\\u00e9publicains (LR)&quot;,&quot;type&quot;:&quot;cta&quot;}}\" target=\"_blank\" rel=\"noopener\">#Les R\u00e9publicains (LR)<\/a><\/li>\n<li><a href=\"https:\/\/actu.fr\/tag\/livres\" data-trk=\"{&quot;cta&quot;:{&quot;action&quot;:&quot;Livres&quot;,&quot;category&quot;:&quot;tag&quot;,&quot;from&quot;:&quot;article footer&quot;,&quot;name&quot;:&quot;Livres&quot;,&quot;type&quot;:&quot;cta&quot;}}\" target=\"_blank\" rel=\"noopener\">#Livres<\/a><\/li>\n<\/ul>\n","protected":false},"excerpt":{"rendered":"Par R\u00e9daction Lille Publi\u00e9 le 3 juin 2025 \u00e0 14h40 Dans son autobiographie intitul\u00e9e \u00ab\u00a0Le second\u00a0\u00bb, le maire&hellip;\n","protected":false},"author":2,"featured_media":148941,"comment_status":"","ping_status":"","sticky":false,"template":"","format":"standard","meta":{"footnotes":""},"categories":[2815],"tags":[1111,11,1777,674,1011,27,811,8335,1307,1380,1652,12,25],"class_list":{"0":"post-148940","1":"post","2":"type-post","3":"status-publish","4":"format-standard","5":"has-post-thumbnail","7":"category-lille","8":"tag-actu","9":"tag-actualites","10":"tag-eu","11":"tag-europe","12":"tag-fr","13":"tag-france","14":"tag-hauts-de-france","15":"tag-les-republicains-lr","16":"tag-lille","17":"tag-livres","18":"tag-loisirs-culture","19":"tag-news","20":"tag-republique-francaise"},"share_on_mastodon":{"url":"https:\/\/pubeurope.com\/@fr\/114619538695636701","error":""},"_links":{"self":[{"href":"https:\/\/www.europesays.com\/fr\/wp-json\/wp\/v2\/posts\/148940","targetHints":{"allow":["GET"]}}],"collection":[{"href":"https:\/\/www.europesays.com\/fr\/wp-json\/wp\/v2\/posts"}],"about":[{"href":"https:\/\/www.europesays.com\/fr\/wp-json\/wp\/v2\/types\/post"}],"author":[{"embeddable":true,"href":"https:\/\/www.europesays.com\/fr\/wp-json\/wp\/v2\/users\/2"}],"replies":[{"embeddable":true,"href":"https:\/\/www.europesays.com\/fr\/wp-json\/wp\/v2\/comments?post=148940"}],"version-history":[{"count":0,"href":"https:\/\/www.europesays.com\/fr\/wp-json\/wp\/v2\/posts\/148940\/revisions"}],"wp:featuredmedia":[{"embeddable":true,"href":"https:\/\/www.europesays.com\/fr\/wp-json\/wp\/v2\/media\/148941"}],"wp:attachment":[{"href":"https:\/\/www.europesays.com\/fr\/wp-json\/wp\/v2\/media?parent=148940"}],"wp:term":[{"taxonomy":"category","embeddable":true,"href":"https:\/\/www.europesays.com\/fr\/wp-json\/wp\/v2\/categories?post=148940"},{"taxonomy":"post_tag","embeddable":true,"href":"https:\/\/www.europesays.com\/fr\/wp-json\/wp\/v2\/tags?post=148940"}],"curies":[{"name":"wp","href":"https:\/\/api.w.org\/{rel}","templated":true}]}}