{"id":148944,"date":"2025-06-03T12:56:09","date_gmt":"2025-06-03T12:56:09","guid":{"rendered":"https:\/\/www.europesays.com\/fr\/148944\/"},"modified":"2025-06-03T12:56:09","modified_gmt":"2025-06-03T12:56:09","slug":"agression-du-personnel-soignant-et-des-agents-de-securite-par-un-patient-impatient","status":"publish","type":"post","link":"https:\/\/www.europesays.com\/fr\/148944\/","title":{"rendered":"agression du personnel soignant et des agents de s\u00e9curit\u00e9 par un patient impatient"},"content":{"rendered":"<p>Un homme trouvant manifestement que sa prise en charge tardait un peu trop, a insult\u00e9, menac\u00e9 de mort et tent\u00e9 de frapper le personnel des <a href=\"https:\/\/www.laprovence.com\/article\/faits-divers-justice\/173958118624914\/marseille-un-homme-defonce-la-porte-des-urgences-avant-detre-pris-en-charge-par-les-soignants\" target=\"_blank\" rel=\"nofollow noopener\">urgences<\/a> de l\u2019<a href=\"https:\/\/www.laprovence.com\/article\/faits-divers-justice\/6881580103683214\/nouvelle-agression-a-l-hopital-nord-a-marseille-deux-infirmiers-blesses\" target=\"_blank\" rel=\"nofollow noopener\">h\u00f4pital nord<\/a> \u00e0 Marseille lundi 2 juin, en s\u2019en prenant \u00e0 des agents de s\u00e9curit\u00e9 et \u00e0 des soignants.<\/p>\n<p>Plac\u00e9 en garde \u00e0 vue<\/p>\n<p>Il \u00e9tait 15h30 ce lundi, lorsqu\u2019un trentenaire qui patientait dans la salle d\u2019attente des urgences a soudainement consid\u00e9r\u00e9 que l\u2019attente avait trop dur\u00e9.<\/p>\n<p>Pas s\u00fbr qu\u2019il ait choisi la meilleure m\u00e9thode pour acc\u00e9l\u00e9rer sa prise en charge, puisque c\u2019est en garde \u00e0 vue que cet homme de 34 ans a pass\u00e9 le reste de la journ\u00e9e apr\u00e8s son interpellation par la police.<\/p>\n","protected":false},"excerpt":{"rendered":"Un homme trouvant manifestement que sa prise en charge tardait un peu trop, a insult\u00e9, menac\u00e9 de mort&hellip;\n","protected":false},"author":2,"featured_media":148945,"comment_status":"","ping_status":"","sticky":false,"template":"","format":"standard","meta":{"footnotes":""},"categories":[2814],"tags":[17,1111,11,1120,154,1777,674,274,1011,27,100,884,12,1308,12298,882,25,20973],"class_list":{"0":"post-148944","1":"post","2":"type-post","3":"status-publish","4":"format-standard","5":"has-post-thumbnail","7":"category-marseille","8":"tag-17","9":"tag-actu","10":"tag-actualites","11":"tag-agression","12":"tag-des","13":"tag-eu","14":"tag-europe","15":"tag-faits-divers-justice","16":"tag-fr","17":"tag-france","18":"tag-hopital","19":"tag-marseille","20":"tag-news","21":"tag-nord","22":"tag-personnel","23":"tag-provence-alpes-cote-dazur","24":"tag-republique-francaise","25":"tag-soignant"},"share_on_mastodon":{"url":"https:\/\/pubeurope.com\/@fr\/114619546572830622","error":""},"_links":{"self":[{"href":"https:\/\/www.europesays.com\/fr\/wp-json\/wp\/v2\/posts\/148944","targetHints":{"allow":["GET"]}}],"collection":[{"href":"https:\/\/www.europesays.com\/fr\/wp-json\/wp\/v2\/posts"}],"about":[{"href":"https:\/\/www.europesays.com\/fr\/wp-json\/wp\/v2\/types\/post"}],"author":[{"embeddable":true,"href":"https:\/\/www.europesays.com\/fr\/wp-json\/wp\/v2\/users\/2"}],"replies":[{"embeddable":true,"href":"https:\/\/www.europesays.com\/fr\/wp-json\/wp\/v2\/comments?post=148944"}],"version-history":[{"count":0,"href":"https:\/\/www.europesays.com\/fr\/wp-json\/wp\/v2\/posts\/148944\/revisions"}],"wp:featuredmedia":[{"embeddable":true,"href":"https:\/\/www.europesays.com\/fr\/wp-json\/wp\/v2\/media\/148945"}],"wp:attachment":[{"href":"https:\/\/www.europesays.com\/fr\/wp-json\/wp\/v2\/media?parent=148944"}],"wp:term":[{"taxonomy":"category","embeddable":true,"href":"https:\/\/www.europesays.com\/fr\/wp-json\/wp\/v2\/categories?post=148944"},{"taxonomy":"post_tag","embeddable":true,"href":"https:\/\/www.europesays.com\/fr\/wp-json\/wp\/v2\/tags?post=148944"}],"curies":[{"name":"wp","href":"https:\/\/api.w.org\/{rel}","templated":true}]}}