{"id":148948,"date":"2025-06-03T12:58:08","date_gmt":"2025-06-03T12:58:08","guid":{"rendered":"https:\/\/www.europesays.com\/fr\/148948\/"},"modified":"2025-06-03T12:58:08","modified_gmt":"2025-06-03T12:58:08","slug":"un-grand-marche-vintage-sinvite-a-lyon-ce-week-end","status":"publish","type":"post","link":"https:\/\/www.europesays.com\/fr\/148948\/","title":{"rendered":"Un grand march\u00e9 vintage s\u2019invite \u00e0 Lyon ce week-end"},"content":{"rendered":"<p itemprop=\"description\"><strong>Direction le 6e arrondissement.<\/strong><\/p>\n<p>C\u2019est l\u2019un des bons plans du week-end \u00e0 Lyon. Un march\u00e9 vintage XXL s\u2019invite durant deux jours dans le 6e arrondissement \u00e0 l&rsquo;initiative de la friperie lyonnaise Yufrip. Le rendez-vous est donn\u00e9 ce samedi 7 et ce dimanche 8 juin pour la troisi\u00e8me \u00e9dition du Yufrip Market.\u00a0<\/p>\n<p>Les visiteurs sont attendus au sein de la brasserie Aux Antipodes (10 places de l\u2019Europe) pour de nombreuses animations, notamment une friperie o\u00f9 tous les articles seront \u00e0 10 euros. Une quinzaine d\u2019exposants seront \u00e9galement pr\u00e9sents et proposeront des bijoux et des tattoo sans oublier des jeux.<\/p>\n<p>Plus de 2000 personnes \u00e9taient pr\u00e9sentes lors de la derni\u00e8re \u00e9dition de l\u2019\u00e9v\u00e8nement dont l\u2019entr\u00e9e est gratuite.<\/p>\n","protected":false},"excerpt":{"rendered":"Direction le 6e arrondissement. C\u2019est l\u2019un des bons plans du week-end \u00e0 Lyon. Un march\u00e9 vintage XXL s\u2019invite&hellip;\n","protected":false},"author":2,"featured_media":148949,"comment_status":"","ping_status":"","sticky":false,"template":"","format":"standard","meta":{"footnotes":""},"categories":[1889],"tags":[1111,11,2813,2190,2430,1109,251,1112,2811,1777,674,118,1294,4651,1011,27,1922,1110,1114,2428,4903,4902,12,241,316,25,2812,517,800],"class_list":{"0":"post-148948","1":"post","2":"type-post","3":"status-publish","4":"format-standard","5":"has-post-thumbnail","7":"category-lyon","8":"tag-actu","9":"tag-actualites","10":"tag-article","11":"tag-asvel","12":"tag-auvergne-rhone-alpes","13":"tag-breves","14":"tag-culture","15":"tag-depeches","16":"tag-economique","17":"tag-eu","18":"tag-europe","19":"tag-faits-divers","20":"tag-femme","21":"tag-femmes","22":"tag-fr","23":"tag-france","24":"tag-info","25":"tag-informations","26":"tag-infos","27":"tag-lyon","28":"tag-lyonfemme","29":"tag-lyonfemmes","30":"tag-news","31":"tag-ol","32":"tag-politique","33":"tag-republique-francaise","34":"tag-sociale","35":"tag-sport","36":"tag-transports"},"share_on_mastodon":{"url":"https:\/\/pubeurope.com\/@fr\/114619554508152258","error":""},"_links":{"self":[{"href":"https:\/\/www.europesays.com\/fr\/wp-json\/wp\/v2\/posts\/148948","targetHints":{"allow":["GET"]}}],"collection":[{"href":"https:\/\/www.europesays.com\/fr\/wp-json\/wp\/v2\/posts"}],"about":[{"href":"https:\/\/www.europesays.com\/fr\/wp-json\/wp\/v2\/types\/post"}],"author":[{"embeddable":true,"href":"https:\/\/www.europesays.com\/fr\/wp-json\/wp\/v2\/users\/2"}],"replies":[{"embeddable":true,"href":"https:\/\/www.europesays.com\/fr\/wp-json\/wp\/v2\/comments?post=148948"}],"version-history":[{"count":0,"href":"https:\/\/www.europesays.com\/fr\/wp-json\/wp\/v2\/posts\/148948\/revisions"}],"wp:featuredmedia":[{"embeddable":true,"href":"https:\/\/www.europesays.com\/fr\/wp-json\/wp\/v2\/media\/148949"}],"wp:attachment":[{"href":"https:\/\/www.europesays.com\/fr\/wp-json\/wp\/v2\/media?parent=148948"}],"wp:term":[{"taxonomy":"category","embeddable":true,"href":"https:\/\/www.europesays.com\/fr\/wp-json\/wp\/v2\/categories?post=148948"},{"taxonomy":"post_tag","embeddable":true,"href":"https:\/\/www.europesays.com\/fr\/wp-json\/wp\/v2\/tags?post=148948"}],"curies":[{"name":"wp","href":"https:\/\/api.w.org\/{rel}","templated":true}]}}