{"id":148950,"date":"2025-06-03T12:59:09","date_gmt":"2025-06-03T12:59:09","guid":{"rendered":"https:\/\/www.europesays.com\/fr\/148950\/"},"modified":"2025-06-03T12:59:09","modified_gmt":"2025-06-03T12:59:09","slug":"a-lyon-une-casa-ricochet-pour-faire-rebondir-les-jeunes-majeurs","status":"publish","type":"post","link":"https:\/\/www.europesays.com\/fr\/148950\/","title":{"rendered":"A Lyon, une \u00ab\u00a0Casa Ricochet\u00a0\u00bb pour faire rebondir les jeunes majeurs"},"content":{"rendered":"<p>Il y a trois ans, lorsque Etienne Prime prend connaissance de l\u2019appel \u00e0 manifestation d\u2019int\u00e9r\u00eat (AMI) lanc\u00e9 par la m\u00e9tropole de Lyon, l\u2019h\u00e9sitation ne le traverse pas un instant. Puisque cette collectivit\u00e9 aux comp\u00e9tences d\u00e9partementales souhaite accompagner les jeunes majeurs sortant de l\u2019aide sociale \u00e0 l\u2019enfance (ASE), \u00ab\u00a0nous avons mont\u00e9 une maraude en direction des jeunes\u00a0: notre id\u00e9e \u00e9tait de lancer une dynamique collective pour les sortir de la rue\u00a0\u00bb, retrace le directeur du p\u00f4le veille sociale d\u2019Alynea, l\u2019association lyonnaise qui g\u00e8re le Samu social 69.<\/p>\n<p>Plan A<\/p>\n<p>En guise de r\u00e9ponse \u00e0 l\u2019AMI m\u00e9tropolitain, il imagine Plan A, \u00ab\u00a0parce qu\u2019il n\u2019y a pas de plan B\u00a0\u00bb, dit-il aux partenaires potentiels qu\u2019il contacte. La r\u00e9ponse se construit avec l\u2019association Le Passe Jardins, qui g\u00e8re les deux &#8230;<\/p>\n<p class=\"blocCut__title\">\n\t\t\t\t\t\t\t\t\t[80% reste \u00e0 lire]\n\t\t\t\t\t\t\t<\/p>\n<p class=\"blocCut__title--type2\">Article r\u00e9serv\u00e9 aux abonn\u00e9s<\/p>\n<p class=\"blocCut__title--type3\">Club Sant\u00e9 Social<\/p>\n<p class=\"blocCut__title--type2\">VOUS N&rsquo;\u00eaTES PAS ABONN\u00e9 ?<\/p>\n<p class=\"blocCut__title--type4\">Testez notre Offre D\u00e9couverte Club Sant\u00e9 Social pendant 15 jours<\/p>\n<p>\t\t\t\t\t\t\t\t<a href=\"https:\/\/www.abonnement.infopro-digital.com\/offre-decouverte-du-club-sante-social\/inscription\/623\/3423#xtor=CS5-330-[site_paywall]-[https:\/\/www.lagazettedescommunes.com\/987362\/a-lyon-une-casa-ricochet-pour-faire-rebondir-les-jeunes-majeurs\/]-[page_article]-[a]\" target=\"_blank\" class=\"btn__full buttonTypeA buttonTypeA--1\" rel=\"noopener\">J\u2019en profite<\/a><\/p>\n","protected":false},"excerpt":{"rendered":"Il y a trois ans, lorsque Etienne Prime prend connaissance de l\u2019appel \u00e0 manifestation d\u2019int\u00e9r\u00eat (AMI) lanc\u00e9 par&hellip;\n","protected":false},"author":2,"featured_media":148951,"comment_status":"","ping_status":"","sticky":false,"template":"","format":"standard","meta":{"footnotes":""},"categories":[1889],"tags":[2342,1111,2344,47,2341,11,2430,27822,2340,1777,674,1011,27,20856,27823,2428,12,2355,1306,25,2429,2343,27824],"class_list":{"0":"post-148950","1":"post","2":"type-post","3":"status-publish","4":"format-standard","5":"has-post-thumbnail","7":"category-lyon","8":"tag-a-la-une-sante-social","9":"tag-actu","10":"tag-actu-expert-sante-social","11":"tag-actualite","12":"tag-actualite-sante-social","13":"tag-actualites","14":"tag-auvergne-rhone-alpes","15":"tag-bonnes-pratique-sante-social","16":"tag-club-sante-social","17":"tag-eu","18":"tag-europe","19":"tag-fr","20":"tag-france","21":"tag-fsigot","22":"tag-lutte-contre-lexclusion","23":"tag-lyon","24":"tag-news","25":"tag-protection-de-lenfance","26":"tag-regions","27":"tag-republique-francaise","28":"tag-rhone","29":"tag-toute-lactu-sante-social","30":"tag-travail-social"},"share_on_mastodon":{"url":"https:\/\/pubeurope.com\/@fr\/114619558741892166","error":""},"_links":{"self":[{"href":"https:\/\/www.europesays.com\/fr\/wp-json\/wp\/v2\/posts\/148950","targetHints":{"allow":["GET"]}}],"collection":[{"href":"https:\/\/www.europesays.com\/fr\/wp-json\/wp\/v2\/posts"}],"about":[{"href":"https:\/\/www.europesays.com\/fr\/wp-json\/wp\/v2\/types\/post"}],"author":[{"embeddable":true,"href":"https:\/\/www.europesays.com\/fr\/wp-json\/wp\/v2\/users\/2"}],"replies":[{"embeddable":true,"href":"https:\/\/www.europesays.com\/fr\/wp-json\/wp\/v2\/comments?post=148950"}],"version-history":[{"count":0,"href":"https:\/\/www.europesays.com\/fr\/wp-json\/wp\/v2\/posts\/148950\/revisions"}],"wp:featuredmedia":[{"embeddable":true,"href":"https:\/\/www.europesays.com\/fr\/wp-json\/wp\/v2\/media\/148951"}],"wp:attachment":[{"href":"https:\/\/www.europesays.com\/fr\/wp-json\/wp\/v2\/media?parent=148950"}],"wp:term":[{"taxonomy":"category","embeddable":true,"href":"https:\/\/www.europesays.com\/fr\/wp-json\/wp\/v2\/categories?post=148950"},{"taxonomy":"post_tag","embeddable":true,"href":"https:\/\/www.europesays.com\/fr\/wp-json\/wp\/v2\/tags?post=148950"}],"curies":[{"name":"wp","href":"https:\/\/api.w.org\/{rel}","templated":true}]}}