{"id":148960,"date":"2025-06-03T13:04:12","date_gmt":"2025-06-03T13:04:12","guid":{"rendered":"https:\/\/www.europesays.com\/fr\/148960\/"},"modified":"2025-06-03T13:04:12","modified_gmt":"2025-06-03T13:04:12","slug":"levallois-perret-un-agent-de-la-dgsi-retrouve-mort-dans-le-parking-du-service-de-renseignements","status":"publish","type":"post","link":"https:\/\/www.europesays.com\/fr\/148960\/","title":{"rendered":"Levallois-Perret\u00a0: un agent de la DGSI retrouv\u00e9 mort dans le parking du service de renseignements"},"content":{"rendered":"<p class=\"paragraph text_align_left\">Le sc\u00e9nario est quasiment identique. Ce lundi soir, selon une information d\u2019Actu17 confirm\u00e9e au Parisien, un policier de la Direction g\u00e9n\u00e9rale de la s\u00e9curit\u00e9 int\u00e9rieure a \u00e9t\u00e9 d\u00e9couvert mort dans sa voiture de service, dans le parking souterrain du b\u00e2timent, situ\u00e9 rue de Villiers, \u00e0 Levallois-Perret (Hauts-de-Seine). Il se serait donn\u00e9 la mort, avec son arme \u00e0 feu.<\/p>\n<p class=\"paragraph text_align_left\">Une enqu\u00eate pour \u00ab recherche des causes de la mort \u00bb, a \u00e9t\u00e9 ouverte d\u00e8s lundi soir par le parquet de Nanterre, indique ce dernier. Elle a \u00e9t\u00e9 confi\u00e9e aux services de l\u2019IGSI, l\u2019\u00ab inspection interne \u00bb du service de s\u00e9curit\u00e9 int\u00e9rieure.<\/p>\n<p>Deux pr\u00e9c\u00e9dents cette ann\u00e9e<\/p>\n<p class=\"paragraph text_align_left\">L\u2019hypoth\u00e8se d\u2019un suicide est privil\u00e9gi\u00e9e. Selon nos confr\u00e8res d\u2019Actu17, le policier aurait laiss\u00e9 \u00e0 son domicile une lettre d\u2019adieu.<\/p>\n<p class=\"paragraph text_align_left\">En janvier dernier d\u00e9j\u00e0, <a href=\"https:\/\/www.leparisien.fr\/hauts-de-seine-92\/un-policier-decouvert-mort-dans-les-locaux-de-la-dgsi-a-levallois-23-01-2025-XBNHQYCIDRD4HIPVBTKPEU7GSA.php\" target=\"_self\" rel=\"noopener\">un policier avait \u00e9t\u00e9 d\u00e9couvert dans les m\u00eames circonstances<\/a>. L\u2019homme aurait fait usage de son arme de service dans les sous-sols de la DGSI pour se donner la mort. L\u00e0 aussi, l\u2019enqu\u00eate avait \u00e9t\u00e9 confi\u00e9e \u00e0 l\u2019inspection interne du service de renseignements.<\/p>\n<p class=\"paragraph text_align_left\">Deux jours plus t\u00f4t, un autre agent avait d\u00e9j\u00e0 mis fin \u00e0 ses jours \u00e0 son domicile en se tirant une balle dans la t\u00eate. Ce suicide serait li\u00e9 \u00e0 des difficult\u00e9s rencontr\u00e9es dans sa vie priv\u00e9e.<\/p>\n<p class=\"paragraph text_align_left\">Il pourrait s\u2019agir donc du troisi\u00e8me suicide au sein des services de renseignement fran\u00e7ais en l\u2019espace de seulement cinq mois.<\/p>\n","protected":false},"excerpt":{"rendered":"Le sc\u00e9nario est quasiment identique. Ce lundi soir, selon une information d\u2019Actu17 confirm\u00e9e au Parisien, un policier de&hellip;\n","protected":false},"author":2,"featured_media":148961,"comment_status":"","ping_status":"","sticky":false,"template":"","format":"standard","meta":{"footnotes":""},"categories":[1888],"tags":[11,1777,674,118,1011,27,3314,1944,12,626,25],"class_list":{"0":"post-148960","1":"post","2":"type-post","3":"status-publish","4":"format-standard","5":"has-post-thumbnail","7":"category-paris","8":"tag-actualites","9":"tag-eu","10":"tag-europe","11":"tag-faits-divers","12":"tag-fr","13":"tag-france","14":"tag-hauts-de-seine","15":"tag-ma-ville","16":"tag-news","17":"tag-paris","18":"tag-republique-francaise"},"share_on_mastodon":{"url":"https:\/\/pubeurope.com\/@fr\/114619578139031867","error":""},"_links":{"self":[{"href":"https:\/\/www.europesays.com\/fr\/wp-json\/wp\/v2\/posts\/148960","targetHints":{"allow":["GET"]}}],"collection":[{"href":"https:\/\/www.europesays.com\/fr\/wp-json\/wp\/v2\/posts"}],"about":[{"href":"https:\/\/www.europesays.com\/fr\/wp-json\/wp\/v2\/types\/post"}],"author":[{"embeddable":true,"href":"https:\/\/www.europesays.com\/fr\/wp-json\/wp\/v2\/users\/2"}],"replies":[{"embeddable":true,"href":"https:\/\/www.europesays.com\/fr\/wp-json\/wp\/v2\/comments?post=148960"}],"version-history":[{"count":0,"href":"https:\/\/www.europesays.com\/fr\/wp-json\/wp\/v2\/posts\/148960\/revisions"}],"wp:featuredmedia":[{"embeddable":true,"href":"https:\/\/www.europesays.com\/fr\/wp-json\/wp\/v2\/media\/148961"}],"wp:attachment":[{"href":"https:\/\/www.europesays.com\/fr\/wp-json\/wp\/v2\/media?parent=148960"}],"wp:term":[{"taxonomy":"category","embeddable":true,"href":"https:\/\/www.europesays.com\/fr\/wp-json\/wp\/v2\/categories?post=148960"},{"taxonomy":"post_tag","embeddable":true,"href":"https:\/\/www.europesays.com\/fr\/wp-json\/wp\/v2\/tags?post=148960"}],"curies":[{"name":"wp","href":"https:\/\/api.w.org\/{rel}","templated":true}]}}