{"id":148966,"date":"2025-06-03T13:07:10","date_gmt":"2025-06-03T13:07:10","guid":{"rendered":"https:\/\/www.europesays.com\/fr\/148966\/"},"modified":"2025-06-03T13:07:10","modified_gmt":"2025-06-03T13:07:10","slug":"ukraine-au-moins-700-000-personnes-privees-delectricite-apres-des-frappes-ukrainiennes-dans-des-regions-sous-controle-russe-03-06-2025-a-1449","status":"publish","type":"post","link":"https:\/\/www.europesays.com\/fr\/148966\/","title":{"rendered":"Ukraine-Au moins 700.000 personnes priv\u00e9es d&rsquo;\u00e9lectricit\u00e9 apr\u00e8s des frappes ukrainiennes dans des r\u00e9gions sous contr\u00f4le russe &#8211; 03\/06\/2025 \u00e0 14:49"},"content":{"rendered":"<p>\n Au moins 700.000 personnes<br \/>\n\u00e9taient priv\u00e9es d&rsquo;\u00e9lectricit\u00e9 mardi dans une partie du sud de<br \/>\nl&rsquo;Ukraine contr\u00f4l\u00e9e par les forces russes, ont d\u00e9clar\u00e9 les<br \/>\nautorit\u00e9s envoy\u00e9es par la Russie dans la r\u00e9gion, alors que des<br \/>\nattaques de drones ukrainiens et des tirs d&rsquo;artillerie ont mis<br \/>\nhors service des installations \u00e9lectriques.\n<\/p>\n<p>\n L&rsquo;attaque, qui visait les r\u00e9gions de Zaporijjia et de<br \/>\nKherson, semble \u00eatre l&rsquo;une des plus importantes de ce type sur<br \/>\nun territoire ukrainien contr\u00f4l\u00e9 par la Russie depuis le d\u00e9but<br \/>\nde la guerre.\n<\/p>\n<p>\n L&rsquo;Ukraine n&rsquo;a pas fait de commentaire dans l&rsquo;imm\u00e9diat.\n<\/p>\n<p>\n La Russie, qui revendique entre autres les r\u00e9gions de<br \/>\nZaporijjia et de Kherson, tente d&rsquo;en prendre le contr\u00f4le total.\n<\/p>\n<p>\n Ievgueni Balitski, le gouverneur de la r\u00e9gion de Zaporijjia<br \/>\nenvoy\u00e9 par la Russie, a d\u00e9clar\u00e9 que plus de 600.000 personnes<br \/>\ndans pr\u00e8s de 500 localit\u00e9s de la r\u00e9gion \u00e9taient priv\u00e9es<br \/>\nd&rsquo;\u00e9lectricit\u00e9 apr\u00e8s que les bombardements ukrainiens ont<br \/>\nendommag\u00e9 une infrastructure \u00e0 haute tension.\n<\/p>\n<p>\n \u00ab\u00a0\u00c0 la suite des tirs d&rsquo;obus des forces arm\u00e9es ukrainiennes,<br \/>\ndes \u00e9quipements \u00e0 haute tension ont \u00e9t\u00e9 endommag\u00e9s dans la<br \/>\npartie nord-ouest de la r\u00e9gion de Zaporijjia\u00a0\u00bb, a-t-il \u00e9crit sur<br \/>\nX.\n<\/p>\n<p>\n \u00ab\u00a0Il n&rsquo;y a pas d&rsquo;\u00e9lectricit\u00e9 dans toute la r\u00e9gion. Le<br \/>\nminist\u00e8re de l&rsquo;Energie (&#8230;) a re\u00e7u l&rsquo;ordre de d\u00e9velopper des<br \/>\nsources d&rsquo;\u00e9lectricit\u00e9 de r\u00e9serve d\u00e8s que possible. Les<br \/>\n\u00e9tablissements de sant\u00e9 ont \u00e9t\u00e9 transf\u00e9r\u00e9s vers des sources<br \/>\nd&rsquo;alimentation de secours.\u00a0\u00bb\n<\/p>\n<p>\n Dans la r\u00e9gion adjacente de Kherson, plus \u00e0 l&rsquo;ouest, le<br \/>\ngouverneur nomm\u00e9 par la Russie, Vladimir Saldo, a d\u00e9clar\u00e9 que<br \/>\ndes d\u00e9bris de drones avaient endommag\u00e9 deux sous-stations<br \/>\n\u00e9lectriques, privant d&rsquo;\u00e9lectricit\u00e9 plus de 100.000 habitants<br \/>\ndans 150 villes et villages.\n<\/p>\n<p>\n Les \u00e9quipes de secours s&rsquo;efforcent de r\u00e9tablir rapidement le<br \/>\ncourant, a-t-il fait savoir.\n<\/p>\n<p>\n Ces attaques ont eu lieu quelques heures apr\u00e8s le deuxi\u00e8me<br \/>\ncycle de pourparlers de paix entre la Russie et l&rsquo;Ukraine \u00e0<br \/>\nIstanbul, au cours desquels Moscou a d\u00e9clar\u00e9 accepter de mettre<br \/>\nfin \u00e0 la guerre \u00e0 condition d&rsquo;une reconnaissance internationale<br \/>\nde la Crim\u00e9e, annex\u00e9e en 2014, et des r\u00e9gions de Donetsk,<br \/>\nLouhansk, Zaporijjia et Kherson, en tant que territoires russes.\n<\/p>\n<p>\n La r\u00e9gion de Zaporijjia, o\u00f9 se trouve la plus grande<br \/>\ninstallation nucl\u00e9aire d&rsquo;Europe, est le th\u00e9\u00e2tre de nombreuses<br \/>\nattaques, Kyiv et Moscou s&rsquo;accusant mutuellement de viser la<br \/>\ncentrale, pass\u00e9e aux mains des Russes en 2022, faisant courir le<br \/>\nrisque d&rsquo;un accident nucl\u00e9aire.\n<\/p>\n<p>\n La situation dans la centrale est sous contr\u00f4le malgr\u00e9 des<br \/>\nconditions difficile, ont d\u00e9clar\u00e9 des responsables install\u00e9s par<br \/>\nla Russie.\n<\/p>\n<p>\n Selon les responsables, les niveaux de radiation sont<br \/>\nnormaux dans la centrale, qui fonctionne en mode d&rsquo;arr\u00eat et ne<br \/>\nproduit pas d&rsquo;\u00e9lectricit\u00e9 pour le moment.\n<\/p>\n<p>\n L&rsquo;Agence internationale de l&rsquo;\u00e9nergie atomique (AIEA), organe<br \/>\nde surveillance nucl\u00e9aire des Nations unies, a d\u00e9clar\u00e9 la<br \/>\nsemaine derni\u00e8re, en r\u00e9ponse \u00e0 une plainte ukrainienne, qu&rsquo;elle<br \/>\nne voyait aucun signe indiquant que la Russie se pr\u00e9parait \u00e0<br \/>\nred\u00e9marrer la centrale nucl\u00e9aire pour la raccorder au r\u00e9seau<br \/>\nrusse.\n<\/p>\n<p>\n L&rsquo;AIEA a par ailleurs install\u00e9 des observateurs permanents \u00e0<br \/>\nZaporijjia et dans d&rsquo;autres centrales nucl\u00e9aires ukrainiennes.\n<\/p>\n<p>\n LA RUSSIE CONTINUE \u00c0 ATTAQUER\n<\/p>\n<p>\n Les services d&rsquo;urgence de la ville de Soumy, situ\u00e9e dans le<br \/>\nnord-est de l&rsquo;Ukraine, ont d\u00e9clar\u00e9 mardi qu&rsquo;une attaque russe<br \/>\navait tu\u00e9 trois personnes et en avait bless\u00e9 au moins 16 autres.\n<\/p>\n<p>\n \u00ab\u00a0Les Russes ont lanc\u00e9 une attaque sauvage sur Soumy, ciblant<br \/>\ndirectement la ville et ses rues ordinaires avec des roquettes\u00a0\u00bb,<br \/>\na \u00e9crit le pr\u00e9sident ukrainien Volodimir Zelensky sur X.\n<\/p>\n<p>\n L&rsquo;attaque a endommag\u00e9 un immeuble d&rsquo;habitation, trois<br \/>\nr\u00e9sidences priv\u00e9es, un entrep\u00f4t et un b\u00e2timent hospitalier,<br \/>\nselon un communiqu\u00e9 des services d&rsquo;urgence.\n<\/p>\n<p>\n Les procureurs de la r\u00e9gion ont d\u00e9clar\u00e9 plus t\u00f4t que des<br \/>\nenfants figuraient parmi les bless\u00e9s.\n<\/p>\n<p>\n La Russie n&rsquo;a pas fait de commentaires dans l&rsquo;imm\u00e9diat.\n<\/p>\n<p>\n Kyiv et Moscou nient cibler des civils dans leurs attaques.<br \/>\nDes milliers de civils sont cependant morts dans le conflit, la<br \/>\nmajorit\u00e9 d&rsquo;entre eux \u00e9tant ukrainiens.\n<\/p>\n<p>\n Pendant l&rsquo;hiver, ce sont les villes et les villages<br \/>\nukrainiens qui ont subi des coupures d&rsquo;\u00e9lectricit\u00e9 r\u00e9p\u00e9t\u00e9es, les<br \/>\nforces russes ayant concentr\u00e9 leurs frappes sur les capacit\u00e9s de<br \/>\nproduction.\n<\/p>\n<p>\n (Bureau de Moscou, Lidia Kelly \u00e0 Melbourne et d&rsquo;Anastasia<br \/>\nMalenko \u00e0 Kyiv ; r\u00e9dig\u00e9 par Andrew Osborn, Ron Popeski et Lidia<br \/>\nKelly ; version fran\u00e7aise Etienne Breban ; \u00e9dit\u00e9 par Augustin<br \/>\nTurpin)<\/p>\n","protected":false},"excerpt":{"rendered":"Au moins 700.000 personnes \u00e9taient priv\u00e9es d&rsquo;\u00e9lectricit\u00e9 mardi dans une partie du sud de l&rsquo;Ukraine contr\u00f4l\u00e9e par les&hellip;\n","protected":false},"author":2,"featured_media":2486,"comment_status":"","ping_status":"","sticky":false,"template":"","format":"standard","meta":{"footnotes":""},"categories":[1590],"tags":[400,11,398,408,405,1777,674,403,402,399,404,12,401,406,220,407],"class_list":{"0":"post-148966","1":"post","2":"type-post","3":"status-publish","4":"format-standard","5":"has-post-thumbnail","7":"category-ukraine","8":"tag-action-cac-40","9":"tag-actualites","10":"tag-bourse-de-paris","11":"tag-boursorama","12":"tag-cotations","13":"tag-eu","14":"tag-europe","15":"tag-indices-devises","16":"tag-investir","17":"tag-investissement","18":"tag-marche-boursier","19":"tag-news","20":"tag-sicav","21":"tag-trackers","22":"tag-ukraine","23":"tag-warrants"},"share_on_mastodon":{"url":"https:\/\/pubeurope.com\/@fr\/114619590309093938","error":""},"_links":{"self":[{"href":"https:\/\/www.europesays.com\/fr\/wp-json\/wp\/v2\/posts\/148966","targetHints":{"allow":["GET"]}}],"collection":[{"href":"https:\/\/www.europesays.com\/fr\/wp-json\/wp\/v2\/posts"}],"about":[{"href":"https:\/\/www.europesays.com\/fr\/wp-json\/wp\/v2\/types\/post"}],"author":[{"embeddable":true,"href":"https:\/\/www.europesays.com\/fr\/wp-json\/wp\/v2\/users\/2"}],"replies":[{"embeddable":true,"href":"https:\/\/www.europesays.com\/fr\/wp-json\/wp\/v2\/comments?post=148966"}],"version-history":[{"count":0,"href":"https:\/\/www.europesays.com\/fr\/wp-json\/wp\/v2\/posts\/148966\/revisions"}],"wp:featuredmedia":[{"embeddable":true,"href":"https:\/\/www.europesays.com\/fr\/wp-json\/wp\/v2\/media\/2486"}],"wp:attachment":[{"href":"https:\/\/www.europesays.com\/fr\/wp-json\/wp\/v2\/media?parent=148966"}],"wp:term":[{"taxonomy":"category","embeddable":true,"href":"https:\/\/www.europesays.com\/fr\/wp-json\/wp\/v2\/categories?post=148966"},{"taxonomy":"post_tag","embeddable":true,"href":"https:\/\/www.europesays.com\/fr\/wp-json\/wp\/v2\/tags?post=148966"}],"curies":[{"name":"wp","href":"https:\/\/api.w.org\/{rel}","templated":true}]}}