{"id":148968,"date":"2025-06-03T13:09:09","date_gmt":"2025-06-03T13:09:09","guid":{"rendered":"https:\/\/www.europesays.com\/fr\/148968\/"},"modified":"2025-06-03T13:09:09","modified_gmt":"2025-06-03T13:09:09","slug":"la-mere-de-lactiviste-alaa-abdel-fattah-dans-un-etat-critique-apres-247-jours-de-greve-de-la-faim","status":"publish","type":"post","link":"https:\/\/www.europesays.com\/fr\/148968\/","title":{"rendered":"la m\u00e8re de l\u2019activiste Alaa Abdel Fattah dans un \u00e9tat critique apr\u00e8s 247 jours de gr\u00e8ve de la faim"},"content":{"rendered":"<p>Au Royaume-Uni, les d\u00e9put\u00e9s et associations appellent le gouvernement britannique \u00e0 faire lib\u00e9rer imm\u00e9diatement Alaa Abdel Fattah, un Britannico-\u00e9gyptien d\u00e9tenu ill\u00e9galement en \u00c9gypte depuis 2019 pour sauver Laila Soueif, sa m\u00e8re, en gr\u00e8ve de la faim depuis 247 jours. La sexag\u00e9naire, hospitalis\u00e9e, refuse tout traitement tant que Downing Street n\u2019aura pas fait preuve de fermet\u00e9 vis-\u00e0-vis du Caire et consid\u00e9r\u00e9 Alaa Abdel Fattah comme un otage d\u2019\u00c9tat. Laila Soueif s\u2019est exprim\u00e9e mardi 3 juin au micro de la BBC.<\/p>\n<p>Avec notre correspondante \u00e0 Londres, <strong>Emeline Vin<\/strong><\/p>\n<p>Au <strong><a href=\"https:\/\/www.rfi.fr\/fr\/tag\/royaume-uni\/\" rel=\"nofollow noopener\" target=\"_blank\" data-ylk=\"slk:Royaume-Uni;elm:context_link;itc:0;sec:content-canvas\" class=\"link \">Royaume-Uni<\/a><\/strong>, Laila Soueif a d\u00e9but\u00e9 <strong><a href=\"https:\/\/www.rfi.fr\/fr\/afrique\/20250121-\u00e9gypte-la-m\u00e8re-de-l-activiste-alaa-abdel-fattah-poursuit-sa-gr\u00e8ve-de-la-faim\" rel=\"nofollow noopener\" target=\"_blank\" data-ylk=\"slk:sa gr\u00e8ve de la faim;elm:context_link;itc:0;sec:content-canvas\" class=\"link \">sa gr\u00e8ve de la faim<\/a><\/strong> en septembre dernier. Hospitalis\u00e9e depuis trois jours sous perfusion de prot\u00e9ine, Laila Soueif risque de d\u00e9c\u00e9der \u00e0 tout instant. D\u2019une voix rauque, \u00e9puis\u00e9e, elle s&rsquo;est dite pr\u00eate \u00e0 mourir dans cette interview \u00e0 la BBC.<\/p>\n<p>\u00ab C\u2019est quelque chose que je ne veux vraiment pas. Mais c\u2019est peut-\u00eatre ce qu\u2019il faut pour qu\u2019Alaa soit lib\u00e9r\u00e9 et pour que mes enfants et mes petits-enfants puissent reprendre une vie normale. Maintenant que j\u2019ai pris cette d\u00e9cision, que j\u2019ai d\u00e9cid\u00e9 d\u2019affronter le r\u00e9gime \u00e9gyptien, je ne peux plus faire machine arri\u00e8re \u00bb, a-t-elle expliqu\u00e9.<\/p>\n<p>Tout d\u00e9pend du gouvernement britannique<\/p>\n<p>Reporters sans fronti\u00e8res et plusieurs d\u00e9put\u00e9s britanniques ont repris l\u2019appel de Laila Soueif \u00e0 acc\u00e9l\u00e9rer les tractations diplomatiques.<\/p>\n<p><a href=\"https:\/\/www.rfi.fr\/fr\/europe\/20250603-royaume-uni-la-m%C3%A8re-de-l-activiste-alaa-abdel-fattah-dans-un-%C3%A9tat-critique-apr%C3%A8s-247-jours-de-gr%C3%A8ve-de-la-faim\" rel=\"nofollow noopener\" target=\"_blank\" data-ylk=\"slk:Lire la suite sur RFI;elm:context_link;itc:0;sec:content-canvas\" class=\"link \">Lire la suite sur RFI<\/a><\/p>\n","protected":false},"excerpt":{"rendered":"Au Royaume-Uni, les d\u00e9put\u00e9s et associations appellent le gouvernement britannique \u00e0 faire lib\u00e9rer imm\u00e9diatement Alaa Abdel Fattah, un&hellip;\n","protected":false},"author":2,"featured_media":148969,"comment_status":"","ping_status":"","sticky":false,"template":"","format":"standard","meta":{"footnotes":""},"categories":[1588],"tags":[27827,11,27826,1777,674,2580,5937,27825,12,473,1853,1851,1850,1852],"class_list":{"0":"post-148968","1":"post","2":"type-post","3":"status-publish","4":"format-standard","5":"has-post-thumbnail","7":"category-royaume-uni","8":"tag-abdel-fattah","9":"tag-actualites","10":"tag-alaa-abdel-fattah","11":"tag-eu","12":"tag-europe","13":"tag-gouvernement-britannique","14":"tag-greve-de-la-faim","15":"tag-laila-soueif","16":"tag-news","17":"tag-royaume-uni","18":"tag-royaume-uni-de-grande-bretagne-et-dirlande-du-nord","19":"tag-uk","20":"tag-united-kingdom","21":"tag-united-kingdom-of-great-britain-and-northern-ireland"},"share_on_mastodon":{"url":"https:\/\/pubeurope.com\/@fr\/114619597788783715","error":""},"_links":{"self":[{"href":"https:\/\/www.europesays.com\/fr\/wp-json\/wp\/v2\/posts\/148968","targetHints":{"allow":["GET"]}}],"collection":[{"href":"https:\/\/www.europesays.com\/fr\/wp-json\/wp\/v2\/posts"}],"about":[{"href":"https:\/\/www.europesays.com\/fr\/wp-json\/wp\/v2\/types\/post"}],"author":[{"embeddable":true,"href":"https:\/\/www.europesays.com\/fr\/wp-json\/wp\/v2\/users\/2"}],"replies":[{"embeddable":true,"href":"https:\/\/www.europesays.com\/fr\/wp-json\/wp\/v2\/comments?post=148968"}],"version-history":[{"count":0,"href":"https:\/\/www.europesays.com\/fr\/wp-json\/wp\/v2\/posts\/148968\/revisions"}],"wp:featuredmedia":[{"embeddable":true,"href":"https:\/\/www.europesays.com\/fr\/wp-json\/wp\/v2\/media\/148969"}],"wp:attachment":[{"href":"https:\/\/www.europesays.com\/fr\/wp-json\/wp\/v2\/media?parent=148968"}],"wp:term":[{"taxonomy":"category","embeddable":true,"href":"https:\/\/www.europesays.com\/fr\/wp-json\/wp\/v2\/categories?post=148968"},{"taxonomy":"post_tag","embeddable":true,"href":"https:\/\/www.europesays.com\/fr\/wp-json\/wp\/v2\/tags?post=148968"}],"curies":[{"name":"wp","href":"https:\/\/api.w.org\/{rel}","templated":true}]}}