{"id":148986,"date":"2025-06-03T13:19:09","date_gmt":"2025-06-03T13:19:09","guid":{"rendered":"https:\/\/www.europesays.com\/fr\/148986\/"},"modified":"2025-06-03T13:19:09","modified_gmt":"2025-06-03T13:19:09","slug":"roland-garros-sinner-je-suis-le-premier-fan-de-musetti-jaime-tellement-son-tennis-peut-etre-encore-plus-beau-a-regarder-que-le-mien","status":"publish","type":"post","link":"https:\/\/www.europesays.com\/fr\/148986\/","title":{"rendered":"Roland Garros > Sinner : \u00ab\u00a0Je suis le premier fan de Musetti. J&rsquo;aime tellement son tennis, peut-\u00eatre encore plus beau \u00e0 regarder que le mien\u00a0\u00bb"},"content":{"rendered":"<p>L\u2019Italie est encore large\u00adment mise \u00e0 l\u2019hon\u00adneur \u00e0 ce stade du tournoi, Jannik Sinner et Lorenzo Musetti quali\u00adfi\u00e9s pour les quarts de finale. Et le num\u00e9ro un mondial ne dissi\u00admule pas sa fiert\u00e9.\u00a0<\/p>\n<p>S\u2019adressant aux m\u00e9dias, l\u2019Italien a avou\u00e9 \u00eatre un grand fan de son compa\u00adtriote Musetti, notam\u00adment pour la beaut\u00e9 de son jeu, qu\u2019il envie plut\u00f4t.<\/p>\n<p><strong>\u00ab\u202fJe pense que l\u2019Italie m\u00e9rite les joueurs tr\u00e8s forts que nous avons main\u00adte\u00adnant, il n\u2019y a plus rien \u00e0 cacher. Je suis heureux de ce que fait Lorenzo, il m\u00e9rite tout. Il a trouv\u00e9 une grande stabi\u00adlit\u00e9 \u00e0 l\u2019in\u00adt\u00e9\u00adrieur et \u00e0 l\u2019ex\u00adt\u00e9\u00adrieur, et il est tr\u00e8s fort. Il est main\u00adte\u00adnant num\u00e9ro 7 mondial, la prochaine \u00e9tape sera le top 5. Je suis toujours le premier fan quand il joue, j\u2019aime telle\u00adment son jeu. Hier, j\u2019ai regard\u00e9 le match, il a jou\u00e9 un tennis incroyable, tota\u00adle\u00adment diff\u00e9\u00adrent du mien, peut\u2010\u00eatre m\u00eame plus beau \u00e0 regarder que le mien. C\u2019est magni\u00adfique pour le tennis italien, plus ils seront nombreux,\u00a0mieux\u00a0ce\u00a0sera.\u202f\u00bb<\/strong> Des propos relay\u00e9s par <a href=\"https:\/\/www.ubitennis.com\/blog\/2025\/06\/03\/roland-garros-sinner-musetti-forse-ha-un-tennis-piu-bello-del-mio-ora-sono-piu-libero-e-gioco-meglio\/\" data-wpel-link=\"external\" target=\"_blank\" rel=\"nofollow external noopener\">UbiTennis<\/a>.<\/p>\n<p class=\"post-published-date\" style=\"color: silver; font-size: 75%; text-align: left;\">Publi\u00e9 le mardi 3 juin 2025 \u00e0 12:48<\/p>\n","protected":false},"excerpt":{"rendered":"L\u2019Italie est encore large\u00adment mise \u00e0 l\u2019hon\u00adneur \u00e0 ce stade du tournoi, Jannik Sinner et Lorenzo Musetti quali\u00adfi\u00e9s&hellip;\n","protected":false},"author":2,"featured_media":147864,"comment_status":"","ping_status":"","sticky":false,"template":"","format":"standard","meta":{"footnotes":""},"categories":[1415],"tags":[1011,27,2127,60,1467],"class_list":{"0":"post-148986","1":"post","2":"type-post","3":"status-publish","4":"format-standard","5":"has-post-thumbnail","7":"category-tennis","8":"tag-fr","9":"tag-france","10":"tag-sinner","11":"tag-sports","12":"tag-tennis"},"share_on_mastodon":{"url":"https:\/\/pubeurope.com\/@fr\/114619636945766866","error":""},"_links":{"self":[{"href":"https:\/\/www.europesays.com\/fr\/wp-json\/wp\/v2\/posts\/148986","targetHints":{"allow":["GET"]}}],"collection":[{"href":"https:\/\/www.europesays.com\/fr\/wp-json\/wp\/v2\/posts"}],"about":[{"href":"https:\/\/www.europesays.com\/fr\/wp-json\/wp\/v2\/types\/post"}],"author":[{"embeddable":true,"href":"https:\/\/www.europesays.com\/fr\/wp-json\/wp\/v2\/users\/2"}],"replies":[{"embeddable":true,"href":"https:\/\/www.europesays.com\/fr\/wp-json\/wp\/v2\/comments?post=148986"}],"version-history":[{"count":0,"href":"https:\/\/www.europesays.com\/fr\/wp-json\/wp\/v2\/posts\/148986\/revisions"}],"wp:featuredmedia":[{"embeddable":true,"href":"https:\/\/www.europesays.com\/fr\/wp-json\/wp\/v2\/media\/147864"}],"wp:attachment":[{"href":"https:\/\/www.europesays.com\/fr\/wp-json\/wp\/v2\/media?parent=148986"}],"wp:term":[{"taxonomy":"category","embeddable":true,"href":"https:\/\/www.europesays.com\/fr\/wp-json\/wp\/v2\/categories?post=148986"},{"taxonomy":"post_tag","embeddable":true,"href":"https:\/\/www.europesays.com\/fr\/wp-json\/wp\/v2\/tags?post=148986"}],"curies":[{"name":"wp","href":"https:\/\/api.w.org\/{rel}","templated":true}]}}