{"id":148991,"date":"2025-06-03T13:23:08","date_gmt":"2025-06-03T13:23:08","guid":{"rendered":"https:\/\/www.europesays.com\/fr\/148991\/"},"modified":"2025-06-03T13:23:08","modified_gmt":"2025-06-03T13:23:08","slug":"des-benevoles-recherches-pour-ces-championnats-de-france-de-cyclisme-dans-le-cotentin","status":"publish","type":"post","link":"https:\/\/www.europesays.com\/fr\/148991\/","title":{"rendered":"Des b\u00e9n\u00e9voles recherch\u00e9s pour ces championnats de France de cyclisme dans le Cotentin"},"content":{"rendered":"<p>            Par<br \/>\n        <strong><br \/>\n            <a href=\"https:\/\/actu.fr\/auteur\/redaction-pressemanche\" title=\"Consulter tous les articles de R\u00e9daction La Presse de la Manche\" rel=\"nofollow noopener\" target=\"_blank\">R\u00e9daction La Presse de la Manche<\/a><br \/>\n        <\/strong><\/p>\n<p>        Publi\u00e9 le<\/p>\n<p>            3 juin 2025 \u00e0 11h00        <\/p>\n<p>Le <b>dimanche 1er\u00a0juin 2025<\/b> en fin de matin\u00e9e, Denis Dugouchet, accompagn\u00e9 de son<b> comit\u00e9 d\u2019organisation<\/b>, de la <b>municipalit\u00e9 <\/b>de<a href=\"https:\/\/actu.fr\/normandie\/saint-sauveur-le-vicomte_50551\" rel=\"nofollow noopener\" target=\"_blank\"> Saint-Sauveur-le-Vicomte<\/a> (Manche), mais aussi de <b>cyclistes <\/b>de La roue libre saint-sauveuraise, se sont r\u00e9unis dans la <b>salle des pompiers<\/b>.<\/p>\n<p class=\" wall-content\">Cette <b>r\u00e9union <\/b>s\u2019est faite apr\u00e8s <b>la reconnaissance <\/b>\u00e0 v\u00e9lo du <b>parcours <\/b>du <b>championnat de France Masters<\/b> qui se d\u00e9roulera les <b>18,19 et 20\u00a0juillet<\/b> dans le secteur de <b>l\u2019Ouve<\/b>.<\/p>\n<p>Des b\u00e9n\u00e9voles recherch\u00e9s<\/p>\n<p class=\" wall-content\">Apr\u00e8s avoir salu\u00e9 les personnes pr\u00e9sentes, Denis Dugouchet a soulign\u00e9 que <b>l\u2019organisation <\/b>de <b>l\u2019\u00e9preuve <\/b>\u00e9tait en cours mais que l\u2019accueil de <b>b\u00e9n\u00e9voles <\/b>est tr\u00e8s difficile.<\/p>\n<blockquote class=\"ac-article-quote wall-content\">\n<p>Il manque encore beaucoup de monde.<\/p>\n<p>G\u00e9rard Leverdier, pr\u00e9sident de La roue libre et responsable du recrutement<\/p><\/blockquote>\n<p class=\" wall-content\">En ce qui concerne les <b>finances<\/b>, c\u2019est un peu la m\u00eame r\u00e9ponse de la part de Denis Dugouchet, qui a rajout\u00e9\u2009: \u00ab\u2009Pour l\u2019ann\u00e9e prochaine, pour l\u2019instant aucune commune ne s\u2019est manifest\u00e9e pour l\u2019organisation. En ce qui concerne 2025, vous avez pu remarquer que le circuit est sympa, cela promet de belles empoignades dans les diff\u00e9rentes \u00e9preuves.\u2009\u00bb<\/p>\n<p>Deux circuits<\/p>\n<p class=\" wall-content\">Puis des \u00e9changes sont intervenus dans l\u2019assistance. Le rappel des \u00e9preuves a \u00e9t\u00e9 fait. Il y en aura trois bien distinctes qui donneront lieu \u00e0 l<b>\u2019attribution des titres<\/b> de champions et championnes de France\u2009: contre-la-montre individuel, contre-la-montre par \u00e9quipes et course en ligne.<\/p>\n<p>Vid\u00e9os : en ce moment sur Actu<\/p>\n<p class=\" wall-content\">En ce qui concerne les <b>circuits<\/b>, il fera 22, 7\u00a0km pour le contre-la-montre, et 20, 3\u00a0km pour la course en ligne. Ces deux parcours auront une boucle d\u2019arriv\u00e9e de 4, 1\u00a0km, et un d\u00e9part fictif sur la place de la mairie.<\/p>\n<p>Un programme quotidien<\/p>\n<p class=\" wall-content\">Les coureurs emprunteront les<b> routes d\u00e9partementales<\/b> 15, 366, et 150. Ils traverseront les communes de Saint-Sauveur, <a href=\"https:\/\/actu.fr\/normandie\/besneville_50049\" rel=\"nofollow noopener\" target=\"_blank\">Besneville<\/a>, et <a href=\"https:\/\/actu.fr\/normandie\/fierville-les-mines_50183\" rel=\"nofollow noopener\" target=\"_blank\">Fierville-les-Mines<\/a>.<\/p>\n<p class=\" wall-content\">Pendant ces trois jours, un <b>programme journalier<\/b> a \u00e9t\u00e9 \u00e9tabli. Le vendredi, il y aura plusieurs contre-la-montre, en individuel hommes et femmes, par \u00e9quipes f\u00e9minines et par \u00e9quipes hommes.<\/p>\n<p class=\" wall-content\">Le lendemain, un nouveau contre-la-montre par \u00e9quipes hommes suivi d\u2019\u00e9preuves en ligne femmes et hommes avec plusieurs <b>cat\u00e9gories d\u2019\u00e2ges<\/b>. Et le dimanche, place \u00e0 des \u00e9preuves en ligne hommes avec <b>cinq courses<\/b>. \u00c0 chaque fin de journ\u00e9e, <b>une c\u00e9r\u00e9monie protocolaire<\/b> sera organis\u00e9e pour la remise des <b>r\u00e9compenses<\/b>.<\/p>\n<p class=\" wall-content\">L\u2019engagement est \u00e0 faire sur le site de la <a href=\"https:\/\/ffc.fr\/\" rel=\"nofollow noopener\" target=\"_blank\">FFC <\/a>et ce jusqu\u2019au jeudi 10\u00a0juillet \u00e0 20\u00a0heures. D\u2019autres r\u00e9unions sont encore programm\u00e9es, notamment pour r\u00e9gler les <b>derni\u00e8res modalit\u00e9s<\/b> d\u2019organisation.<\/p>\n<p class=\" wall-content\"><b>De notre correspondant Jean-Yves PICHARD<\/b><\/p>\n<p class=\" wall-content\">Suivez toute l\u2019actualit\u00e9 de vos villes et m\u00e9dias favoris en vous inscrivant \u00e0 <a href=\"https:\/\/moncompte.actu.fr\" title=\"D\u00e9couvez Mon Actu\" rel=\"nofollow noopener\" data-trk=\"{&quot;cta&quot;:{&quot;action&quot;:&quot;https:\\\/\\\/moncompte.actu.fr&quot;,&quot;category&quot;:&quot;mon compte&quot;,&quot;from&quot;:&quot;article footer&quot;,&quot;name&quot;:&quot;Mon actu&quot;,&quot;type&quot;:&quot;cta&quot;}}\" target=\"_blank\">Mon Actu<\/a>.<\/p>\n","protected":false},"excerpt":{"rendered":"Par R\u00e9daction La Presse de la Manche Publi\u00e9 le 3 juin 2025 \u00e0 11h00 Le dimanche 1er\u00a0juin 2025&hellip;\n","protected":false},"author":2,"featured_media":148992,"comment_status":"","ping_status":"","sticky":false,"template":"","format":"standard","meta":{"footnotes":""},"categories":[1411],"tags":[3168,1154,207,1011,27,60,208],"class_list":{"0":"post-148991","1":"post","2":"type-post","3":"status-publish","4":"format-standard","5":"has-post-thumbnail","7":"category-cyclisme","8":"tag-cotentin","9":"tag-cycling","10":"tag-cyclisme","11":"tag-fr","12":"tag-france","13":"tag-sports","14":"tag-velo"},"share_on_mastodon":{"url":"https:\/\/pubeurope.com\/@fr\/114619652707314384","error":""},"_links":{"self":[{"href":"https:\/\/www.europesays.com\/fr\/wp-json\/wp\/v2\/posts\/148991","targetHints":{"allow":["GET"]}}],"collection":[{"href":"https:\/\/www.europesays.com\/fr\/wp-json\/wp\/v2\/posts"}],"about":[{"href":"https:\/\/www.europesays.com\/fr\/wp-json\/wp\/v2\/types\/post"}],"author":[{"embeddable":true,"href":"https:\/\/www.europesays.com\/fr\/wp-json\/wp\/v2\/users\/2"}],"replies":[{"embeddable":true,"href":"https:\/\/www.europesays.com\/fr\/wp-json\/wp\/v2\/comments?post=148991"}],"version-history":[{"count":0,"href":"https:\/\/www.europesays.com\/fr\/wp-json\/wp\/v2\/posts\/148991\/revisions"}],"wp:featuredmedia":[{"embeddable":true,"href":"https:\/\/www.europesays.com\/fr\/wp-json\/wp\/v2\/media\/148992"}],"wp:attachment":[{"href":"https:\/\/www.europesays.com\/fr\/wp-json\/wp\/v2\/media?parent=148991"}],"wp:term":[{"taxonomy":"category","embeddable":true,"href":"https:\/\/www.europesays.com\/fr\/wp-json\/wp\/v2\/categories?post=148991"},{"taxonomy":"post_tag","embeddable":true,"href":"https:\/\/www.europesays.com\/fr\/wp-json\/wp\/v2\/tags?post=148991"}],"curies":[{"name":"wp","href":"https:\/\/api.w.org\/{rel}","templated":true}]}}