{"id":148996,"date":"2025-06-03T13:26:25","date_gmt":"2025-06-03T13:26:25","guid":{"rendered":"https:\/\/www.europesays.com\/fr\/148996\/"},"modified":"2025-06-03T13:26:25","modified_gmt":"2025-06-03T13:26:25","slug":"5-artistes-contemporains-qui-le-reinventent-de-facon-eblouissante","status":"publish","type":"post","link":"https:\/\/www.europesays.com\/fr\/148996\/","title":{"rendered":"5 artistes contemporains qui le r\u00e9inventent de fa\u00e7on \u00e9blouissante"},"content":{"rendered":"<p>Tendance<\/p>\n<p>Il a quitt\u00e9 les hauteurs des \u00e9glises pour s\u2019inviter dans les ateliers des (jeunes) artistes, qui profitent de sa translucidit\u00e9 sensuelle pour parler de corps et de d\u00e9sirs. \u00c0 l\u2019honneur de la Cit\u00e9 du vitrail \u00e0 Troyes, inaugur\u00e9e il y a deux ans et demi, le travail du verre et du plomb nous a inspir\u00e9s cette s\u00e9lection tr\u00e8s contemporaine, en cinq arr\u00eats et autant de tr\u00e9sors.<\/p>\n","protected":false},"excerpt":{"rendered":"Tendance Il a quitt\u00e9 les hauteurs des \u00e9glises pour s\u2019inviter dans les ateliers des (jeunes) artistes, qui profitent&hellip;\n","protected":false},"author":2,"featured_media":148997,"comment_status":"","ping_status":"","sticky":false,"template":"","format":"standard","meta":{"footnotes":""},"categories":[1358],"tags":[1396,1348,1384,1385,1386,58,59,1011,27,27832],"class_list":{"0":"post-148996","1":"post","2":"type-post","3":"status-publish","4":"format-standard","5":"has-post-thumbnail","7":"category-arts-et-design","8":"tag-art-contemporain","9":"tag-arts","10":"tag-arts-and-design","11":"tag-arts-et-design","12":"tag-design","13":"tag-divertissement","14":"tag-entertainment","15":"tag-fr","16":"tag-france","17":"tag-vitrail"},"share_on_mastodon":{"url":"https:\/\/pubeurope.com\/@fr\/114619664527277320","error":""},"_links":{"self":[{"href":"https:\/\/www.europesays.com\/fr\/wp-json\/wp\/v2\/posts\/148996","targetHints":{"allow":["GET"]}}],"collection":[{"href":"https:\/\/www.europesays.com\/fr\/wp-json\/wp\/v2\/posts"}],"about":[{"href":"https:\/\/www.europesays.com\/fr\/wp-json\/wp\/v2\/types\/post"}],"author":[{"embeddable":true,"href":"https:\/\/www.europesays.com\/fr\/wp-json\/wp\/v2\/users\/2"}],"replies":[{"embeddable":true,"href":"https:\/\/www.europesays.com\/fr\/wp-json\/wp\/v2\/comments?post=148996"}],"version-history":[{"count":0,"href":"https:\/\/www.europesays.com\/fr\/wp-json\/wp\/v2\/posts\/148996\/revisions"}],"wp:featuredmedia":[{"embeddable":true,"href":"https:\/\/www.europesays.com\/fr\/wp-json\/wp\/v2\/media\/148997"}],"wp:attachment":[{"href":"https:\/\/www.europesays.com\/fr\/wp-json\/wp\/v2\/media?parent=148996"}],"wp:term":[{"taxonomy":"category","embeddable":true,"href":"https:\/\/www.europesays.com\/fr\/wp-json\/wp\/v2\/categories?post=148996"},{"taxonomy":"post_tag","embeddable":true,"href":"https:\/\/www.europesays.com\/fr\/wp-json\/wp\/v2\/tags?post=148996"}],"curies":[{"name":"wp","href":"https:\/\/api.w.org\/{rel}","templated":true}]}}