{"id":148998,"date":"2025-06-03T13:27:11","date_gmt":"2025-06-03T13:27:11","guid":{"rendered":"https:\/\/www.europesays.com\/fr\/148998\/"},"modified":"2025-06-03T13:27:11","modified_gmt":"2025-06-03T13:27:11","slug":"demigny-une-seconde-vente-de-livres-a-la-bibliotheque-associative","status":"publish","type":"post","link":"https:\/\/www.europesays.com\/fr\/148998\/","title":{"rendered":"Demigny. Une seconde vente de livres \u00e0 la biblioth\u00e8que associative"},"content":{"rendered":"<p>Parce qu\u2019une biblioth\u00e8que ne peut pas conserver tous les livres, parce que les rayonnages ne sont pas extensibles, et parce qu\u2019il faut renouveler son fonds pour attirer le lecteur, il est important de faire de la place. Et plut\u00f4t que de jeter, on peut aussi offrir une seconde vie aux ouvrages.<\/p>\n<p>Liliane Bessard et Sylviane Choquart, coresponsables b\u00e9n\u00e9voles de la biblioth\u00e8que de Demigny, ont pr\u00e9par\u00e9, class\u00e9, tri\u00e9 les ouvrages qu\u2019elles estimaient vendables. Et il y en avait pour tous les go\u00fbts\u00a0vendredi. Ici&#8230;<\/p>\n","protected":false},"excerpt":{"rendered":"Parce qu\u2019une biblioth\u00e8que ne peut pas conserver tous les livres, parce que les rayonnages ne sont pas extensibles,&hellip;\n","protected":false},"author":2,"featured_media":148999,"comment_status":"","ping_status":"","sticky":false,"template":"","format":"standard","meta":{"footnotes":""},"categories":[1357],"tags":[1379,27834,27833,58,11032,59,107,1011,27,1380,104,1631],"class_list":{"0":"post-148998","1":"post","2":"type-post","3":"status-publish","4":"format-standard","5":"has-post-thumbnail","7":"category-livres","8":"tag-books","9":"tag-chagny-bassin","10":"tag-demigny","11":"tag-divertissement","12":"tag-edition-chalon-sur-saone","13":"tag-entertainment","14":"tag-fil-info","15":"tag-fr","16":"tag-france","17":"tag-livres","18":"tag-societe","19":"tag-vie-associative"},"share_on_mastodon":{"url":"https:\/\/pubeurope.com\/@fr\/114619668522947843","error":""},"_links":{"self":[{"href":"https:\/\/www.europesays.com\/fr\/wp-json\/wp\/v2\/posts\/148998","targetHints":{"allow":["GET"]}}],"collection":[{"href":"https:\/\/www.europesays.com\/fr\/wp-json\/wp\/v2\/posts"}],"about":[{"href":"https:\/\/www.europesays.com\/fr\/wp-json\/wp\/v2\/types\/post"}],"author":[{"embeddable":true,"href":"https:\/\/www.europesays.com\/fr\/wp-json\/wp\/v2\/users\/2"}],"replies":[{"embeddable":true,"href":"https:\/\/www.europesays.com\/fr\/wp-json\/wp\/v2\/comments?post=148998"}],"version-history":[{"count":0,"href":"https:\/\/www.europesays.com\/fr\/wp-json\/wp\/v2\/posts\/148998\/revisions"}],"wp:featuredmedia":[{"embeddable":true,"href":"https:\/\/www.europesays.com\/fr\/wp-json\/wp\/v2\/media\/148999"}],"wp:attachment":[{"href":"https:\/\/www.europesays.com\/fr\/wp-json\/wp\/v2\/media?parent=148998"}],"wp:term":[{"taxonomy":"category","embeddable":true,"href":"https:\/\/www.europesays.com\/fr\/wp-json\/wp\/v2\/categories?post=148998"},{"taxonomy":"post_tag","embeddable":true,"href":"https:\/\/www.europesays.com\/fr\/wp-json\/wp\/v2\/tags?post=148998"}],"curies":[{"name":"wp","href":"https:\/\/api.w.org\/{rel}","templated":true}]}}