{"id":149000,"date":"2025-06-03T13:28:10","date_gmt":"2025-06-03T13:28:10","guid":{"rendered":"https:\/\/www.europesays.com\/fr\/149000\/"},"modified":"2025-06-03T13:28:10","modified_gmt":"2025-06-03T13:28:10","slug":"karine-le-marchand-decue-par-les-audiences-veut-passer-a-autre-chose","status":"publish","type":"post","link":"https:\/\/www.europesays.com\/fr\/149000\/","title":{"rendered":"Karine Le\u00a0Marchand, d\u00e9\u00e7ue par les audiences, veut \u00ab\u00a0passer \u00e0 autre chose\u00a0\u00bb"},"content":{"rendered":"<p>        <img decoding=\"async\" loading=\"lazy\" src=\"https:\/\/www.europesays.com\/fr\/wp-content\/uploads\/2025\/06\/b316abe_sirius-fs-upload-1-4e0sb7cy5lqy-1748952948036-klm.jpg\"  width=\"728\" height=\"410\" alt=\"Karine Le marchand dans \u00ab\u00a0Une ambition intime\u00a0\u00bb sur M6\"\/>  <\/p>\n<p>M6\u00a0capture<\/p>\n<p>Karine Le marchand dans \u00ab\u00a0Une ambition intime\u00a0\u00bb sur M6<\/p>\n<p class=\"asset asset-text\">DIVERTISSEMENT &#8211; Elle n\u2019a pas cach\u00e9 sa d\u00e9ception. <a href=\"https:\/\/www.huffingtonpost.fr\/justice\/article\/la-reine-des-paparazzi-mimi-marchand-au-tribunal-a-paris-on-vous-resume-l-affaire_250505.html\" target=\"_blank\" rel=\"noopener\">Karine Le\u00a0Marchand<\/a> a pris la parole sur Instagram au lendemain de la diffusion sur<a href=\"https:\/\/www.huffingtonpost.fr\/divertissement\/article\/nouveau-jour-le-nouveau-feuilleton-de-m6-avec-laetitia-milot-va-plaire-aux-fans-de-plus-belle-la-vie_250810.html\" target=\"_blank\" rel=\"noopener\"> M6<\/a>\u00a0des nouveaux num\u00e9ros de son <a href=\"https:\/\/www.huffingtonpost.fr\/politique\/article\/dans-ambition-intime-sur-m6-jordan-bardella-balaye-les-rumeurs-sur-son-orientation-sexuelle_250792.html\" target=\"_blank\" rel=\"noopener\">\u00e9mission Une ambition intime<\/a>. Ce, alors que les t\u00e9l\u00e9spectateurs n\u2019\u00e9taient pas si nombreux qu\u2019attendu \u00e0 suivre les quatre nouveaux portraits de politiques diffus\u00e9s ce dimanche 1er\u00a0juin.<\/p>\n<p class=\"asset asset-text\">Cela faisait des mois que la cha\u00eene et la pr\u00e9sentatrice teasaient les t\u00e9l\u00e9spectateurs, \u00e0 coups de photos de tournage, de promotion sur les plateaux t\u00e9l\u00e9, d\u2019extraits. Finalement, la nouvelle soir\u00e9e de Une ambition intime n\u2019a pas trouv\u00e9 son public. Comme le rapporte M\u00e9diam\u00e9trie, les portraits ont \u00ab\u00a0seulement\u00a0\u00bb attir\u00e9 au total 1,46\u00a0million de t\u00e9l\u00e9spectateurs, soit 7,9\u00a0% du public de 4\u00a0ans et plus. M6\u00a0se place ainsi sur la 3e marche du podium de ce dimanche soir, derri\u00e8re TF1\u00a0et France 2. Un score faible qui n\u2019a pas manqu\u00e9 de faire r\u00e9agir Karine Le\u00a0Marchand<\/p>\n<p class=\"asset asset-text\">L\u2019animatrice de L\u2019Amour est dans le pr\u00e9 a pris la parole sur Instagram en story le lundi 2\u00a0juin pour revenir sur ces audiences. \u00ab\u00a0\u00c7a n\u2019a pas march\u00e9 comme je l\u2019esp\u00e9rais. Pour dire la v\u00e9rit\u00e9, \u00e7a a march\u00e9 selon les personnes. On s\u2019en doutait un petit peu, il y en a deux pour qui \u00e7a a mieux march\u00e9 que les deux autres. C\u2019est une r\u00e9alit\u00e9. On le savait, mais au final, \u00e7a fait une audience, on va dire, moyenne\u2026\u00a0\u00bb Lors de cette soir\u00e9e, M6\u00a0a en effet propos\u00e9 les portraits de quatre personnalit\u00e9s\u00a0politiques\u00a0: Sandrine Rousseau, Jordan Bardella, G\u00e9rald Darmanin et Fabien Roussel. On ignore le d\u00e9tail des audiences de chaque \u00e9pisode, mais c\u2019est celui consacr\u00e9 au pr\u00e9sident du Rassemblement national qui avait en amont en tout cas suscit\u00e9 le plus de commentaires.<\/p>\n<p class=\"asset asset-text\">Karine Le\u00a0Marchand souhaite visiblement d\u00e9sormais tourner la page. \u00ab\u00a0Je vous remercie beaucoup car je pense que vous avez\u00a0d\u00e9couvert des personnes loin des clich\u00e9s avec beaucoup de bienveillance. C\u2019est ce que j\u2019ai voulu faire. Et maintenant, comme \u00e7a fait 2\u00a0ans que je suis dessus\u00a0: je passe \u00e0 autre chose\u00a0!\u00a0\u00bb<\/p>\n<p>                     Une ambition intime en baisse constante    <\/p>\n<p class=\"asset asset-text\">L\u2019\u00e9mission cr\u00e9\u00e9e en 2016\u00a0propose des portraits \u00ab\u00a0d\u00e9cal\u00e9s\u00a0\u00bb de personnalit\u00e9s politiques (mais pas que) d\u2019une trentaine de minutes au cours desquels des aspects \u00ab\u00a0intimes\u00a0\u00bb de leur vie sont abord\u00e9s. En 2021, la soir\u00e9e Une\u00a0ambition intime, diffus\u00e9e \u00e9galement un dimanche en prime time, avait fait mieux et attir\u00e9 2,17\u00a0millions de t\u00e9l\u00e9spectateurs. Elle avait propos\u00e9 aux t\u00e9l\u00e9spectateurs des portraits de Marine Le\u00a0Pen, Marl\u00e8ne Schiappa, Rachida Dati, Anne Hidalgo et Val\u00e9rie P\u00e9cresse.<\/p>\n<p class=\"asset asset-text\">Mais la soir\u00e9e qui a attir\u00e9 le plus de t\u00e9l\u00e9spectateurs (3.13\u00a0millions) est la toute premi\u00e8re, en octobre\u00a02016\u00a0au cours de laquelle l\u2019animatrice avait \u00e9chang\u00e9 avec Nicolas Sarkozy, Arnaud Montebourg, Marine Le\u00a0Pen et Bruno Le\u00a0Maire.<\/p>\n<p class=\"asset asset-text\">On ignore encore si la cha\u00eene\u00a0choisira de renouveler Une \u00e9mission intime. Karine Le\u00a0Marchand sera elle de retour \u00e0 l\u2019antenne prochainement sur M6\u00a0pour la saison 20\u00a0de L\u2019Amour est dans le pr\u00e9, et un peu plus tard, pour la saison 20\u00a0de La France A Un Incroyable Talent.<\/p>\n","protected":false},"excerpt":{"rendered":"M6\u00a0capture Karine Le marchand dans \u00ab\u00a0Une ambition intime\u00a0\u00bb sur M6 DIVERTISSEMENT &#8211; Elle n\u2019a pas cach\u00e9 sa d\u00e9ception.&hellip;\n","protected":false},"author":2,"featured_media":149001,"comment_status":"","ping_status":"","sticky":false,"template":"","format":"standard","meta":{"footnotes":""},"categories":[1356],"tags":[58,59,1011,27,1077,5413,494,252,1364,23801],"class_list":{"0":"post-149000","1":"post","2":"type-post","3":"status-publish","4":"format-standard","5":"has-post-thumbnail","7":"category-television","8":"tag-divertissement","9":"tag-entertainment","10":"tag-fr","11":"tag-france","12":"tag-jordan-bardella","13":"tag-karine-le-marchand","14":"tag-m6","15":"tag-television","16":"tag-tv","17":"tag-une-ambition-intime"},"share_on_mastodon":{"url":"https:\/\/pubeurope.com\/@fr\/114619673122225694","error":""},"_links":{"self":[{"href":"https:\/\/www.europesays.com\/fr\/wp-json\/wp\/v2\/posts\/149000","targetHints":{"allow":["GET"]}}],"collection":[{"href":"https:\/\/www.europesays.com\/fr\/wp-json\/wp\/v2\/posts"}],"about":[{"href":"https:\/\/www.europesays.com\/fr\/wp-json\/wp\/v2\/types\/post"}],"author":[{"embeddable":true,"href":"https:\/\/www.europesays.com\/fr\/wp-json\/wp\/v2\/users\/2"}],"replies":[{"embeddable":true,"href":"https:\/\/www.europesays.com\/fr\/wp-json\/wp\/v2\/comments?post=149000"}],"version-history":[{"count":0,"href":"https:\/\/www.europesays.com\/fr\/wp-json\/wp\/v2\/posts\/149000\/revisions"}],"wp:featuredmedia":[{"embeddable":true,"href":"https:\/\/www.europesays.com\/fr\/wp-json\/wp\/v2\/media\/149001"}],"wp:attachment":[{"href":"https:\/\/www.europesays.com\/fr\/wp-json\/wp\/v2\/media?parent=149000"}],"wp:term":[{"taxonomy":"category","embeddable":true,"href":"https:\/\/www.europesays.com\/fr\/wp-json\/wp\/v2\/categories?post=149000"},{"taxonomy":"post_tag","embeddable":true,"href":"https:\/\/www.europesays.com\/fr\/wp-json\/wp\/v2\/tags?post=149000"}],"curies":[{"name":"wp","href":"https:\/\/api.w.org\/{rel}","templated":true}]}}