{"id":149022,"date":"2025-06-03T13:39:10","date_gmt":"2025-06-03T13:39:10","guid":{"rendered":"https:\/\/www.europesays.com\/fr\/149022\/"},"modified":"2025-06-03T13:39:10","modified_gmt":"2025-06-03T13:39:10","slug":"municipales-2026-horizons-nomme-eric-le-jaouen-chef-de-file-pour-saint-etienne","status":"publish","type":"post","link":"https:\/\/www.europesays.com\/fr\/149022\/","title":{"rendered":"Municipales 2026. Horizons nomme \u00c9ric Le Jaouen chef de file pour Saint-\u00c9tienne"},"content":{"rendered":"<p>Apr\u00e8s les \u00e9cologistes (Olivier Longeon et Julie Tokhi), la France insoumise (Valentine Mercier et Nicolas Preux), les socialistes (R\u00e9gis Juanico et Isabelle Dumestre), Horizons vient de nommer son chef de file pour les municipales de 2026 \u00e0 Saint-\u00c9tienne. Le parti, pr\u00e9sid\u00e9 par \u00c9douard Philippe, a choisi <a href=\"https:\/\/www.leprogres.fr\/p\/eric-le-jaouen\" target=\"_blank\" rel=\"nofollow noopener\">\u00c9ric Le Jaouen<\/a>.<\/p>\n<p>\u00ab Redonner de l&rsquo;\u00e9lan \u00e0 Saint-\u00c9tienne\u00a0\u00bb<\/p>\n<p>D\u00e9clar\u00e9 candidat d\u00e8s f\u00e9vrier dernier, <a href=\"https:\/\/www.leprogres.fr\/elections\/2025\/02\/12\/qui-est-le-premier-candidat-declare-a-la-mairie-de-saint-etienne\" target=\"_blank\" rel=\"nofollow noopener\">\u00c9ric Le Jaouen a \u00e9t\u00e9 le premier \u00e0 se lancer dans la course<\/a>, avec la volont\u00e9 de \u00ab\u00a0redonner de l\u2019\u00e9lan \u00e0 Saint-\u00c9tienne\u00a0\u00bb. Issu de la soci\u00e9t\u00e9 civile et entrepreneur, il entend construire un projet collectif au service des habitants. C\u2019est dans cette logique qu\u2019il a choisi de rejoindre l\u2019union Saint-\u00c9tienne Ensemble 2026, d\u00e9termin\u00e9 \u00e0 y incarner le renouvellement dont a besoin la ville.<\/p>\n<p>\u00ab\u00a0Horizons me confie une responsabilit\u00e9 importante, qui m\u2019honore et me conforte dans le travail que j\u2019ai entrepris depuis plusieurs mois afin de b\u00e2tir, avec les St\u00e9phanoises et les St\u00e9phanois, un projet coh\u00e9rent et structur\u00e9 pour le Saint-\u00c9tienne de demain\u00a0\u00bb, indique, dans un communiqu\u00e9, \u00c9ric Le Jaouen qui s\u2019engage \u00ab\u00a0\u00e0 poursuivre son dialogue avec les partenaires locaux et \u00e0 rassembler largement tous ceux qui souhaitent agir pour le territoire\u00a0\u00bb.<\/p>\n","protected":false},"excerpt":{"rendered":"Apr\u00e8s les \u00e9cologistes (Olivier Longeon et Julie Tokhi), la France insoumise (Valentine Mercier et Nicolas Preux), les socialistes&hellip;\n","protected":false},"author":2,"featured_media":149023,"comment_status":"","ping_status":"","sticky":false,"template":"","format":"standard","meta":{"footnotes":""},"categories":[9653],"tags":[1111,11,2430,7539,4188,1777,674,1011,27,12,316,25,4001,7538],"class_list":{"0":"post-149022","1":"post","2":"type-post","3":"status-publish","4":"format-standard","5":"has-post-thumbnail","7":"category-saint-etienne","8":"tag-actu","9":"tag-actualites","10":"tag-auvergne-rhone-alpes","11":"tag-edition-loire-sud","12":"tag-elections-municipales","13":"tag-eu","14":"tag-europe","15":"tag-fr","16":"tag-france","17":"tag-news","18":"tag-politique","19":"tag-republique-francaise","20":"tag-saint-etienne","21":"tag-saint-etienne-ville"},"share_on_mastodon":{"url":"https:\/\/pubeurope.com\/@fr\/114619715685357342","error":""},"_links":{"self":[{"href":"https:\/\/www.europesays.com\/fr\/wp-json\/wp\/v2\/posts\/149022","targetHints":{"allow":["GET"]}}],"collection":[{"href":"https:\/\/www.europesays.com\/fr\/wp-json\/wp\/v2\/posts"}],"about":[{"href":"https:\/\/www.europesays.com\/fr\/wp-json\/wp\/v2\/types\/post"}],"author":[{"embeddable":true,"href":"https:\/\/www.europesays.com\/fr\/wp-json\/wp\/v2\/users\/2"}],"replies":[{"embeddable":true,"href":"https:\/\/www.europesays.com\/fr\/wp-json\/wp\/v2\/comments?post=149022"}],"version-history":[{"count":0,"href":"https:\/\/www.europesays.com\/fr\/wp-json\/wp\/v2\/posts\/149022\/revisions"}],"wp:featuredmedia":[{"embeddable":true,"href":"https:\/\/www.europesays.com\/fr\/wp-json\/wp\/v2\/media\/149023"}],"wp:attachment":[{"href":"https:\/\/www.europesays.com\/fr\/wp-json\/wp\/v2\/media?parent=149022"}],"wp:term":[{"taxonomy":"category","embeddable":true,"href":"https:\/\/www.europesays.com\/fr\/wp-json\/wp\/v2\/categories?post=149022"},{"taxonomy":"post_tag","embeddable":true,"href":"https:\/\/www.europesays.com\/fr\/wp-json\/wp\/v2\/tags?post=149022"}],"curies":[{"name":"wp","href":"https:\/\/api.w.org\/{rel}","templated":true}]}}