{"id":149026,"date":"2025-06-03T13:41:17","date_gmt":"2025-06-03T13:41:17","guid":{"rendered":"https:\/\/www.europesays.com\/fr\/149026\/"},"modified":"2025-06-03T13:41:17","modified_gmt":"2025-06-03T13:41:17","slug":"conference-de-gilles-marseille-on-est-toujours-entre-deux-guerres","status":"publish","type":"post","link":"https:\/\/www.europesays.com\/fr\/149026\/","title":{"rendered":"Conf\u00e9rence de Gilles Marseille On est toujours entre deux guerres"},"content":{"rendered":"<p>Gilles Marseille interviendra sur l\u2019architecture de crise hier et demain. Entre deuil des morts de la Grande guerre, reconstruction d\u2019une ville partiellement bombard\u00e9e, crise de logement, et autres \u00e9v\u00e9nements qui ont conduit aux pr\u00e9mices de la Seconde guerre mondiale, le conf\u00e9rencier se demandera comment les architectes et le milieu de la construction du Nancy de l\u2019Entre-deux-guerres ont-ils bien pu traverser tant d\u2019\u00e9preuves, tout en maintenant leur activit\u00e9\u00a0?<\/p>\n<p class=\"note\">Jeudi 5\u00a0juin, \u00e0 18\u00a0h, \u00e0 la biblioth\u00e8que universitaire Carnot, 11, place Carnot, \u00e0 Nancy. Entr\u00e9e libre sur r\u00e9servation sur <a href=\"https:\/\/www.helloasso.com\/associations\/maison-de-l-architecture-de-lorraine\/evenements\/apero-conference\" title=\"www.helloasso.com\" target=\"_blank\" rel=\"noopener\">https:\/\/www.helloasso.com\/associations\/maison-de-l-architecture-de-lorraine\/evenements\/apero-conference<\/a><\/p>\n","protected":false},"excerpt":{"rendered":"Gilles Marseille interviendra sur l\u2019architecture de crise hier et demain. Entre deuil des morts de la Grande guerre,&hellip;\n","protected":false},"author":2,"featured_media":149027,"comment_status":"","ping_status":"","sticky":false,"template":"","format":"standard","meta":{"footnotes":""},"categories":[9635],"tags":[1111,11,6211,1687,1704,1777,674,1011,27,775,1702,1703,12,5486,25],"class_list":{"0":"post-149026","1":"post","2":"type-post","3":"status-publish","4":"format-standard","5":"has-post-thumbnail","7":"category-nancy","8":"tag-actu","9":"tag-actualites","10":"tag-conference","11":"tag-culture-loisirs","12":"tag-edition-nancy-et-agglomeration","13":"tag-eu","14":"tag-europe","15":"tag-fr","16":"tag-france","17":"tag-grand-est","18":"tag-nancy","19":"tag-nancy-ville-54b","20":"tag-news","21":"tag-rencontre","22":"tag-republique-francaise"},"share_on_mastodon":{"url":"https:\/\/pubeurope.com\/@fr\/114619723560197732","error":""},"_links":{"self":[{"href":"https:\/\/www.europesays.com\/fr\/wp-json\/wp\/v2\/posts\/149026","targetHints":{"allow":["GET"]}}],"collection":[{"href":"https:\/\/www.europesays.com\/fr\/wp-json\/wp\/v2\/posts"}],"about":[{"href":"https:\/\/www.europesays.com\/fr\/wp-json\/wp\/v2\/types\/post"}],"author":[{"embeddable":true,"href":"https:\/\/www.europesays.com\/fr\/wp-json\/wp\/v2\/users\/2"}],"replies":[{"embeddable":true,"href":"https:\/\/www.europesays.com\/fr\/wp-json\/wp\/v2\/comments?post=149026"}],"version-history":[{"count":0,"href":"https:\/\/www.europesays.com\/fr\/wp-json\/wp\/v2\/posts\/149026\/revisions"}],"wp:featuredmedia":[{"embeddable":true,"href":"https:\/\/www.europesays.com\/fr\/wp-json\/wp\/v2\/media\/149027"}],"wp:attachment":[{"href":"https:\/\/www.europesays.com\/fr\/wp-json\/wp\/v2\/media?parent=149026"}],"wp:term":[{"taxonomy":"category","embeddable":true,"href":"https:\/\/www.europesays.com\/fr\/wp-json\/wp\/v2\/categories?post=149026"},{"taxonomy":"post_tag","embeddable":true,"href":"https:\/\/www.europesays.com\/fr\/wp-json\/wp\/v2\/tags?post=149026"}],"curies":[{"name":"wp","href":"https:\/\/api.w.org\/{rel}","templated":true}]}}