{"id":149039,"date":"2025-06-03T13:48:47","date_gmt":"2025-06-03T13:48:47","guid":{"rendered":"https:\/\/www.europesays.com\/fr\/149039\/"},"modified":"2025-06-03T13:48:47","modified_gmt":"2025-06-03T13:48:47","slug":"pont-flaubert-installation-dun-radar-de-chantier","status":"publish","type":"post","link":"https:\/\/www.europesays.com\/fr\/149039\/","title":{"rendered":"Pont-Flaubert\u00a0: installation d\u2019un radar de chantier\u00a0!"},"content":{"rendered":"<p>\n                    Face au non-respect des limitations de vitesses sur les nouveaux acc\u00e8s du Pont Flaubert \u00e0 Rouen, la pr\u00e9fecture de la Seine-Maritime vient d\u2019annoncer la mise ne place d\u2019un radar de chantier, d\u00e8s la premi\u00e8re semaine de juin. Toujours en configuration de travaux routiers, l\u2019axe est en effet limit\u00e9 \u00e0 50 km\/h\u00a0!                <\/p>\n<p>Le 24 avril dernier, le sens de circulation Nord\/Sud par les acc\u00e8s d\u00e9finitifs du pont a \u00e9t\u00e9 mis en place (cf. 15\/04\/25 notre article du <a href=\"https:\/\/www.normandinamik.cci.fr\/pont-flaubert-sud-3-la-circulation-evolue-entre-la-rive-droite-et-la-rive-gauche-de-rouen\/\" target=\"_blank\" rel=\"noopener\">Pont Flaubert \/ Sud 3\u00a0: la circulation \u00e9volue entre la rive droite et la rive gauche de Rouen \u2013 Normandinamik<\/a>). N\u00e9anmoins, la zone \u00e9tant toujours en configuration de travaux routiers, la vitesse y est limit\u00e9e \u00e0 50 km\/h afin de s\u00e9curiser la zone de chantier et ses acc\u00e8s, mais aussi de r\u00e9duire les risques d\u2019accrochages, les voies de circulation \u00e9tant provisoirement r\u00e9duites.<\/p>\n<p>Or, depuis la mise en service de cet acc\u00e8s, les contr\u00f4les ponctuels r\u00e9alis\u00e9s par les forces font r\u00e9guli\u00e8rement \u00e9tat d\u2019importantes vitesses. \u00ab De nombreux v\u00e9hicules verbalis\u00e9s circulaient entre 80 et 90 km\/h, voire au-del\u00e0 \u00bb, explique la pr\u00e9fecture de la Seine-Maritime.<\/p>\n<p>Ce n\u2019est qu\u2019une fois r\u00e9alis\u00e9s les travaux d\u2019am\u00e9nagement des acc\u00e8s rive gauche du pont Flaubert que la vitesse maximale autoris\u00e9e de cette section sera relev\u00e9e \u00e0 70 km\/h, de soit mi-2026\u2026<\/p>\n","protected":false},"excerpt":{"rendered":"Face au non-respect des limitations de vitesses sur les nouveaux acc\u00e8s du Pont Flaubert \u00e0 Rouen, la pr\u00e9fecture&hellip;\n","protected":false},"author":2,"featured_media":149040,"comment_status":"","ping_status":"","sticky":false,"template":"","format":"standard","meta":{"footnotes":""},"categories":[9587],"tags":[1111,11,1777,674,1011,27,12,5161,9617,27836,25,9590],"class_list":{"0":"post-149039","1":"post","2":"type-post","3":"status-publish","4":"format-standard","5":"has-post-thumbnail","7":"category-rouen","8":"tag-actu","9":"tag-actualites","10":"tag-eu","11":"tag-europe","12":"tag-fr","13":"tag-france","14":"tag-news","15":"tag-normandie","16":"tag-pont-flaubert","17":"tag-radar-de-chantier","18":"tag-republique-francaise","19":"tag-rouen"},"share_on_mastodon":{"url":"https:\/\/pubeurope.com\/@fr\/114619754964427282","error":""},"_links":{"self":[{"href":"https:\/\/www.europesays.com\/fr\/wp-json\/wp\/v2\/posts\/149039","targetHints":{"allow":["GET"]}}],"collection":[{"href":"https:\/\/www.europesays.com\/fr\/wp-json\/wp\/v2\/posts"}],"about":[{"href":"https:\/\/www.europesays.com\/fr\/wp-json\/wp\/v2\/types\/post"}],"author":[{"embeddable":true,"href":"https:\/\/www.europesays.com\/fr\/wp-json\/wp\/v2\/users\/2"}],"replies":[{"embeddable":true,"href":"https:\/\/www.europesays.com\/fr\/wp-json\/wp\/v2\/comments?post=149039"}],"version-history":[{"count":0,"href":"https:\/\/www.europesays.com\/fr\/wp-json\/wp\/v2\/posts\/149039\/revisions"}],"wp:featuredmedia":[{"embeddable":true,"href":"https:\/\/www.europesays.com\/fr\/wp-json\/wp\/v2\/media\/149040"}],"wp:attachment":[{"href":"https:\/\/www.europesays.com\/fr\/wp-json\/wp\/v2\/media?parent=149039"}],"wp:term":[{"taxonomy":"category","embeddable":true,"href":"https:\/\/www.europesays.com\/fr\/wp-json\/wp\/v2\/categories?post=149039"},{"taxonomy":"post_tag","embeddable":true,"href":"https:\/\/www.europesays.com\/fr\/wp-json\/wp\/v2\/tags?post=149039"}],"curies":[{"name":"wp","href":"https:\/\/api.w.org\/{rel}","templated":true}]}}