{"id":149055,"date":"2025-06-03T13:56:08","date_gmt":"2025-06-03T13:56:08","guid":{"rendered":"https:\/\/www.europesays.com\/fr\/149055\/"},"modified":"2025-06-03T13:56:08","modified_gmt":"2025-06-03T13:56:08","slug":"le-president-argentin-javier-milei-finalement-attendu-au-sommet-onusien-sur-locean","status":"publish","type":"post","link":"https:\/\/www.europesays.com\/fr\/149055\/","title":{"rendered":"le pr\u00e9sident argentin Javier Milei finalement attendu au sommet onusien sur l\u2019oc\u00e9an"},"content":{"rendered":"<p>Plus de 70 chefs d\u2019\u00c9tats et de gouvernement sont attendus du 9 au 13 juin, \u00e0 Nice, pour la troisi\u00e8me conf\u00e9rence des Nations unies sur l\u2019oc\u00e9an.<\/p>\n<p class=\"fig-paragraph\">Invit\u00e9 surprise \u00e0\u00a0<a href=\"http:\/\/www.lefigaro.fr\/sciences\/a-nice-un-preambule-scientifique-avant-la-grande-conference-des-nations-unies-sur-l-ocean-20250602\" data-fig-type=\"Article\" data-gtm-custom-categorie=\"navigation\" data-gtm-custom-action=\"crossclick\" data-gtm-custom-label=\"Contextuel\" data-gtm-event=\"customEventSPE\" data-fig-domain=\"LEFIGARO\" rel=\"nofollow noopener\" target=\"_blank\">la grande conf\u00e9rence de l\u2019ONU sur l\u2019oc\u00e9an \u00e0 Nice<\/a>\u00a0(Alpes-Maritimes)\u00a0: le pr\u00e9sident argentin\u00a0<a href=\"http:\/\/www.lefigaro.fr\/conjoncture\/argentine-face-a-la-tronconneuse-de-javier-milei-une-contestation-qui-grandit-20250411\" data-fig-type=\"Article\" data-gtm-custom-categorie=\"navigation\" data-gtm-custom-action=\"crossclick\" data-gtm-custom-label=\"Contextuel\" data-gtm-event=\"customEventSPE\" data-fig-domain=\"LEFIGARO\" rel=\"nofollow noopener\" target=\"_blank\">Javier Milei<\/a>, davantage connu pour ses prises de position ultralib\u00e9rales qu\u2019en faveur de l\u2019environnement, a annonc\u00e9 sa venue le 9 juin, date de l\u2019ouverture de ce sommet international.<\/p>\n<p class=\"fig-paragraph\">Plus de 70 chefs d\u2019\u00c9tats et de gouvernement ont \u00e0 ce stade confirm\u00e9 leur pr\u00e9sence autour du pr\u00e9sident Emmanuel Macron, la France \u00e9tant pays coorganisateur de cet \u00e9v\u00e9nement\u00a0<a href=\"http:\/\/www.lefigaro.fr\/nice\/estrosi-recoit-le-president-du-costa-rica-en-vue-de-la-conference-des-nations-unies-sur-les-oceans-a-nice-20230320\" data-fig-type=\"Article\" data-gtm-custom-categorie=\"navigation\" data-gtm-custom-action=\"crossclick\" data-gtm-custom-label=\"Contextuel\" data-gtm-event=\"customEventSPE\" data-fig-domain=\"LEFIGARO\" rel=\"nofollow noopener\" target=\"_blank\">avec le Costa Rica<\/a>. Le pr\u00e9sident br\u00e9silien\u00a0<a href=\"http:\/\/www.lefigaro.fr\/conjoncture\/lula-grand-defenseur-de-l-environnement-veut-exploiter-le-petrole-de-l-amazonie-20250227\" data-fig-type=\"Article\" data-gtm-custom-categorie=\"navigation\" data-gtm-custom-action=\"crossclick\" data-gtm-custom-label=\"Contextuel\" data-gtm-event=\"customEventSPE\" data-fig-domain=\"LEFIGARO\" rel=\"nofollow noopener\" target=\"_blank\">Lula<\/a>\u00a0ou encore le vice-premier ministre chinois seront notamment \u00e0 Nice pour discuter des enjeux environnementaux et \u00e9conomiques autour des mers et des oc\u00e9ans.<\/p>\n<p class=\"fig-paragraph\">Des signatures d\u2019accords et de trait\u00e9s sont esp\u00e9r\u00e9es jusqu\u2019au 13 juin, alors que des milliers d\u2019experts, chercheurs et membres d\u2019association de protection de l\u2019environnement sont aussi attendus sur la C\u00f4te d\u2019Azur.<\/p>\n<p>\u00abIl est en train de se passer quelque chose\u00bb<\/p>\n<p class=\"fig-paragraph\">\u00abNous avons encore des rajouts\u00bb, s\u2019est f\u00e9licit\u00e9 lundi le maire de Nice,\u00a0<a href=\"http:\/\/www.lefigaro.fr\/nice\/municipales-2026-a-un-an-des-elections-christian-estrosi-deja-en-mode-campagne-a-nice-20250328\" data-fig-type=\"NewsFlash\" data-gtm-custom-categorie=\"navigation\" data-gtm-custom-action=\"crossclick\" data-gtm-custom-label=\"Contextuel\" data-gtm-event=\"customEventSPE\" data-fig-domain=\"LEFIGARO\" rel=\"nofollow noopener\" target=\"_blank\">Christian Estrosi<\/a>, lors d\u2019une conf\u00e9rence de presse sur\u00a0<a href=\"http:\/\/www.lefigaro.fr\/nice\/a-nice-un-dispositif-de-securite-inedit-pour-le-sommet-de-l-onu-sur-l-ocean-20250417\" data-fig-type=\"NewsFlash\" data-gtm-custom-categorie=\"navigation\" data-gtm-custom-action=\"crossclick\" data-gtm-custom-label=\"Contextuel\" data-gtm-event=\"customEventSPE\" data-fig-domain=\"LEFIGARO\" rel=\"nofollow noopener\" target=\"_blank\">le dispositif exceptionnel de s\u00e9curit\u00e9<\/a>\u00a0dans la ville. \u00abJe me dis qu\u2019il est en train de se passer quelque chose qui ne s\u2019est pas produit avant \u00e0 New York et \u00e0 Lisbonne (les deux pr\u00e9c\u00e9dentes \u00e9ditions de ce sommet, NDLR). \u00c0 Nice, on est presque puissance dix\u00a0!\u00bb, a-t-il poursuivi, en lien avec la venue de Javier Milei.<\/p>\n<p class=\"fig-paragraph\">Avant Nice, le pr\u00e9sident argentin se rendra en Italie, au Vatican, puis en Espagne, \u00e0 Madrid. Une rencontre avec\u00a0<a href=\"http:\/\/www.lefigaro.fr\/politique\/a-deux-ans-de-2027-macron-en-spectateur-du-choc-des-ambitions-dans-son-camp-20250527\" data-fig-type=\"Article\" data-gtm-custom-categorie=\"navigation\" data-gtm-custom-action=\"crossclick\" data-gtm-custom-label=\"Contextuel\" data-gtm-event=\"customEventSPE\" data-fig-domain=\"LEFIGARO\" rel=\"nofollow noopener\" target=\"_blank\">Emmanuel Macron<\/a>\u00a0le premier jour du sommet est ensuite pr\u00e9vue \u00e0 son agenda, avant qu\u2019il ne parte en Isra\u00ebl dans la foul\u00e9e.<\/p>\n<p class=\"fig-paragraph\">Sauf nouvelle surprise de derni\u00e8re minute, le pr\u00e9sident am\u00e9ricain\u00a0<a href=\"http:\/\/www.lefigaro.fr\/conjoncture\/trump-jette-de-l-huile-sur-le-feu-et-ravive-la-guerre-commerciale-20250601\" data-fig-type=\"Article\" data-gtm-custom-categorie=\"navigation\" data-gtm-custom-action=\"crossclick\" data-gtm-custom-label=\"Contextuel\" data-gtm-event=\"customEventSPE\" data-fig-domain=\"LEFIGARO\" rel=\"nofollow noopener\" target=\"_blank\">Donald Trump<\/a>\u00a0ne participera pas \u00e0 ce troisi\u00e8me sommet des Nations unies sur l\u2019oc\u00e9an (Unoc 3). Les \u00e9changes se d\u00e9rouleront sur le port de Nice, o\u00f9 un\u00a0<a href=\"http:\/\/www.lefigaro.fr\/nice\/nice-accouche-de-son-nouveau-centre-de-congres-sur-le-port-en-vue-du-sommet-onusien-sur-l-ocean-20250218\" data-fig-type=\"NewsFlash\" data-gtm-custom-categorie=\"navigation\" data-gtm-custom-action=\"crossclick\" data-gtm-custom-label=\"Contextuel\" data-gtm-event=\"customEventSPE\" data-fig-domain=\"LEFIGARO\" rel=\"nofollow noopener\" target=\"_blank\">nouveau centre des congr\u00e8s<\/a>\u00a0a vu le jour pour l\u2019occasion.<\/p>\n","protected":false},"excerpt":{"rendered":"Plus de 70 chefs d\u2019\u00c9tats et de gouvernement sont attendus du 9 au 13 juin, \u00e0 Nice, pour&hellip;\n","protected":false},"author":2,"featured_media":149056,"comment_status":"","ping_status":"","sticky":false,"template":"","format":"standard","meta":{"footnotes":""},"categories":[2819],"tags":[1111,11,2898,2829,2971,2972,2973,2974,436,1777,674,2975,1011,27,5924,2969,2970,2987,2980,11415,12,2401,2897,2976,2977,2978,2985,2986,2979,2981,2982,2983,2984,2991,2992,2993,2994,2996,2997,2998,2999,3000,3001,3002,2995,3003,3004,3005,3007,2268,882,25,2988,2989,2990,2968,3006],"class_list":{"0":"post-149055","1":"post","2":"type-post","3":"status-publish","4":"format-standard","5":"has-post-thumbnail","7":"category-nice","8":"tag-actu","9":"tag-actualites","10":"tag-alpes-maritimes","11":"tag-baumettes","12":"tag-carabacel","13":"tag-caucade","14":"tag-cimiez","15":"tag-cremat","16":"tag-environnement","17":"tag-eu","18":"tag-europe","19":"tag-fabron","20":"tag-fr","21":"tag-france","22":"tag-javier-milei","23":"tag-larenas","24":"tag-lariane","25":"tag-le-ray","26":"tag-lingostiere","27":"tag-nations-unies","28":"tag-news","29":"tag-nice","30":"tag-nice-cote-dazur","31":"tag-nice-gairaut","32":"tag-nice-gambetta","33":"tag-nice-jean-medecin","34":"tag-nice-le-piol","35":"tag-nice-le-port","36":"tag-nice-liberation","37":"tag-nice-magnan","38":"tag-nice-mantega-mont-boron","39":"tag-nice-pasteur","40":"tag-nice-pessicart","41":"tag-nice-rue-de-france","42":"tag-nice-saint-antoine","43":"tag-nice-saint-augustin","44":"tag-nice-saint-isidore","45":"tag-nice-saint-maurice","46":"tag-nice-saint-pancrace","47":"tag-nice-saint-philippe","48":"tag-nice-saint-pierre-de-feric","49":"tag-nice-saint-roch","50":"tag-nice-saint-roman-de-bellet","51":"tag-nice-saint-sylvestre","52":"tag-nice-sainte-marguerite","53":"tag-nice-thiers","54":"tag-nice-ventabrun","55":"tag-nice-vernier","56":"tag-nice-vinaigrier","57":"tag-ogc-nice","58":"tag-provence-alpes-cote-dazur","59":"tag-republique-francaise","60":"tag-rimiez","61":"tag-riquier","62":"tag-roquebilliere","63":"tag-sud-est","64":"tag-vieux-nice"},"share_on_mastodon":{"url":"","error":"Validation failed: Text character limit of 500 exceeded"},"_links":{"self":[{"href":"https:\/\/www.europesays.com\/fr\/wp-json\/wp\/v2\/posts\/149055","targetHints":{"allow":["GET"]}}],"collection":[{"href":"https:\/\/www.europesays.com\/fr\/wp-json\/wp\/v2\/posts"}],"about":[{"href":"https:\/\/www.europesays.com\/fr\/wp-json\/wp\/v2\/types\/post"}],"author":[{"embeddable":true,"href":"https:\/\/www.europesays.com\/fr\/wp-json\/wp\/v2\/users\/2"}],"replies":[{"embeddable":true,"href":"https:\/\/www.europesays.com\/fr\/wp-json\/wp\/v2\/comments?post=149055"}],"version-history":[{"count":0,"href":"https:\/\/www.europesays.com\/fr\/wp-json\/wp\/v2\/posts\/149055\/revisions"}],"wp:featuredmedia":[{"embeddable":true,"href":"https:\/\/www.europesays.com\/fr\/wp-json\/wp\/v2\/media\/149056"}],"wp:attachment":[{"href":"https:\/\/www.europesays.com\/fr\/wp-json\/wp\/v2\/media?parent=149055"}],"wp:term":[{"taxonomy":"category","embeddable":true,"href":"https:\/\/www.europesays.com\/fr\/wp-json\/wp\/v2\/categories?post=149055"},{"taxonomy":"post_tag","embeddable":true,"href":"https:\/\/www.europesays.com\/fr\/wp-json\/wp\/v2\/tags?post=149055"}],"curies":[{"name":"wp","href":"https:\/\/api.w.org\/{rel}","templated":true}]}}