{"id":149067,"date":"2025-06-03T14:02:10","date_gmt":"2025-06-03T14:02:10","guid":{"rendered":"https:\/\/www.europesays.com\/fr\/149067\/"},"modified":"2025-06-03T14:02:10","modified_gmt":"2025-06-03T14:02:10","slug":"soulagement-et-amertume-a-toulouse-ou-il-faudrait-embaucher","status":"publish","type":"post","link":"https:\/\/www.europesays.com\/fr\/149067\/","title":{"rendered":"soulagement et amertume\u00a0\u00bb \u00e0 Toulouse o\u00f9 \u00ab\u00a0il faudrait embaucher"},"content":{"rendered":"<p>            Par<br \/>\n        <strong><br \/>\n            <a href=\"https:\/\/actu.fr\/auteur\/mareva-laville-actu-fr\" title=\"Consulter tous les articles de Mar\u00e9va Laville\" rel=\"nofollow noopener\" target=\"_blank\">Mar\u00e9va Laville<\/a><br \/>\n        <\/strong><\/p>\n<p>        Publi\u00e9 le<\/p>\n<p>            3 juin 2025 \u00e0 15h49        <\/p>\n<p>Ils n\u2019ont cess\u00e9 de <a href=\"https:\/\/actu.fr\/occitanie\/toulouse_31555\/toulouse-les-salaries-de-thales-quittent-leur-poste-pour-faire-plier-la-direction-sur-son-plan-social_61923891.html\" rel=\"nofollow noopener\" target=\"_blank\">manifester pendant des mois et des mois<\/a>. Un peu plus d\u2019un an apr\u00e8s l\u2019annonce du plan Th\u00e9mis par la direction de la coentreprise franco-italienne <strong>Thales Alenia Space,<\/strong> les salari\u00e9s c\u00e9l\u00e8brent \u00ab\u2009une premi\u00e8re victoire\u2009\u00bb. Lundi 2\u00a0juin 2025, le PDG de TAS, <strong>Herv\u00e9 Derrey,<\/strong> s\u2019est adress\u00e9 \u00e0 l\u2019ensemble des salari\u00e9s pour acter le<strong> gel du plan de suppressions de postes jusqu\u2019\u00e0 mi-2026<\/strong> \u00ab\u2009au moins\u2009\u00bb.<\/p>\n<p>764 postes en suspens \u00e0 Toulouse<\/p>\n<p class=\" wall-content\">Pour rappel, 1300 emplois \u00e9taient sur la sellette en Europe, dont<strong> 764 postes \u00e0 Toulouse, <\/strong>sur les 2400 salari\u00e9s que compte le site toulousain.<\/p>\n<p>    <a href=\"https:\/\/www.google.com\/maps\/embed?pb=!1m18!1m12!1m3!1d107472.4639409991!2d1.3617051362871913!3d43.61908110741658!2m3!1f0!2f0!3f0!3m2!1i1024!2i768!4f13.1!3m3!1m2!1s0x12ae4848bcdab9a9%3A0x4f7f6e12bacfc9f2!2sThales%20Alenia%20Space!5e1!3m2!1sfr!2sfr!4v1748956841953!5m2!1sfr!2sfr\" title=\"Ouvrie le lien\" rel=\"nofollow noopener\" target=\"_blank\">Cliquez ici pour visualiser le contenu<\/a><\/p>\n<p class=\" wall-content\">Le plan social pr\u00e9voyait des <strong>d\u00e9parts \u00e0 la retraite favoris\u00e9s<\/strong> et des<strong> changements de secteur,<\/strong> notamment pour les ing\u00e9nieurs hautement qualifi\u00e9s et les techniciens qui con\u00e7oivent les satellites. \u00ab\u2009Aucun d\u00e9part contraint ne d\u00e9coulera de ce plan\u2009\u00bb, expliquait alors TAS.<\/p>\n<p class=\" wall-content\">En cause\u2009? <a href=\"https:\/\/actu.fr\/occitanie\/toulouse_31555\/toulouse-emplois-remanies-departs-favorises-mais-que-se-passe-t-il-a-thales_60882983.html\" rel=\"nofollow noopener\" target=\"_blank\">Une baisse d\u2019activit\u00e9 sur le march\u00e9 des satellites \u00e0 destination des t\u00e9l\u00e9communications<\/a> (les g\u00e9ostationnaires, ndlr.), en chute depuis plus de trois ans. Le groupe souhaitait alors changer sa fen\u00eatre de tir en se r\u00e9armant davantage du c\u00f4t\u00e9 des satellites derni\u00e8re g\u00e9n\u00e9ration \u00ab\u00a0qui demandent beaucoup moins de travail\u00a0\u00bb. Un argument qu\u2019avaient vivement contest\u00e9 les syndicats CGT, CFDT, CFE-CGC et Force Ouvri\u00e8re. \u00ab\u2009Certes, il y a moins de travail sur les nouveaux satellites, mais ils ne repr\u00e9sentent qu\u2019une part du march\u00e9\u00a0\u00bb, r\u00e9agissait <strong>Thomas Meynadier, d\u00e9l\u00e9gu\u00e9 syndical \u00e0 la CGT,<\/strong> dans un<a href=\"https:\/\/actu.fr\/occitanie\/toulouse_31555\/toulouse-emplois-remanies-departs-favorises-mais-que-se-passe-t-il-a-thales_60882983.html\" rel=\"nofollow noopener\" target=\"_blank\"> pr\u00e9c\u00e9dent article d\u2019Actu Toulouse<\/a>.<\/p>\n<p>Des activit\u00e9s en croissance<\/p>\n<p class=\" wall-content\">Les salari\u00e9s de Thales ont commenc\u00e9 la conception d\u2019une <strong>constellation europ\u00e9enne<\/strong> (mod\u00e8le en vogue depuis la cr\u00e9ation de Starlink par Elon Musk, ndlr). Le projet<strong> Iris\u00b2<\/strong> est en cours \u00ab\u2009avec des besoins qui vont monter jusqu\u2019\u00e0 600\u00a0personnes sur toute la France\u2009\u00bb.<\/p>\n<p>Vid\u00e9os : en ce moment sur Actu<\/p>\n<p class=\" wall-content\">En parall\u00e8le, il faut aussi continuer le d\u00e9veloppement et la fabrication des g\u00e9ostationnaires, mais aussi, rattraper le retard accumul\u00e9. \u00ab<strong>\u2009La charge de travail<\/strong> pr\u00e9vue pour 2026 est identique \u00e0 celle qu\u2019on conna\u00eet maintenant\u2009\u00bb, assurait, en septembre 2024, le membre du CSE et syndicaliste CGT, Thomas Meynadier. Voire, elle augmente d\u00e9j\u00e0\u2009!<\/p>\n<p>    <img   decoding=\"async\" loading=\"lazy\" src=\"https:\/\/www.europesays.com\/fr\/wp-content\/uploads\/2025\/06\/thales-toulouse-manif-2-960x640.jpeg\" alt=\"Depuis mars 2024, les manifestations se multiplient au sein de TAS.\" width=\"960\" height=\"640\"\/><br \/>\n    Depuis mars\u00a02024, les manifestations se multiplient au sein de TAS. (\u00a9Mar\u00e9va Laville \/ Actu Toulouse)\u00ab\u2009\u00c0 la fin de l\u2019ann\u00e9e, il va nous manquer 1\u2009000\u00a0personnes\u2009\u00bb<\/p>\n<blockquote class=\"ac-article-quote wall-content\">\n<p>On a gagn\u00e9 deux contrats cette ann\u00e9e pour des g\u00e9ostationnaires, un pour la Norv\u00e8ge et un pour le Japon. Et l\u00e0, on r\u00e9pond \u00e0 un appel d&rsquo;offres pour d&rsquo;autres contrats. \u00c7a repr\u00e9sente une vingtaine de mois de travail pour chacun des satellites.<\/p>\n<p>    <strong>Thomas Meynadier<\/strong><br \/>\n        D\u00e9l\u00e9gu\u00e9 syndical CGT chez TAS    <\/p><\/blockquote>\n<p class=\" wall-content\">Preuve en est, selon lui, et s\u2019il faut le rappeler, que<strong> \u00ab\u2009le spatial n\u2019est pas en crise\u2009\u00bb.\u00a0<\/strong>Dans un communiqu\u00e9, la CGT rappelle \u00ab\u00a0avoir analys\u00e9 d\u00e8s mars 2024 que ce plan n\u2019avait aucune justification industrielle et \u00e9conomique\u00a0\u00bb. Une confirmation accord\u00e9e par l\u2019\u00e9tude du cabinet Syndex fournie en fin d\u2019\u00e9t\u00e9 2024.<\/p>\n<blockquote class=\"ac-article-quote wall-content\">\n<p>Non seulement, il n&rsquo;y a pas besoin de supprimer des postes mais en plus, il faudrait embaucher. Aujourd&rsquo;hui, il nous manque 500 personnes pour ex\u00e9cuter les contrats qu&rsquo;on a sign\u00e9s et \u00e0 la fin d&rsquo;ann\u00e9e 2025, il va nous en manquer 1 000 pour toutes les activit\u00e9s spatiales de Thales !<\/p>\n<p>    <strong>Thomas Meynadier<\/strong><br \/>\n        D\u00e9l\u00e9gu\u00e9 syndical \u00e0 la CGT    <\/p><\/blockquote>\n<p>L\u2019arr\u00eat du plan de suppressions de poste r\u00e9clam\u00e9<\/p>\n<p class=\" wall-content\">Au lendemain de l\u2019annonce du gel des suppressions de poste, la nouvelle fait donc office \u00ab\u2009de soulagement\u2009\u00bb mais aussi \u00ab\u2009d\u2019une grande amertume\u2009\u00bb.<\/p>\n<p class=\" wall-content\">\u00ab\u2009La sant\u00e9 des salari\u00e9s est mise \u00e0 mal (<a href=\"https:\/\/actu.fr\/occitanie\/toulouse_31555\/764-postes-sur-la-sellette-chez-thales-a-toulouse-on-nous-explique-qu-il-n-y-a-pas-d-avenir_61616911.html\" rel=\"nofollow noopener\" target=\"_blank\">en septembre, 13\u2009% des salari\u00e9s souffraient d\u2019\u00e9puisement professionnel, selon le cabinet Technologia, ndlr)<\/a>. Geler le plan ne change rien. <strong>On r\u00e9clame l\u2019annulation compl\u00e8te du plan et des embauches.<\/strong> C\u2019est une premi\u00e8re victoire, mais il en faudra d\u2019autres.\u2009\u00bb<\/p>\n<p class=\" wall-content\">Une volont\u00e9 d\u2019arr\u00eat total du plan soutenue par les <strong>d\u00e9put\u00e9s socialistes (PS) de Haute-Garonne Jacques Oberti et Arnaud Simion<\/strong>. \u00ab\u00a0Elle le doit aux salari\u00e9s et aux syndicats qui s\u2019investissent \u00e9norm\u00e9ment\u00a0\u00bb, \u00e9crivent-ils.\u00a0\u00ab\u00a0Maintenant que le risque de suppression de plusieurs centaines d\u2019emplois est \u00e9cart\u00e9 au moins pour une ann\u00e9e\u00a0\u00bb, les deux parlementaires demandent \u00e0 la Direction de Thales Alenia Space un \u00ab calendrier clair \u00bb, un dialogue \u00ab franc, permanent et durable \u00bb et une \u00ab strat\u00e9gie forte qui continue d\u2019inclure les salari\u00e9s qui font la renomm\u00e9e de l\u2019entreprise \u00bb. Et de la capitale europ\u00e9enne du spatial, Toulouse.<\/p>\n<p class=\" wall-content\">Suivez toute l\u2019actualit\u00e9 de vos villes et m\u00e9dias favoris en vous inscrivant \u00e0 <a href=\"https:\/\/moncompte.actu.fr\" title=\"D\u00e9couvez Mon Actu\" rel=\"nofollow noopener\" data-trk=\"{&quot;cta&quot;:{&quot;action&quot;:&quot;https:\\\/\\\/moncompte.actu.fr&quot;,&quot;category&quot;:&quot;mon compte&quot;,&quot;from&quot;:&quot;article footer&quot;,&quot;name&quot;:&quot;Mon actu&quot;,&quot;type&quot;:&quot;cta&quot;}}\" target=\"_blank\">Mon Actu<\/a>.<\/p>\n","protected":false},"excerpt":{"rendered":"Par Mar\u00e9va Laville Publi\u00e9 le 3 juin 2025 \u00e0 15h49 Ils n\u2019ont cess\u00e9 de manifester pendant des mois&hellip;\n","protected":false},"author":2,"featured_media":149068,"comment_status":"","ping_status":"","sticky":false,"template":"","format":"standard","meta":{"footnotes":""},"categories":[2816],"tags":[1111,11,33,386,1777,674,1011,27,12,2680,25,2312,216],"class_list":{"0":"post-149067","1":"post","2":"type-post","3":"status-publish","4":"format-standard","5":"has-post-thumbnail","7":"category-toulouse","8":"tag-actu","9":"tag-actualites","10":"tag-economie","11":"tag-espace","12":"tag-eu","13":"tag-europe","14":"tag-fr","15":"tag-france","16":"tag-news","17":"tag-occitanie","18":"tag-republique-francaise","19":"tag-toulouse","20":"tag-vie-des-entreprises"},"share_on_mastodon":{"url":"https:\/\/pubeurope.com\/@fr\/114619806193836563","error":""},"_links":{"self":[{"href":"https:\/\/www.europesays.com\/fr\/wp-json\/wp\/v2\/posts\/149067","targetHints":{"allow":["GET"]}}],"collection":[{"href":"https:\/\/www.europesays.com\/fr\/wp-json\/wp\/v2\/posts"}],"about":[{"href":"https:\/\/www.europesays.com\/fr\/wp-json\/wp\/v2\/types\/post"}],"author":[{"embeddable":true,"href":"https:\/\/www.europesays.com\/fr\/wp-json\/wp\/v2\/users\/2"}],"replies":[{"embeddable":true,"href":"https:\/\/www.europesays.com\/fr\/wp-json\/wp\/v2\/comments?post=149067"}],"version-history":[{"count":0,"href":"https:\/\/www.europesays.com\/fr\/wp-json\/wp\/v2\/posts\/149067\/revisions"}],"wp:featuredmedia":[{"embeddable":true,"href":"https:\/\/www.europesays.com\/fr\/wp-json\/wp\/v2\/media\/149068"}],"wp:attachment":[{"href":"https:\/\/www.europesays.com\/fr\/wp-json\/wp\/v2\/media?parent=149067"}],"wp:term":[{"taxonomy":"category","embeddable":true,"href":"https:\/\/www.europesays.com\/fr\/wp-json\/wp\/v2\/categories?post=149067"},{"taxonomy":"post_tag","embeddable":true,"href":"https:\/\/www.europesays.com\/fr\/wp-json\/wp\/v2\/tags?post=149067"}],"curies":[{"name":"wp","href":"https:\/\/api.w.org\/{rel}","templated":true}]}}