{"id":149071,"date":"2025-06-03T14:04:27","date_gmt":"2025-06-03T14:04:27","guid":{"rendered":"https:\/\/www.europesays.com\/fr\/149071\/"},"modified":"2025-06-03T14:04:27","modified_gmt":"2025-06-03T14:04:27","slug":"parcoursup-trop-puissant-lex-directeur-de-sciences-po-lille-tire-la-sonnette-dalarme","status":"publish","type":"post","link":"https:\/\/www.europesays.com\/fr\/149071\/","title":{"rendered":"Parcoursup trop puissant ? L&rsquo;ex-directeur de Sciences Po Lille tire la sonnette d&rsquo;alarme"},"content":{"rendered":"<p class=\"articleHead-lead\">\n            Alors que les premiers r\u00e9sultats de Parcoursup sont tomb\u00e9s lundi soir, l&rsquo;ex-directeur de Sciences Po Lille, Pierre Mathiot, alerte sur le d\u00e9s\u00e9quilibre croissant entre le bac et la plateforme d\u2019acc\u00e8s \u00e0 l&rsquo;enseignement sup\u00e9rieur.\n        <\/p>\n<p>            <img decoding=\"async\"  src=\"https:\/\/www.europesays.com\/fr\/wp-content\/uploads\/2025\/06\/1748959467_989_picture.jpg\"  class=\"apply-ratio\" alt=\"L'ex-directeur de Sciences Po Lille, Pierre Mathiot, s'inqui\u00e8te de la mont\u00e9e en puissance de Parcoursup par rapport au baccalaur\u00e9at.\"\/><\/p>\n<p>\n                                            \u00a9 HJBC\/Adobe Stock<\/p>\n<p>                                             &#8211; L&rsquo;ex-directeur de Sciences Po Lille, Pierre Mathiot, s&rsquo;inqui\u00e8te de la mont\u00e9e en puissance de Parcoursup par rapport au baccalaur\u00e9at.\n                                    <\/p>\n<ul class=\"articleMainFollow-list\">\n<li class=\"articleMainFollow-item\">\n<p>                        Sauvegarder<\/p>\n<p>                        Sauvegard\u00e9<\/p>\n<\/li>\n<li class=\"articleMainFollow-item\">\n<\/li>\n<\/ul>\n<p>\n                    Recevoir les alertes Baccalaur\u00e9at\n                <\/p>\n<p>Soulagement ou d\u00e9ception pour pr\u00e8s d\u2019un million de <a href=\"https:\/\/www.capital.fr\/economie-politique\/lyceens-collegiens-voici-les-changements-qui-vous-attendent-des-2026-1505304\" target=\"_blank\" rel=\"noopener\">lyc\u00e9ens<\/a> : ils ont re\u00e7u, dans la soir\u00e9e de ce lundi 2 juin, les premi\u00e8res r\u00e9ponses \u00e0 leurs v\u0153ux post-bac sur <a href=\"https:\/\/www.capital.fr\/votre-carriere\/parcoursup-dates-inscription-calendrier-1405694\" target=\"_blank\" rel=\"noopener\">Parcoursup<\/a>. Cette phase d&rsquo;admission principale leur permet de valider imm\u00e9diatement une formation sup\u00e9rieure accept\u00e9e, de patienter s&rsquo;ils sont sur liste d&rsquo;attente, ou encore de classer leurs v\u0153ux obtenus par ordre de pr\u00e9f\u00e9rence. Mais la plateforme d\u2019acc\u00e8s \u00e0 l\u2019enseignement sup\u00e9rieur, lanc\u00e9e en 2018, ne fait pas l\u2019unanimit\u00e9.<\/p>\n<p>Invit\u00e9 sur France Inter ce lundi, Pierre Mathiot, ancien directeur de Sciences Po Lille, a vivement critiqu\u00e9 l&rsquo;outil d&rsquo;orientation des lyc\u00e9ens : \u00abEn d\u00e9connectant Parcoursup du baccalaur\u00e9at <strong>on a donn\u00e9 &lsquo;les clefs du camion&rsquo;<\/strong>, passez-moi l&rsquo;expression, \u00e0 Parcoursup par rapport au bac\u00bb, a-t-il alert\u00e9, comme le rapporte <a href=\"https:\/\/www.franceinfo.fr\/societe\/education\/parcoursup\/parcoursup\/parcoursup-a-trop-de-puissance-par-rapport-au-bac-s-inquiete-l-ancien-directeur-de-sciences-po-lille_7286940.html\" target=\"_blank\" rel=\"nofollow noopener\">Franceinfo<\/a>. Charg\u00e9 en 2017 par Jean-Michel Blanquer, alors ministre de l&rsquo;Education nationale, de piloter la<a href=\"https:\/\/www.capital.fr\/economie-politique\/la-reforme-du-bac-et-du-lycee-les-principaux-points-de-changement-1272036\" target=\"_blank\" rel=\"noopener\"> r\u00e9forme du baccalaur\u00e9at<\/a>, Pierre Mathiot s&rsquo;inqui\u00e8te aujourd\u2019hui de la mont\u00e9e en puissance de Parcoursup. Selon lui, le calendrier pose question puisque \u00ables quatre \u00e9preuves du mois de juin, les deux \u00e9preuves de sp\u00e9cialit\u00e9, le grand oral et la philosophie, se passent apr\u00e8s Parcoursup\u00bb.<\/p>\n<p>        \u00c0 lire aussi :<br \/>\n        <a class=\"articleToRead-link\" href=\"https:\/\/www.capital.fr\/economie-politique\/parcoursup-la-phase-dadmission-souvre-le-2-juin-suivez-le-mode-demploi-1514401\" data-wide=\"\" target=\"_blank\" rel=\"noopener\"><br \/>\n            Parcoursup : la phase d\u2019admission s\u2019ouvre le 2 juin, voici le mode d\u2019emploi<br \/>\n        <\/a><\/p>\n<p>L\u2019avenir du bac en question<\/p>\n<p>Au moment o\u00f9 les \u00e9preuves d\u00e9butent, \u00abla plupart des \u00e9l\u00e8ves qui viennent les passer savent, en gros, o\u00f9 ils vont \u00eatre l&rsquo;ann\u00e9e suivante\u00bb, souligne-t-il. \u00abEt c&rsquo;est \u00e7a qui accentue, \u00e0 mon sens,<strong> la puissance de Parcoursup par rapport au bac<\/strong>.\u00bb L&rsquo;ex-directeur de Sciences Po Lille craint par ailleurs que, \u00abdans les ann\u00e9es qui viennent\u00bb, un ministre en vienne \u00e0 s\u2019interroger : \u00ab\u00e0 quoi \u00e7a sert d&rsquo;organiser toutes ces \u00e9preuves, de d\u00e9penser autant d&rsquo;argent et de perturber le fonctionnement des lyc\u00e9es de mani\u00e8re aussi longue ?\u00bb.<\/p>\n<p>Pour Pierre Mathiot, le bac doit conserver sa valeur. Supprimer les \u00e9preuves finales au profit du seul contr\u00f4le continu \u2014 qui compte d\u00e9j\u00e0 pour 40% de la note finale du bac \u2014 et admettre les \u00e9l\u00e8ves dans le sup\u00e9rieur sur simple souhait, serait une erreur. <strong>\u00abLa France y perdrait quelque chose\u00bb<\/strong>, conclut-il.<\/p>\n<p>        Recevez nos derni\u00e8res news<\/p>\n<p>        Tous les jours, la s\u00e9lection des <b>principales infos<\/b> de la journ\u00e9e.<\/p>\n","protected":false},"excerpt":{"rendered":"Alors que les premiers r\u00e9sultats de Parcoursup sont tomb\u00e9s lundi soir, l&rsquo;ex-directeur de Sciences Po Lille, Pierre Mathiot,&hellip;\n","protected":false},"author":2,"featured_media":149072,"comment_status":"","ping_status":"","sticky":false,"template":"","format":"standard","meta":{"footnotes":""},"categories":[2815],"tags":[1111,11,27838,9614,1777,674,1011,27,811,1307,12,25,11084,14713],"class_list":{"0":"post-149071","1":"post","2":"type-post","3":"status-publish","4":"format-standard","5":"has-post-thumbnail","7":"category-lille","8":"tag-actu","9":"tag-actualites","10":"tag-baccalauru00e9at","11":"tag-enseignement","12":"tag-eu","13":"tag-europe","14":"tag-fr","15":"tag-france","16":"tag-hauts-de-france","17":"tag-lille","18":"tag-news","19":"tag-republique-francaise","20":"tag-u00e9ducation","21":"tag-universitu00e9"},"share_on_mastodon":{"url":"https:\/\/pubeurope.com\/@fr\/114619814087316245","error":""},"_links":{"self":[{"href":"https:\/\/www.europesays.com\/fr\/wp-json\/wp\/v2\/posts\/149071","targetHints":{"allow":["GET"]}}],"collection":[{"href":"https:\/\/www.europesays.com\/fr\/wp-json\/wp\/v2\/posts"}],"about":[{"href":"https:\/\/www.europesays.com\/fr\/wp-json\/wp\/v2\/types\/post"}],"author":[{"embeddable":true,"href":"https:\/\/www.europesays.com\/fr\/wp-json\/wp\/v2\/users\/2"}],"replies":[{"embeddable":true,"href":"https:\/\/www.europesays.com\/fr\/wp-json\/wp\/v2\/comments?post=149071"}],"version-history":[{"count":0,"href":"https:\/\/www.europesays.com\/fr\/wp-json\/wp\/v2\/posts\/149071\/revisions"}],"wp:featuredmedia":[{"embeddable":true,"href":"https:\/\/www.europesays.com\/fr\/wp-json\/wp\/v2\/media\/149072"}],"wp:attachment":[{"href":"https:\/\/www.europesays.com\/fr\/wp-json\/wp\/v2\/media?parent=149071"}],"wp:term":[{"taxonomy":"category","embeddable":true,"href":"https:\/\/www.europesays.com\/fr\/wp-json\/wp\/v2\/categories?post=149071"},{"taxonomy":"post_tag","embeddable":true,"href":"https:\/\/www.europesays.com\/fr\/wp-json\/wp\/v2\/tags?post=149071"}],"curies":[{"name":"wp","href":"https:\/\/api.w.org\/{rel}","templated":true}]}}