{"id":149084,"date":"2025-06-03T14:11:10","date_gmt":"2025-06-03T14:11:10","guid":{"rendered":"https:\/\/www.europesays.com\/fr\/149084\/"},"modified":"2025-06-03T14:11:10","modified_gmt":"2025-06-03T14:11:10","slug":"la-ville-de-paris-doit-trouver-10-milliards-deuros-pour-financer-son-plan-climat","status":"publish","type":"post","link":"https:\/\/www.europesays.com\/fr\/149084\/","title":{"rendered":"La ville de Paris doit trouver 10\u00a0milliards d\u2019euros pour financer son plan climat"},"content":{"rendered":"<p>Ambitieux et radical\u2026 mais non financ\u00e9 ! Dans le cadre du dixi\u00e8me anniversaire de l\u2019accord de Paris, l\u2019Observatoire fran\u00e7ais des conjonctures \u00e9conomiques (OFCE) a pr\u00e9sent\u00e9, le 5 mai \u00e0 l\u2019h\u00f4tel de ville de Paris, les r\u00e9sultats d\u2019une \u00e9tude sur les impacts \u00e9conomiques et financiers du plan climat 2024-2030 de la capitale. Des objectifs \u00e0 hauteur de 2 milliards d\u2019euros annuels, \u00e0 financer par la ville, les entreprises et les m\u00e9nages.<\/p>\n<p>Si les experts estiment les b\u00e9n\u00e9fices \u00ab importants \u00bb avec une r\u00e9duction de 50 % des \u00e9missions de CO2 \u00ab atteignable \u00bb, ils pointent aussi du doigt la n\u00e9cessit\u00e9 d\u2019une coordination avec l\u2019\u00c9tat et d\u2019une articulation des transports avec la r\u00e9gion. Pour Xavier Timbeau, directeur de l\u2019OFCE, le financement est bien \u00ab un obstacle \u00bb \u00e0 la mise en \u0153uvre r\u00e9ussie du &#8230;<\/p>\n<p class=\"blocCut__title\">\n\t\t\t\t\t\t\t\t\t[80% reste \u00e0 lire]\n\t\t\t\t\t\t\t<\/p>\n<p class=\"blocCut__title--type2\">Article r\u00e9serv\u00e9 aux abonn\u00e9s<\/p>\n<p class=\"blocCut__title--type3\">Club Finances<\/p>\n<p class=\"blocCut__title--type2\">VOUS N&rsquo;\u00eaTES PAS ABONN\u00e9 ?<\/p>\n<p class=\"blocCut__title--type4\">Testez notre Offre D\u00e9couverte Club finances pendant 15 jours<\/p>\n<p>\t\t\t\t\t\t\t\t<a href=\"https:\/\/www.abonnement.infopro-digital.com\/club-finances\/inscription\/227\/1726#xtor=CS5-313-[site_paywall]-[https:\/\/www.lagazettedescommunes.com\/984560\/la-ville-de-paris-doit-trouver-10-milliards-deuros-pour-son-plan-climat\/]-[page_article]-[a]\" target=\"_blank\" class=\"btn__full buttonTypeA buttonTypeA--1\" rel=\"noopener\">J\u2019en profite<\/a><\/p>\n","protected":false},"excerpt":{"rendered":"Ambitieux et radical\u2026 mais non financ\u00e9 ! Dans le cadre du dixi\u00e8me anniversaire de l\u2019accord de Paris, l\u2019Observatoire&hellip;\n","protected":false},"author":2,"featured_media":149085,"comment_status":"","ping_status":"","sticky":false,"template":"","format":"standard","meta":{"footnotes":""},"categories":[1888],"tags":[25583,1111,1928,2348,47,11,1927,2346,27841,2345,1777,674,1011,27,12,1926,626,1925,27842,25,2347],"class_list":{"0":"post-149084","1":"post","2":"type-post","3":"status-publish","4":"format-standard","5":"has-post-thumbnail","7":"category-paris","8":"tag-a-la-une-finances","9":"tag-actu","10":"tag-actu-paris","11":"tag-actu-experts-finances","12":"tag-actualite","13":"tag-actualites","14":"tag-actualites-paris","15":"tag-actualites-finances","16":"tag-budget-vert","17":"tag-club-finances","18":"tag-eu","19":"tag-europe","20":"tag-fr","21":"tag-france","22":"tag-news","23":"tag-news-paris","24":"tag-paris","25":"tag-paris-news","26":"tag-pascaletessier","27":"tag-republique-francaise","28":"tag-toute-lactu-finances"},"share_on_mastodon":{"url":"https:\/\/pubeurope.com\/@fr\/114619841526212520","error":""},"_links":{"self":[{"href":"https:\/\/www.europesays.com\/fr\/wp-json\/wp\/v2\/posts\/149084","targetHints":{"allow":["GET"]}}],"collection":[{"href":"https:\/\/www.europesays.com\/fr\/wp-json\/wp\/v2\/posts"}],"about":[{"href":"https:\/\/www.europesays.com\/fr\/wp-json\/wp\/v2\/types\/post"}],"author":[{"embeddable":true,"href":"https:\/\/www.europesays.com\/fr\/wp-json\/wp\/v2\/users\/2"}],"replies":[{"embeddable":true,"href":"https:\/\/www.europesays.com\/fr\/wp-json\/wp\/v2\/comments?post=149084"}],"version-history":[{"count":0,"href":"https:\/\/www.europesays.com\/fr\/wp-json\/wp\/v2\/posts\/149084\/revisions"}],"wp:featuredmedia":[{"embeddable":true,"href":"https:\/\/www.europesays.com\/fr\/wp-json\/wp\/v2\/media\/149085"}],"wp:attachment":[{"href":"https:\/\/www.europesays.com\/fr\/wp-json\/wp\/v2\/media?parent=149084"}],"wp:term":[{"taxonomy":"category","embeddable":true,"href":"https:\/\/www.europesays.com\/fr\/wp-json\/wp\/v2\/categories?post=149084"},{"taxonomy":"post_tag","embeddable":true,"href":"https:\/\/www.europesays.com\/fr\/wp-json\/wp\/v2\/tags?post=149084"}],"curies":[{"name":"wp","href":"https:\/\/api.w.org\/{rel}","templated":true}]}}