{"id":149114,"date":"2025-06-03T14:28:10","date_gmt":"2025-06-03T14:28:10","guid":{"rendered":"https:\/\/www.europesays.com\/fr\/149114\/"},"modified":"2025-06-03T14:28:10","modified_gmt":"2025-06-03T14:28:10","slug":"roland-garros-alexander-zverev-avant-daffronter-novak-djokovic-en-quarts-de-finale-jattends-ce-match-avec-impatience-car-cest-toujours-un-privilege-detre-sur-le-court-avec-lui","status":"publish","type":"post","link":"https:\/\/www.europesays.com\/fr\/149114\/","title":{"rendered":"Roland Garros > Alexander Zverev avant d&rsquo;affronter Novak Djokovic en quarts de finale : \u00ab\u00a0J&rsquo;attends ce match avec impatience car c&rsquo;est toujours un privil\u00e8ge d&rsquo;\u00eatre sur le\u00a0court\u00a0avec\u00a0lui\u00a0\u00bb"},"content":{"rendered":"<p>Le quart de finale de Roland\u2010Garros, qui oppo\u00adsera Alexander Zverev et Novak Djokovic, a comme un go\u00fbt de d\u00e9j\u00e0 vu. Si l\u2019on remonte \u00e0 2019, le Serbe l\u2019emportait en trois sets (7\u22125, 6\u20132, 6\u20132), sans trop broncher.\u00a0<\/p>\n<p>Mais six ans plus tard, l\u2019Allemand semble bien plus confiant en conf\u00e9\u00adrence de presse. Si le cham\u00adpion olym\u00adpique s\u2019ap\u00adproche dange\u00adreu\u00adse\u00adment de la fin de sa carri\u00e8re, le num\u00e9ro 3 mondial compte bien saisir sa chance, d\u2019enfin remporter un premier titre en Grand Chelem.<\/p>\n<p>Journaliste\u00a0: <strong>\u00ab\u202fVous avez d\u00e9j\u00e0 affront\u00e9 Novak en quarts de finale \u00e0 Roland\u2010Garros en 2019. Que retenez\u2010vous de ce match\u202f? Qu\u2019est\u2010ce qui a chang\u00e9 dep<\/strong><strong>uis\u202f?\u202f\u00bb<\/strong><\/p>\n<p>Alexander Zverev\u00a0: <strong>\u00ab\u202fIl \u00e9tait bien meilleur que moi \u00e0 l\u2019\u00e9poque, je dirais, surtout en Grand Chelem. On a jou\u00e9 un premier set serr\u00e9, je crois, et ensuite, il m\u2019a battu assez faci\u00adle\u00adment. On a jou\u00e9 beau\u00adcoup de matchs depuis. On a disput\u00e9 des Grands Chelems depuis. On a livr\u00e9 beau\u00adcoup de batailles diffi\u00adciles. J\u2019ai remport\u00e9 beau\u00adcoup de belles victoires contre lui. J\u2019ai aussi subi beau\u00adcoup de d\u00e9faites diffi\u00adciles. Vous savez, on a une belle histoire de riva\u00adlit\u00e9, je dirais, mais oui, encore une fois, j\u2019at\u00adtends ce match avec impa\u00adtience, et c\u2019est toujours un privi\u00adl\u00e8ge d\u2019\u00eatre sur le\u00a0court\u00a0avec\u00a0lui.\u202f\u00bb<\/strong><\/p>\n<p class=\"post-published-date\" style=\"color: silver; font-size: 75%; text-align: left;\">Publi\u00e9 le mardi 3 juin 2025 \u00e0 14:14<\/p>\n","protected":false},"excerpt":{"rendered":"Le quart de finale de Roland\u2010Garros, qui oppo\u00adsera Alexander Zverev et Novak Djokovic, a comme un go\u00fbt de&hellip;\n","protected":false},"author":2,"featured_media":149115,"comment_status":"","ping_status":"","sticky":false,"template":"","format":"standard","meta":{"footnotes":""},"categories":[1415],"tags":[105,1011,27,60,1467,4542],"class_list":{"0":"post-149114","1":"post","2":"type-post","3":"status-publish","4":"format-standard","5":"has-post-thumbnail","7":"category-tennis","8":"tag-djokovic","9":"tag-fr","10":"tag-france","11":"tag-sports","12":"tag-tennis","13":"tag-zverev"},"share_on_mastodon":{"url":"https:\/\/pubeurope.com\/@fr\/114619908274895546","error":""},"_links":{"self":[{"href":"https:\/\/www.europesays.com\/fr\/wp-json\/wp\/v2\/posts\/149114","targetHints":{"allow":["GET"]}}],"collection":[{"href":"https:\/\/www.europesays.com\/fr\/wp-json\/wp\/v2\/posts"}],"about":[{"href":"https:\/\/www.europesays.com\/fr\/wp-json\/wp\/v2\/types\/post"}],"author":[{"embeddable":true,"href":"https:\/\/www.europesays.com\/fr\/wp-json\/wp\/v2\/users\/2"}],"replies":[{"embeddable":true,"href":"https:\/\/www.europesays.com\/fr\/wp-json\/wp\/v2\/comments?post=149114"}],"version-history":[{"count":0,"href":"https:\/\/www.europesays.com\/fr\/wp-json\/wp\/v2\/posts\/149114\/revisions"}],"wp:featuredmedia":[{"embeddable":true,"href":"https:\/\/www.europesays.com\/fr\/wp-json\/wp\/v2\/media\/149115"}],"wp:attachment":[{"href":"https:\/\/www.europesays.com\/fr\/wp-json\/wp\/v2\/media?parent=149114"}],"wp:term":[{"taxonomy":"category","embeddable":true,"href":"https:\/\/www.europesays.com\/fr\/wp-json\/wp\/v2\/categories?post=149114"},{"taxonomy":"post_tag","embeddable":true,"href":"https:\/\/www.europesays.com\/fr\/wp-json\/wp\/v2\/tags?post=149114"}],"curies":[{"name":"wp","href":"https:\/\/api.w.org\/{rel}","templated":true}]}}