{"id":149126,"date":"2025-06-03T14:35:09","date_gmt":"2025-06-03T14:35:09","guid":{"rendered":"https:\/\/www.europesays.com\/fr\/149126\/"},"modified":"2025-06-03T14:35:09","modified_gmt":"2025-06-03T14:35:09","slug":"les-professionnels-du-secteur-denoncent-les-nouvelles-regles","status":"publish","type":"post","link":"https:\/\/www.europesays.com\/fr\/149126\/","title":{"rendered":"les professionnels du secteur d\u00e9noncent les nouvelles r\u00e8gles"},"content":{"rendered":"<p>Ce r\u00e8glement europ\u00e9en, qui entrera en vigueur le 28 juin, obligera les marchands d\u2019art fran\u00e7ais \u00e0 fournir des documents attestant de la provenance des pi\u00e8ces venues d\u2019un pays non-membre de l\u2019UE. Ils d\u00e9noncent \u00ab\u00a0une usine \u00e0 gaz\u00a0\u00bb.<\/p>\n<p class=\"fig-paragraph\">Les marchands d\u2019art fran\u00e7ais s\u2019insurgent contre un r\u00e8glement europ\u00e9en rendant obligatoire la recherche en provenance des biens culturels import\u00e9s de pays hors de l&rsquo;UE pour lutter contre le trafic. Ils d\u00e9noncent aupr\u00e8s de l&rsquo;AFP une \u00ab\u00a0usine \u00e0 gaz\u00a0\u00bb pr\u00e9judiciable \u00e0 leur activit\u00e9.<\/p>\n<p class=\"fig-paragraph\">\u00ab\u00a0On finira par ne plus rien acheter en dehors de l&rsquo;Union europ\u00e9enne\u00a0\u00bb, s&rsquo;inqui\u00e8te Antonia Eberwein, vice-pr\u00e9sidente du Syndicat national des antiquaires (SNA). \u00ab\u00a0On risque d&rsquo;appauvrir\u00a0<a href=\"https:\/\/www.lefigaro.fr\/culture\/encheres\/archeologie-un-marche-en-voie-d-extinction-en-france-20240410\" target=\"_blank\" data-fig-type=\"Article\" rel=\"noopener\" data-gtm-custom-categorie=\"navigation\" data-gtm-custom-action=\"crossclick\" data-gtm-custom-label=\"Contextuel\" data-gtm-event=\"customEventSPE\" data-fig-domain=\"LEFIGARO\">le march\u00e9 des pi\u00e8ces arch\u00e9ologiques<\/a> \u00a0mais aussi celui des ic\u00f4nes, de l&rsquo;art pr\u00e9colombien, indien ou chinois, sans pour autant faire cesser le trafic illicite, par nature invisible et non d\u00e9clar\u00e9.\u00a0\u00bb\u00a0<\/p>\n<p class=\"fig-paragraph\">Le march\u00e9 pourrait aussi \u00ab\u00a0se reporter sur des pays comme le Royaume-Uni, les \u00c9tats-Unis, la Suisse ou l&rsquo;Asie\u00a0\u00bb, d\u00e9plore celle dont la galerie est sp\u00e9cialis\u00e9e dans la vente d&rsquo;antiquit\u00e9s \u00e9gyptiennes.<\/p>\n<p class=\"fig-body-link\">\n            \u00c0 lire aussi<br \/>\n        <a class=\"fig-body-link__link fig-premium-mark\" href=\"http:\/\/www.lefigaro.fr\/culture\/marche-de-l-art-la-ruee-vers-l-or-dans-le-triangle-d-or-parisien-20241009\" target=\"_blank\" data-fig-type=\"Article\" rel=\"noopener\" data-gtm-custom-categorie=\"navigation\" data-gtm-custom-action=\"crossclick\" data-gtm-custom-label=\"Contextuel\" data-gtm-event=\"customEventSPE\" data-fig-domain=\"LEFIGARO\">March\u00e9 de l&rsquo;art\u00a0:\u00a0la ru\u00e9e vers l\u2019or dans le triangle d\u2019or parisien<br \/>\n    <\/a>\n<\/p>\n<p>Une licence d\u2019importation pour la revente<\/p>\n<p class=\"fig-paragraph\">Ce r\u00e8glement, qui entrera en vigueur le 28 juin, doit compl\u00e9ter, via un syst\u00e8me informatique centralis\u00e9, celui de 2019 instaur\u00e9 pour lutter contre le financement du terrorisme par le trafic illicite d&rsquo;objets d&rsquo;art. Il obligera maisons de vente aux ench\u00e8res, galeristes et antiquaires europ\u00e9ens \u00e0 fournir des documents attestant de la provenance de toute pi\u00e8ce venue d&rsquo;un pays non-membre de l&rsquo;UE, afin d&rsquo;obtenir une licence d&rsquo;importation pour la revendre.<\/p>\n<p class=\"fig-paragraph\">Initialement con\u00e7ue pour les biens arch\u00e9ologiques de plus de 250 ans, cette obligation \u00ab\u00a0devient g\u00e9n\u00e9rale\u00a0\u00bb notamment pour les biens de plus de 200 ans, d\u00e9taille \u00c9douard de Lamaze, pr\u00e9sident du Conseil des maisons de vente (CMV), r\u00e9gulateur fran\u00e7ais des ench\u00e8res publiques.<\/p>\n<blockquote class=\"fig-quote&#10;    \">\n<p class=\"fig-quote__text\">Ce nouveau mot d\u2019ordre risque aussi d\u2019entra\u00eener des lourdeurs administratives et une baisse de l\u2019activit\u00e9<\/p>\n<p>            Edouard de Lamaze, pr\u00e9sident du Conseil des maisons de vente\n    <\/p><\/blockquote>\n<p class=\"fig-paragraph\">S&rsquo;il \u00ab\u00a0va renforcer la garantie de transparence pour les acheteurs et collectionneurs et le r\u00f4le des commissaires-priseurs, ce nouveau mot d&rsquo;ordre risque aussi d&rsquo;entra\u00eener des lourdeurs administratives et une baisse de l&rsquo;activit\u00e9\u00a0\u00bb, estime-t-il.<\/p>\n<p class=\"fig-paragraph\">La r\u00e9glementation va en effet obliger les quelque \u00ab\u00a0850 commissaires-priseurs des 550 maisons de vente fran\u00e7aises \u00e0 recourir syst\u00e9matiquement \u00e0 des experts pour retracer l&rsquo;historique des \u0153uvres, difficile voire impossible\u00a0\u00bb dans certains cas, \u00ab\u00a0notamment pour toutes celles h\u00e9rit\u00e9es et non document\u00e9es\u00a0\u00bb, ajoute \u00c9douard de Lamaze.<\/p>\n<p class=\"fig-paragraph\">\u00ab\u00a0On nous demande de fournir des choses qui n&rsquo;existent pas\u00a0!\u00a0\u00bb, compl\u00e8te Antonia Eberwein pour qui \u00ab\u00a0ce r\u00e8glement est absurde et d\u00e9note un manque total de connaissance de la r\u00e9alit\u00e9\u00a0\u00bb. Pour obtenir une licence d&rsquo;importation, \u00ab\u00a0il faudra aussi fournir une licence d&rsquo;exportation du pays d&rsquo;origine \u00e0 partir de documents qui n&rsquo;existent pas\u00a0\u00bb (factures, contrats d&rsquo;assurance, catalogues, d\u00e9claration sous serment de l&rsquo;exportateur&#8230;), s&rsquo;insurge-t-elle.<\/p>\n<blockquote class=\"fig-quote&#10;    \">\n<p class=\"fig-quote__text\">Il risque de p\u00e9naliser une grande partie du march\u00e9<\/p>\n<p>            Alexandre Giquello, pr\u00e9sident du groupe Drouot\n    <\/p><\/blockquote>\n<p class=\"fig-paragraph\">Alors que certains pays, comme le Mexique, \u00ab\u00a0interdisent toute exportation et revendiquent la totalit\u00e9 de leur patrimoine arch\u00e9ologique (&#8230;) tout d\u00e9pendra de (leur) bonne foi\u00a0\u00bb, rappelle \u00e9galement Alexandre Giquello, commissaire-priseur et pr\u00e9sident du groupe Drouot. Lui aussi voit \u00ab\u00a0d&rsquo;un tr\u00e8s mauvais \u0153il\u00a0\u00bb ce r\u00e8glement et pointe le \u00ab\u00a0risque de pertes \u00e9conomiques cons\u00e9quentes\u00a0\u00bb. Selon lui, \u00ab\u00a0il risque de p\u00e9naliser une grande partie du march\u00e9 en introduisant une usine \u00e0 gaz longue \u00e0 mettre en place et d&rsquo;allonger consid\u00e9rablement les d\u00e9lais\u00a0\u00bb.<\/p>\n<p class=\"fig-paragraph\">En cons\u00e9quence, \u00c9douard de Lamaze \u00ab\u00a0en appelle \u00e0 la ministre de la Culture, Rachida Dati, afin d&rsquo;aider les professionnels dans cette t\u00e2che tr\u00e8s lourde\u00a0\u00bb. Pour lui, leur responsabilit\u00e9 \u00ab\u00a0devrait \u00eatre restreinte \u00e0 une obligation de moyens et non de r\u00e9sultat\u00a0\u00bb.<\/p>\n<p>Des licences d\u2019importations d\u00e9livr\u00e9es par le minist\u00e8re<\/p>\n<p class=\"fig-paragraph\">C&rsquo;est en effet le minist\u00e8re qui aura la charge d&rsquo;autoriser les licences d&rsquo;importation dans un d\u00e9lai de 90 jours \u00e0 compter de la demande, selon un document des douanes consult\u00e9 par l&rsquo;AFP, qui pr\u00e9voit aussi des contr\u00f4les douaniers et une sanction de trois ans d&#8217;emprisonnement, la confiscation de l&rsquo;objet d&rsquo;art et une amende pouvant aller jusqu&rsquo;\u00e0 deux fois sa valeur en cas de fraude.<\/p>\n<p class=\"fig-paragraph\">Alexandre Giquello pr\u00e9conise, lui, \u00ab\u00a0d&rsquo;appliquer rigoureusement la convention de l&rsquo;Unesco de 1970\u00a0\u00bb contre le trafic illicite de biens culturels, entr\u00e9e en vigueur en 1972 et ratifi\u00e9e par quelque 140 \u00c9tats, \u00ab\u00a0qui rel\u00e8ve du droit international et non de l&rsquo;interpr\u00e9tation voire du d\u00e9tournement politique\u00a0\u00bb.<\/p>\n<p class=\"fig-paragraph\">Galeriste parisien sp\u00e9cialis\u00e9 dans la vente de pi\u00e8ces arch\u00e9ologiques du bassin m\u00e9diterran\u00e9en (Gr\u00e8ce, \u00c9gypte, Italie), David Ghezelbash n&rsquo;est en revanche \u00ab\u00a0pas inquiet\u00a0\u00bb. Op\u00e9rant \u00ab\u00a0depuis longtemps hors de l&rsquo;UE\u00a0\u00bb, il travaille \u00ab\u00a0avec nombre de mus\u00e9es am\u00e9ricains\u00a0\u00bb et \u00ab\u00a0ach\u00e8te principalement des pi\u00e8ces dont la provenance est document\u00e9e avant 1972 et qui ne sont pas sujet \u00e0 r\u00e9clamation\u00a0\u00bb. Il fait aussi r\u00e9guli\u00e8rement appel \u00e0 un expert ind\u00e9pendant \u00ab\u00a0afin de retracer l&rsquo;historique de chaque \u0153uvre, dans la mesure du possible\u00a0\u00bb.<\/p>\n<p class=\"fig-paragraph\">Selon lui, \u00ab\u00a0une zone grise\u00a0\u00bb demeure cependant \u00ab\u00a0pour tous les objets sans historique document\u00e9 avant 1972, notamment ceux provenant d&rsquo;h\u00e9ritages, qui risquent d&rsquo;\u00eatre d\u00e9cr\u00e9dibilis\u00e9s\u00a0\u00bb.<\/p>\n","protected":false},"excerpt":{"rendered":"Ce r\u00e8glement europ\u00e9en, qui entrera en vigueur le 28 juin, obligera les marchands d\u2019art fran\u00e7ais \u00e0 fournir des&hellip;\n","protected":false},"author":2,"featured_media":149127,"comment_status":"","ping_status":"","sticky":false,"template":"","format":"standard","meta":{"footnotes":""},"categories":[1358],"tags":[1348,1384,1385,1386,58,59,2087,1349,638,10449,1011,27,4463,9692,7107,626,510],"class_list":{"0":"post-149126","1":"post","2":"type-post","3":"status-publish","4":"format-standard","5":"has-post-thumbnail","7":"category-arts-et-design","8":"tag-arts","9":"tag-arts-and-design","10":"tag-arts-et-design","11":"tag-design","12":"tag-divertissement","13":"tag-entertainment","14":"tag-evenement","15":"tag-expositions","16":"tag-figaro","17":"tag-figaroscope","18":"tag-fr","19":"tag-france","20":"tag-guide","21":"tag-lieux","22":"tag-musees","23":"tag-paris","24":"tag-visite"},"share_on_mastodon":{"url":"https:\/\/pubeurope.com\/@fr\/114619935820447489","error":""},"_links":{"self":[{"href":"https:\/\/www.europesays.com\/fr\/wp-json\/wp\/v2\/posts\/149126","targetHints":{"allow":["GET"]}}],"collection":[{"href":"https:\/\/www.europesays.com\/fr\/wp-json\/wp\/v2\/posts"}],"about":[{"href":"https:\/\/www.europesays.com\/fr\/wp-json\/wp\/v2\/types\/post"}],"author":[{"embeddable":true,"href":"https:\/\/www.europesays.com\/fr\/wp-json\/wp\/v2\/users\/2"}],"replies":[{"embeddable":true,"href":"https:\/\/www.europesays.com\/fr\/wp-json\/wp\/v2\/comments?post=149126"}],"version-history":[{"count":0,"href":"https:\/\/www.europesays.com\/fr\/wp-json\/wp\/v2\/posts\/149126\/revisions"}],"wp:featuredmedia":[{"embeddable":true,"href":"https:\/\/www.europesays.com\/fr\/wp-json\/wp\/v2\/media\/149127"}],"wp:attachment":[{"href":"https:\/\/www.europesays.com\/fr\/wp-json\/wp\/v2\/media?parent=149126"}],"wp:term":[{"taxonomy":"category","embeddable":true,"href":"https:\/\/www.europesays.com\/fr\/wp-json\/wp\/v2\/categories?post=149126"},{"taxonomy":"post_tag","embeddable":true,"href":"https:\/\/www.europesays.com\/fr\/wp-json\/wp\/v2\/tags?post=149126"}],"curies":[{"name":"wp","href":"https:\/\/api.w.org\/{rel}","templated":true}]}}