{"id":149148,"date":"2025-06-03T14:46:11","date_gmt":"2025-06-03T14:46:11","guid":{"rendered":"https:\/\/www.europesays.com\/fr\/149148\/"},"modified":"2025-06-03T14:46:11","modified_gmt":"2025-06-03T14:46:11","slug":"meteo-france-place-14-departements-en-vigilance-orange-liberation","status":"publish","type":"post","link":"https:\/\/www.europesays.com\/fr\/149148\/","title":{"rendered":"M\u00e9t\u00e9o France place 14 d\u00e9partements en vigilance orange \u2013 Lib\u00e9ration"},"content":{"rendered":"<p class=\"sc-ksZaOG ehjQrN text-element\"><a href=\"https:\/\/www.liberation.fr\/societe\/des-pics-de-chaleur-jusqua-36-c-ce-vendredi-avant-des-orages-violents-20250530_Y4IFGVHYCVANLJAADQVYEE757Y\/\" target=\"_blank\" rel=\"noreferrer noopener\" title=\"https:\/\/www.liberation.fr\/societe\/des-pics-de-chaleur-jusqua-36-c-ce-vendredi-avant-des-orages-violents-20250530_Y4IFGVHYCVANLJAADQVYEE757Y\/\">Les pics de chaleur atteints lors de la derni\u00e8re semaine de mai<\/a> laissent place \u00e0 des \u00e9pisodes orageux. M\u00e9t\u00e9o France a, ce mardi 3 juin, plac\u00e9 14 d\u00e9partements en vigilance orange aux orages. Il s\u2019agit de l\u2019Ain, du Jura, de la Loire, du Rh\u00f4ne, de la Sa\u00f4ne-et-Loire, de l\u2019Allier, de la Haute-Loire, du Puy-de-D\u00f4me, du Cantal ainsi que le Tarn-et-Garonne, de la Haute-Garonne, du Gers, des Hautes-Pyr\u00e9n\u00e9es et des Pyr\u00e9n\u00e9es-Atlantiques.<\/p>\n<p class=\"sc-ksZaOG ehjQrN text-element\">Selon l\u2019institut m\u00e9t\u00e9orologique, des risques d\u2019orages forts avec gr\u00eale sont attendus dans l\u2019apr\u00e8s-midi et en soir\u00e9e, avec \u00abdes rafales de 80 \u00e0 100 km\/h\u00bb, d\u2019intenses pr\u00e9cipitations \u2013 \u00abde 20 \u00e0 40 mm en une \u00e0 trois heures\u00bb \u2013 et un risque de foudroiement important.<\/p>\n<p class=\"sc-ksZaOG ehjQrN text-element\">\u00abCe risque se maintiendra en soir\u00e9e et dans la nuit suivante surtout de l\u2019Auvergne \u00e0 l\u2019Alsace en passant par la Bourgogne-Franche-Comt\u00e9 et la Lorraine\u00bb, souligne \u00e9galement M\u00e9t\u00e9o France dans son bulletin matinal, qui pr\u00e9cise qu\u2019un \u00abaxe instable avec des averses persiste des Pyr\u00e9n\u00e9es aux fronti\u00e8res suisses\u00bb. L\u2019accalmie est attendue en milieu de nuit.<\/p>\n<p class=\"sc-ksZaOG ehjQrN text-element\">Dans le sud-ouest de l\u2019Hexagone, des orages sont attendus dans la soir\u00e9e, vers 19 heures, avec des \u00abpluies tr\u00e8s abondantes\u00bb, souligne M\u00e9t\u00e9o-France.<\/p>\n<p class=\"sc-ksZaOG ehjQrN text-element\">Dimanche 1er et lundi 2 juin, <a href=\"https:\/\/www.liberation.fr\/environnement\/climat\/orages-dix-departements-du-centre-est-places-en-vigilance-orange-20250601_XR4JNCYMSBFILM6YEWFRO6EDKE\/\" target=\"_blank\" rel=\"noreferrer noopener\" title=\"https:\/\/www.liberation.fr\/environnement\/climat\/orages-dix-departements-du-centre-est-places-en-vigilance-orange-20250601_XR4JNCYMSBFILM6YEWFRO6EDKE\/\">des averses orageuses<\/a> avaient d\u00e9j\u00e0 travers\u00e9 l\u2019Hexagone et provoqu\u00e9 des d\u00e9g\u00e2ts importants. Plus de 1 500 foyers avaient alors \u00e9t\u00e9 priv\u00e9s d\u2019\u00e9lectricit\u00e9 dans le Puy-de-D\u00f4me, d\u00e9partement frapp\u00e9 par un orage \u00absupercellulaire\u00bb, c\u2019est-\u00e0-dire le type d\u2019orage le plus violent et le plus d\u00e9vastateur. M\u00e9t\u00e9o France explique que ce type d\u2019orage est constitu\u00e9 d\u2019une seule cellule orageuse, mais de plus grande taille (typiquement 20 \u00e0 40 km) au c\u0153ur de laquelle on trouve un puissant courant ascendant en rotation.<\/p>\n<p class=\"sc-ksZaOG ehjQrN text-element\"><b>Mise \u00e0 jour \u00e0<\/b> 12 h 44 avec les cinq d\u00e9partements du Sud-Ouest plac\u00e9s en vigilance orange.<\/p>\n","protected":false},"excerpt":{"rendered":"Les pics de chaleur atteints lors de la derni\u00e8re semaine de mai laissent place \u00e0 des \u00e9pisodes orageux.&hellip;\n","protected":false},"author":2,"featured_media":149149,"comment_status":"","ping_status":"","sticky":false,"template":"","format":"standard","meta":{"footnotes":""},"categories":[4],"tags":[11,1011,27,17410,12,25],"class_list":{"0":"post-149148","1":"post","2":"type-post","3":"status-publish","4":"format-standard","5":"has-post-thumbnail","7":"category-france","8":"tag-actualites","9":"tag-fr","10":"tag-france","11":"tag-intemperies-inondations-crues","12":"tag-news","13":"tag-republique-francaise"},"share_on_mastodon":{"url":"https:\/\/pubeurope.com\/@fr\/114619979094669442","error":""},"_links":{"self":[{"href":"https:\/\/www.europesays.com\/fr\/wp-json\/wp\/v2\/posts\/149148","targetHints":{"allow":["GET"]}}],"collection":[{"href":"https:\/\/www.europesays.com\/fr\/wp-json\/wp\/v2\/posts"}],"about":[{"href":"https:\/\/www.europesays.com\/fr\/wp-json\/wp\/v2\/types\/post"}],"author":[{"embeddable":true,"href":"https:\/\/www.europesays.com\/fr\/wp-json\/wp\/v2\/users\/2"}],"replies":[{"embeddable":true,"href":"https:\/\/www.europesays.com\/fr\/wp-json\/wp\/v2\/comments?post=149148"}],"version-history":[{"count":0,"href":"https:\/\/www.europesays.com\/fr\/wp-json\/wp\/v2\/posts\/149148\/revisions"}],"wp:featuredmedia":[{"embeddable":true,"href":"https:\/\/www.europesays.com\/fr\/wp-json\/wp\/v2\/media\/149149"}],"wp:attachment":[{"href":"https:\/\/www.europesays.com\/fr\/wp-json\/wp\/v2\/media?parent=149148"}],"wp:term":[{"taxonomy":"category","embeddable":true,"href":"https:\/\/www.europesays.com\/fr\/wp-json\/wp\/v2\/categories?post=149148"},{"taxonomy":"post_tag","embeddable":true,"href":"https:\/\/www.europesays.com\/fr\/wp-json\/wp\/v2\/tags?post=149148"}],"curies":[{"name":"wp","href":"https:\/\/api.w.org\/{rel}","templated":true}]}}